{"id":154488,"date":"2025-10-03T08:18:09","date_gmt":"2025-10-03T08:18:09","guid":{"rendered":"https:\/\/www.europesays.com\/es\/154488\/"},"modified":"2025-10-03T08:18:09","modified_gmt":"2025-10-03T08:18:09","slug":"somisa-gano-y-alcanzo-a-defensores-en-la-punta-deportes-hoy","status":"publish","type":"post","link":"https:\/\/www.europesays.com\/es\/154488\/","title":{"rendered":"Somisa gan\u00f3 y alcanz\u00f3 a Defensores en la punta \u2013 Deportes Hoy"},"content":{"rendered":"<p>\t\t\t\t\t\t\t\tSomisa gan\u00f3 y alcanz\u00f3 a Defensores en la punta<\/p>\n<p data-start=\"111\" data-end=\"344\">La novena fecha del Torneo Clausura \u201cH\u00e9ctor Storti\u201d comenz\u00f3 este jueves con un triunfo contundente de <strong data-start=\"213\" data-end=\"223\">Somisa<\/strong>, que en su cancha derrot\u00f3 a <strong data-start=\"252\" data-end=\"272\">Paran\u00e1 por 3 a 0<\/strong> y se subi\u00f3 transitoriamente a la cima de la tabla junto a Defensores.<\/p>\n<p data-start=\"346\" data-end=\"714\">Los dirigidos por <strong data-start=\"364\" data-end=\"381\">Emanuel Ojeda<\/strong> impusieron condiciones desde el arranque y abrieron el marcador a los <strong data-start=\"452\" data-end=\"484\">20 minutos del primer tiempo<\/strong> con un tanto de <strong data-start=\"501\" data-end=\"518\">Lautaro Reyes<\/strong>. Poco despu\u00e9s, a los 30\u2019, <strong data-start=\"545\" data-end=\"563\">Cristian P\u00e9rez<\/strong> ampli\u00f3 la ventaja. Ya en la segunda parte, nuevamente <strong data-start=\"618\" data-end=\"627\">P\u00e9rez<\/strong> sentenci\u00f3 la historia a los 10\u2019, redondeando una gran noche personal con un doblete.<\/p>\n<p data-start=\"346\" data-end=\"714\">\u00a0<img loading=\"lazy\" decoding=\"async\" class=\"size-medium wp-image-189934 aligncenter\" src=\"https:\/\/www.europesays.com\/es\/wp-content\/uploads\/2025\/10\/Somisa-y-Parana-Clausura-Novena-Fecha-300x225.jpg\" alt=\"\" width=\"300\" height=\"225\"  \/><\/p>\n<p data-start=\"716\" data-end=\"878\">Con este resultado, <strong data-start=\"736\" data-end=\"764\">Somisa lleg\u00f3 a 21 puntos<\/strong>, los mismos que <strong data-start=\"781\" data-end=\"795\">Defensores<\/strong>, que el domingo recibir\u00e1 a General Rojo en el partido m\u00e1s atractivo de la fecha.<\/p>\n<p>S\u00edntesis<\/p>\n<p data-start=\"895\" data-end=\"920\"><strong data-start=\"895\" data-end=\"918\">Somisa 3 \u2013 Paran\u00e1 0<\/strong><\/p>\n<ul data-start=\"921\" data-end=\"1100\">\n<li data-start=\"921\" data-end=\"955\">\n<p data-start=\"923\" data-end=\"955\"><strong data-start=\"923\" data-end=\"935\">\u00c1rbitro:<\/strong> Florencia Zalazar<\/p>\n<\/li>\n<li data-start=\"956\" data-end=\"998\">\n<p data-start=\"958\" data-end=\"998\"><strong data-start=\"958\" data-end=\"973\">Asistentes:<\/strong> Iv\u00e1n Scarinzi y Guerra<\/p>\n<\/li>\n<li data-start=\"999\" data-end=\"1064\">\n<p data-start=\"1001\" data-end=\"1064\"><strong data-start=\"1001\" data-end=\"1011\">Goles:<\/strong> PT 20\u2019 Reyes (S), 30\u2019 P\u00e9rez (S). ST 10\u2019 P\u00e9rez (S).<\/p>\n<\/li>\n<li data-start=\"1065\" data-end=\"1100\">\n<p data-start=\"1067\" data-end=\"1100\"><strong data-start=\"1067\" data-end=\"1078\">Sub-23:<\/strong> Somisa 1 \u2013 Paran\u00e1 2<\/p>\n<\/li>\n<\/ul>\n<p data-start=\"1102\" data-end=\"1310\"><strong data-start=\"1102\" data-end=\"1113\">Somisa:<\/strong> Tom\u00e1s Fehr; Cristian Carranza, Alejandro Slavin, Agust\u00edn Fuma, Thiago Gim\u00e9nez; Nicol\u00e1s Dotti, Lautaro Reyes; Joaqu\u00edn C\u00e1mpora, Nicanor Sawicz, Juan Cruz Levato; Cristian P\u00e9rez. DT: Emanuel Ojeda.<\/p>\n<p data-start=\"1312\" data-end=\"1526\"><strong data-start=\"1312\" data-end=\"1323\">Paran\u00e1:<\/strong> Marcos Actis; Bruno Garilio, Valent\u00edn Troilo, Santiago Calaggio, Leonardo Ruiz; Tamir Guti\u00e9rrez, Facundo Calaggio, Agust\u00edn Lara; Benjam\u00edn Rubio, Federico Garilio, Lautaro Nieva. DT: Fernando Stagnari.<\/p>\n<p>Lo que viene<\/p>\n<p data-start=\"1547\" data-end=\"1619\">La novena fecha continuar\u00e1 este domingo con los siguientes encuentros:<\/p>\n<ul data-start=\"1620\" data-end=\"1880\">\n<li data-start=\"1620\" data-end=\"1650\">\n<p data-start=\"1622\" data-end=\"1650\">15:30 Conesa vs. La Emilia<\/p>\n<\/li>\n<li data-start=\"1651\" data-end=\"1680\">\n<p data-start=\"1653\" data-end=\"1680\">15:30 Matienzo vs. Social<\/p>\n<\/li>\n<li data-start=\"1681\" data-end=\"1715\">\n<p data-start=\"1683\" data-end=\"1715\">15:30 San Mart\u00edn vs. Los Andes<\/p>\n<\/li>\n<li data-start=\"1716\" data-end=\"1751\">\n<p data-start=\"1718\" data-end=\"1751\">15:30 Regatas vs. 12 de Octubre<\/p>\n<\/li>\n<li data-start=\"1752\" data-end=\"1793\">\n<p data-start=\"1754\" data-end=\"1793\">15:30 Belgrano vs. F\u00fatbol San Nicol\u00e1s<\/p>\n<\/li>\n<li data-start=\"1794\" data-end=\"1831\">\n<p data-start=\"1796\" data-end=\"1831\">16:00 Defensores vs. General Rojo<\/p>\n<\/li>\n<li data-start=\"1832\" data-end=\"1880\">\n<p data-start=\"1834\" data-end=\"1880\">17:00 El Fort\u00edn vs. Argentino Oeste (en FSN)<\/p>\n<\/li>\n<\/ul>\n","protected":false},"excerpt":{"rendered":"Somisa gan\u00f3 y alcanz\u00f3 a Defensores en la punta La novena fecha del Torneo Clausura \u201cH\u00e9ctor Storti\u201d comenz\u00f3&hellip;\n","protected":false},"author":2,"featured_media":154489,"comment_status":"","ping_status":"","sticky":false,"template":"","format":"standard","meta":{"footnotes":""},"categories":[278],"tags":[376,168,25,24,375,23,167],"class_list":{"0":"post-154488","1":"post","2":"type-post","3":"status-publish","4":"format-standard","5":"has-post-thumbnail","7":"category-balonmano","8":"tag-balonmano","9":"tag-deportes","10":"tag-es","11":"tag-espana","12":"tag-handball","13":"tag-spain","14":"tag-sports"},"share_on_mastodon":{"url":"","error":""},"_links":{"self":[{"href":"https:\/\/www.europesays.com\/es\/wp-json\/wp\/v2\/posts\/154488","targetHints":{"allow":["GET"]}}],"collection":[{"href":"https:\/\/www.europesays.com\/es\/wp-json\/wp\/v2\/posts"}],"about":[{"href":"https:\/\/www.europesays.com\/es\/wp-json\/wp\/v2\/types\/post"}],"author":[{"embeddable":true,"href":"https:\/\/www.europesays.com\/es\/wp-json\/wp\/v2\/users\/2"}],"replies":[{"embeddable":true,"href":"https:\/\/www.europesays.com\/es\/wp-json\/wp\/v2\/comments?post=154488"}],"version-history":[{"count":0,"href":"https:\/\/www.europesays.com\/es\/wp-json\/wp\/v2\/posts\/154488\/revisions"}],"wp:featuredmedia":[{"embeddable":true,"href":"https:\/\/www.europesays.com\/es\/wp-json\/wp\/v2\/media\/154489"}],"wp:attachment":[{"href":"https:\/\/www.europesays.com\/es\/wp-json\/wp\/v2\/media?parent=154488"}],"wp:term":[{"taxonomy":"category","embeddable":true,"href":"https:\/\/www.europesays.com\/es\/wp-json\/wp\/v2\/categories?post=154488"},{"taxonomy":"post_tag","embeddable":true,"href":"https:\/\/www.europesays.com\/es\/wp-json\/wp\/v2\/tags?post=154488"}],"curies":[{"name":"wp","href":"https:\/\/api.w.org\/{rel}","templated":true}]}}