{"id":154492,"date":"2025-10-03T08:22:15","date_gmt":"2025-10-03T08:22:15","guid":{"rendered":"https:\/\/www.europesays.com\/es\/154492\/"},"modified":"2025-10-03T08:22:15","modified_gmt":"2025-10-03T08:22:15","slug":"roland-garros-despejo-los-rumores-al-confirmar-una-medida-a-contramano-del-resto-del-circuito","status":"publish","type":"post","link":"https:\/\/www.europesays.com\/es\/154492\/","title":{"rendered":"Roland Garros despej\u00f3 los rumores al confirmar una medida a contramano del resto del circuito"},"content":{"rendered":"<p>29  de  sep, 2025, 14:20 ET<\/p>\n<p>Pese a que algunos rumores auguraban lo contrario, <strong>Roland Garros<\/strong> despej\u00f3 los rumores este lunes al confirmar que los <strong>jueces de l\u00ednea<\/strong> <strong>continuar\u00e1n <\/strong>durante la pr\u00f3xima temporada, diferenci\u00e1ndose del resto de los Grand Slams y eventos del circuito al postergar la adopci\u00f3n del sistema electr\u00f3nico.<\/p>\n<p><img class=\" lazyload lazyload\" data-image-container=\".inline-photo\" height=\"320\" width=\"570\"\/>Roland Garros se mantendr\u00e1 como el \u00fanico torneo con jueces de l\u00edneas.\u00a0AP<\/p>\n<p>\u00ab<strong>La FFT seguir\u00e1 destacando la excelencia del arbitraje franc\u00e9s, reconocido en todo el mundo, y que aporta plena satisfacci\u00f3n a la organizaci\u00f3n del torneo<\/strong>. Durante la edici\u00f3n 2025 estuvieron presentes 404 oficiales de arbitraje. Entre ellos, hab\u00eda 284 representantes franceses de todas las ligas en Francia\u00bb, asegur\u00f3 a trav\u00e9s de un comunicado el tradicional torneo franc\u00e9s, que todav\u00eda se niega a incorporar el <a href=\"https:\/\/espndeportes.espn.com\/tenis\/nota\/_\/id\/14762866\/cambios-en-el-tenis-como-es-el-nuevo-sistema-de-ojo-de-halcon-en-polvo-de-ladrillo-atp-live-electronic-line-calling\" target=\"_blank\" rel=\"nofollow noopener\">Electronic Line Calling (ELC)<\/a>, instaurado en el vigente calendario en las competencias sobre polvo de ladrillo.<\/p>\n<p>Cabe recordar que el \u00faltimo certamen grande en abrazar a la tecnolog\u00eda fue <strong><a href=\"https:\/\/espndeportes.espn.com\/tenis\/nota\/_\/id\/15363082\/como-es-el-nuevo-sistema-electronico-de-wimbledon-que-reemplazara-a-los-jueces-de-linea-grand-slam\" target=\"_blank\" rel=\"nofollow noopener\">Wimbledon<\/a><\/strong>, luego de un \u00ablargo per\u00edodo de reflexi\u00f3n y consulta\u00bb en pos de \u00abequilibrar tradici\u00f3n e innovaci\u00f3n\u00bb, seg\u00fan expres\u00f3 la directora ejecutiva del All England Club, Sally Bolton, emulando al <strong>US Open<\/strong> y al <strong>Abierto de Australia<\/strong>, los cuales hab\u00edan marcado el camino en 2021.<\/p>\n<p>Selecciones Editoriales<\/p>\n<p>2 Relacionado<\/p>\n<p>\u00ab<strong>Estos \u00e1rbitros y jueces de l\u00ednea son rigurosamente seleccionados de entre alrededor de 30.000 oficiales en Francia<\/strong>, que arbitran durante todo el a\u00f1o dentro de las ligas, comit\u00e9s departamentales y clubes afiliados a la FFT. Esta decisi\u00f3n contribuye a la singularidad del torneo Roland-Garros, que es el \u00faltimo torneo de Grand Slam que depende de jueces de l\u00ednea\u00bb, prolong\u00f3 la Federaci\u00f3n Francesa de Tenis.<\/p>\n<p>De esta manera, el evento que presenta al espa\u00f1ol <a href=\"https:\/\/espndeportes.espn.com\/tenis\/nota\/_\/id\/15286406\/alcaraz-vencio-a-sinner-en-una-maratonica-final-y-estiro-su-reinado-como-campeon-de-roland-garros-tenis\" target=\"_blank\" rel=\"nofollow noopener\">Carlos Alcaraz<\/a> y a la estadounidense <a href=\"https:\/\/espndeportes.espn.com\/tenis\/nota\/_\/id\/15282877\/coco-gauff-aryna-sabalenka-final-roland-garros-campeona-grand-slam-wta-tenis-resultado\" target=\"_blank\" rel=\"nofollow noopener\">Coco Gauff<\/a> como campeones actuales se mantendr\u00e1 <strong>alejado de las pol\u00e9micas<\/strong> en torno a la revisi\u00f3n electr\u00f3nica, a ra\u00edz de que varios jugadores de peso como <a href=\"https:\/\/espndeportes.espn.com\/tenis\/nota\/_\/id\/15071006\/la-imagen-del-dia-un-pique-en-el-celular-de-sabalenka-por-el-wta-500-de-stuttgart-mertens\" target=\"_blank\" rel=\"nofollow noopener\">Aryna Sabalenka<\/a>, <a href=\"https:\/\/espndeportes.espn.com\/tenis\/nota\/_\/id\/15105478\/zverev-madrid-open-polemica-pique-advertencia-discusion-alejandro-davidovich-fokina-atp-tenis\" target=\"_blank\" rel=\"nofollow noopener\">Alexander Zverev<\/a>, Stefanos Tsitsipas y Gael Monfils, entre otros, hab\u00edan puesto el grito en el cielo por la poca certeza en algunos fallos.<\/p>\n","protected":false},"excerpt":{"rendered":"29 de sep, 2025, 14:20 ET Pese a que algunos rumores auguraban lo contrario, Roland Garros despej\u00f3 los&hellip;\n","protected":false},"author":2,"featured_media":154493,"comment_status":"","ping_status":"","sticky":false,"template":"","format":"standard","meta":{"footnotes":""},"categories":[274],"tags":[168,25,24,23,167,327,326],"class_list":{"0":"post-154492","1":"post","2":"type-post","3":"status-publish","4":"format-standard","5":"has-post-thumbnail","7":"category-tenis","8":"tag-deportes","9":"tag-es","10":"tag-espana","11":"tag-spain","12":"tag-sports","13":"tag-tenis","14":"tag-tennis"},"share_on_mastodon":{"url":"","error":""},"_links":{"self":[{"href":"https:\/\/www.europesays.com\/es\/wp-json\/wp\/v2\/posts\/154492","targetHints":{"allow":["GET"]}}],"collection":[{"href":"https:\/\/www.europesays.com\/es\/wp-json\/wp\/v2\/posts"}],"about":[{"href":"https:\/\/www.europesays.com\/es\/wp-json\/wp\/v2\/types\/post"}],"author":[{"embeddable":true,"href":"https:\/\/www.europesays.com\/es\/wp-json\/wp\/v2\/users\/2"}],"replies":[{"embeddable":true,"href":"https:\/\/www.europesays.com\/es\/wp-json\/wp\/v2\/comments?post=154492"}],"version-history":[{"count":0,"href":"https:\/\/www.europesays.com\/es\/wp-json\/wp\/v2\/posts\/154492\/revisions"}],"wp:featuredmedia":[{"embeddable":true,"href":"https:\/\/www.europesays.com\/es\/wp-json\/wp\/v2\/media\/154493"}],"wp:attachment":[{"href":"https:\/\/www.europesays.com\/es\/wp-json\/wp\/v2\/media?parent=154492"}],"wp:term":[{"taxonomy":"category","embeddable":true,"href":"https:\/\/www.europesays.com\/es\/wp-json\/wp\/v2\/categories?post=154492"},{"taxonomy":"post_tag","embeddable":true,"href":"https:\/\/www.europesays.com\/es\/wp-json\/wp\/v2\/tags?post=154492"}],"curies":[{"name":"wp","href":"https:\/\/api.w.org\/{rel}","templated":true}]}}