{"id":154494,"date":"2025-10-03T08:23:08","date_gmt":"2025-10-03T08:23:08","guid":{"rendered":"https:\/\/www.europesays.com\/es\/154494\/"},"modified":"2025-10-03T08:23:08","modified_gmt":"2025-10-03T08:23:08","slug":"campeonato-de-europa-federica-venturelli-oro-en-la-contrarreloj-sub-23-esciclismo","status":"publish","type":"post","link":"https:\/\/www.europesays.com\/es\/154494\/","title":{"rendered":"Campeonato de Europa: Federica Venturelli oro en la contrarreloj sub-23 &#8211; Esciclismo"},"content":{"rendered":"<ol>\n<li><a href=\"https:\/\/news.google.com\/rss\/articles\/CBMiakFVX3lxTE1CZ3dlYTQzNVIwTzAtdFpzYnZlOGwtQm9KYWNHdU81VzdqZkRUMkVzdnlLcC1vSF9NZTZlczh1QlViQ1RyTkxYMUxQc0pXUnJrNEFsa3NxUERzZERZSDFyeEpLQ2dTeXRxSkE?oc=5\" target=\"_blank\" rel=\"nofollow noopener\">Campeonato de Europa: Federica Venturelli oro en la contrarreloj sub-23<\/a>&nbsp;&nbsp;Esciclismo<\/li>\n<li><a href=\"https:\/\/news.google.com\/rss\/articles\/CBMirAFBVV95cUxQLUhoOEh6VVI5Z2VRWnVNdFMwcE1lalk1NVhmNmxiQnBwVzlyMGVHcGI3X1hsVU9ZMW1GcC11SDlDOU5QODNHaFl2LWVlSGMwZjdrOUgtVHM3RlpiQmhoTFB3aVFUSXFJdk53bGNSeVpVdEZza0dwenVQLWU2X19TUDZsS2hZWERGRW5aZzEwTFF0eUFUaFFFUk1yX3lNNm9ibVJOTDJYVDAtMzVP0gGsAUFVX3lxTE5YMFpVekFETjhVbzhjRHZnbzV3c01UVk15Z2hDRnVfS0FQQmhCX05NX1ZxNUptN25wVkFNWktsWVo3UGxjc0NQS19VNk1HeTlvMnIxZzFRMHZIZjRBa2x3QVdyVlN6T0tMWGpyMjIxaS00QzNDblNlSzgyV3U4aE1oTEdHaXVYQ0pXZVRFWEtYZzBlTXQxUEdNNW9mYnBTX0xGRGpURy1Tc0NSeV8?oc=5\" target=\"_blank\" rel=\"nofollow noopener\">E\u00f1aut Urkaregi, H\u00e9ctor \u00c1lvarez y Paula Blasi, en el top 10 de Europa contra el crono<\/a>&nbsp;&nbsp;MARCA<\/li>\n<li><a href=\"https:\/\/news.google.com\/rss\/articles\/CBMiakFVX3lxTE5iQjNicFU0Q1NiYTJLUDVkMjBCY1RoT1hwazNzS0RXMlVoSWdjMDA3WGJJNHBLZFU3ZXdlZlVLV0FtQ3BZOUtlZVdsUGJ0QWVjOG9TMnVYVHFaNTRBcUpiZ2NEOThMMVp5UkE?oc=5\" target=\"_blank\" rel=\"nofollow noopener\">Campeonato de Europa: Jonathan Vervenne logra el oro en la contrarreloj sub-23<\/a>&nbsp;&nbsp;Esciclismo<\/li>\n<li><a href=\"https:\/\/news.google.com\/rss\/articles\/CBMidEFVX3lxTE1fVEZNc3UyWjlhMlZTTHJiNGFNemI1eE5ueEhnRFpWeHJXVVNPeXB1OENuSEYxRFpJekRxZFB1bWp3OUNvQ1NmNEpWbVdLZGwtWnlIQTEtNDJhcEliNF9JVmhIcVRkVWN6NDRJVkZFclhUTVVT?oc=5\" target=\"_blank\" rel=\"nofollow noopener\">Europeo CRI sub-23 (F): Venturelli arrebata el oro a Ahtosalo<\/a>&nbsp;&nbsp;Ciclo21<\/li>\n<li><a href=\"https:\/\/news.google.com\/rss\/articles\/CBMiakFVX3lxTE91VXNOR1FHWURmTXM2cFlfVkNQZzd5QlpDRXA1cXloTU1uS2JNc1RKLXNaNEFZN09sanRLVWlyQTVxOVFKTGtXdy02dnlBNXlFajl3bHBhWE5oaVdUUHlYamhuRThWX05pS1E?oc=5\" target=\"_blank\" rel=\"nofollow noopener\">Clasificaciones completas de la contrarreloj sub-23 femenina del Campeonato de Europa 2025<\/a>&nbsp;&nbsp;Esciclismo<\/li>\n<\/ol>\n","protected":false},"excerpt":{"rendered":"Campeonato de Europa: Federica Venturelli oro en la contrarreloj sub-23&nbsp;&nbsp;Esciclismo E\u00f1aut Urkaregi, H\u00e9ctor \u00c1lvarez y Paula Blasi, en&hellip;\n","protected":false},"author":2,"featured_media":154495,"comment_status":"","ping_status":"","sticky":false,"template":"","format":"standard","meta":{"footnotes":""},"categories":[273],"tags":[313,1757,312,168,25,24,46439,1741,1783,23,167,46440],"class_list":{"0":"post-154494","1":"post","2":"type-post","3":"status-publish","4":"format-standard","5":"has-post-thumbnail","7":"category-ciclismo","8":"tag-ciclismo","9":"tag-ciclista","10":"tag-cycling","11":"tag-deportes","12":"tag-es","13":"tag-espana","14":"tag-federica","15":"tag-italiana","16":"tag-la","17":"tag-spain","18":"tag-sports","19":"tag-venturelli"},"share_on_mastodon":{"url":"","error":""},"_links":{"self":[{"href":"https:\/\/www.europesays.com\/es\/wp-json\/wp\/v2\/posts\/154494","targetHints":{"allow":["GET"]}}],"collection":[{"href":"https:\/\/www.europesays.com\/es\/wp-json\/wp\/v2\/posts"}],"about":[{"href":"https:\/\/www.europesays.com\/es\/wp-json\/wp\/v2\/types\/post"}],"author":[{"embeddable":true,"href":"https:\/\/www.europesays.com\/es\/wp-json\/wp\/v2\/users\/2"}],"replies":[{"embeddable":true,"href":"https:\/\/www.europesays.com\/es\/wp-json\/wp\/v2\/comments?post=154494"}],"version-history":[{"count":0,"href":"https:\/\/www.europesays.com\/es\/wp-json\/wp\/v2\/posts\/154494\/revisions"}],"wp:featuredmedia":[{"embeddable":true,"href":"https:\/\/www.europesays.com\/es\/wp-json\/wp\/v2\/media\/154495"}],"wp:attachment":[{"href":"https:\/\/www.europesays.com\/es\/wp-json\/wp\/v2\/media?parent=154494"}],"wp:term":[{"taxonomy":"category","embeddable":true,"href":"https:\/\/www.europesays.com\/es\/wp-json\/wp\/v2\/categories?post=154494"},{"taxonomy":"post_tag","embeddable":true,"href":"https:\/\/www.europesays.com\/es\/wp-json\/wp\/v2\/tags?post=154494"}],"curies":[{"name":"wp","href":"https:\/\/api.w.org\/{rel}","templated":true}]}}