{"id":154498,"date":"2025-10-03T08:25:19","date_gmt":"2025-10-03T08:25:19","guid":{"rendered":"https:\/\/www.europesays.com\/es\/154498\/"},"modified":"2025-10-03T08:25:19","modified_gmt":"2025-10-03T08:25:19","slug":"anna-montanana-sobre-la-nueva-temporada-de-avenida-la-palabra-es-ambicion","status":"publish","type":"post","link":"https:\/\/www.europesays.com\/es\/154498\/","title":{"rendered":"Anna Monta\u00f1ana, sobre la nueva temporada de Avenida: \u00abLa palabra es ambici\u00f3n\u00bb"},"content":{"rendered":"<p data-gtm-element-container=\"modulo-texto-link\" class=\"paragraph\"><strong>Anna Monta\u00f1ana<\/strong>, que dirige por segunda temporada al\u00a0 Perfumer\u00edas Avenida desde el banquillo,<strong>\u00a0<\/strong>y la nueva capitana <strong>Andrea Vilar\u00f3<\/strong>, que toma el brazalete en su s\u00e9ptima campa\u00f1a, hablan del nuevo proyecto de equipo. \u00abLa palabra es ambici\u00f3n\u00bb, se\u00f1ala la entrenadora.\u00a0<\/p>\n<p data-gtm-element-container=\"modulo-texto-link\" class=\"paragraph\"><strong>Pregunta para Anna Monta\u00f1ana: \u00bfc\u00f3mo ve a su equipo para este nuevo curso y c\u00f3mo afronta como t\u00e9cnico este a\u00f1o?\u00a0<\/strong><\/p>\n<p data-gtm-element-container=\"modulo-texto-link\" class=\"paragraph\">Respuesta- Es un grupo muy ilusionante, con capacidad de trabajo y con un d\u00eda a d\u00eda muy bueno, donde todo el mundo est\u00e1 poniendo el m\u00e1ximo para poder llegar a los objetivos y, a partir de ah\u00ed, vamos mucho al d\u00eda a d\u00eda.\u00a0Estoy muy contenta con el equipo y quiero mantener esta ambici\u00f3n para lo que queremos formar.<\/p>\n<p data-gtm-element-container=\"modulo-texto-link\" class=\"paragraph\"><strong>P- \u00bfSe puede hablar de Avenida como candidato de nuevo a todo?\u00a0<\/strong> <strong>R<\/strong>&#8211; La palabra es ambici\u00f3n, ya la he dicho antes y no la quiero dejar de decir porque queremos ser el mejor equipo que podamos ser. Y s\u00ed, nos gustar\u00eda que Avenida volviera a estar peleando. El otro d\u00eda hicimos un partido en el que remontamos dos veces Y pudimos ver un equipo combativo, s\u00f3lido y guerrero.\u00a0Las reglas del juego han cambiado poco a poco, ahora estamos en otro punto y tenemos que ser realistas con esto. Queremos estar ah\u00ed y el proceso es m\u00e1s largo que otros a\u00f1os.<\/p>\n<p data-gtm-element-container=\"modulo-texto-link\" class=\"paragraph\"><strong>P &#8211; \u00bfCu\u00e1nto valor tiene la Eurocup? Su presidente la tiene en alta estima a esta competici\u00f3n.<\/strong><\/p>\n<p data-gtm-element-container=\"modulo-texto-link\" class=\"paragraph\"><strong>R <\/strong>&#8211; El presidente, las jugadoras, la entrenadora, el cuerpo t\u00e9cnico, todos tenemos mucha hambre de esa Eurocup. Para m\u00ed la mentalidad no var\u00eda si jugando Eurocup o jugando Euroliga. Tenemos que transmitir lo mismo y crear lo mismo.\u00a0Todo el mundo quiere jugar en la Euroliga, pero la competici\u00f3n nos ha puesto a jugar Eurocup y nosotros nos la tomamos con maxim\u00edsima importancia.<\/p>\n<p>                <img loading=\"lazy\" decoding=\"async\" data-full-src=\"https:\/\/www.mundodeportivo.com\/uploads\/2024\/03\/21\/65fc43705dfcd.png\" alt=\"La entrenadora Anna Monta\u00f1ana, en una imagen reciente\" width=\"449\" height=\"290\" src=\"https:\/\/www.europesays.com\/es\/wp-content\/uploads\/2025\/10\/65fc43705dfcd.png\" class=\"lazy\"\/><\/p>\n<p class=\"caption-title \">La entrenadora Anna Monta\u00f1ana, dando indicaciones y apoyando a su equipo<\/p>\n<p>                    GBB<\/p>\n<p data-gtm-element-container=\"modulo-texto-link\" class=\"paragraph\"><strong>P- \u00bfQu\u00e9 objetivos se marca Anna Monta\u00f1ana para esta 25\/26? \u00bfUna predicci\u00f3n?<\/strong><\/p>\n<p data-gtm-element-container=\"modulo-texto-link\" class=\"paragraph\"><strong>R<\/strong>&#8211; Predicci\u00f3n no, porque quiero pensar en que este equipo se est\u00e1 haciendo de otra manera y queremos ver cada partido como si fuera una final. Creo que va a ser muy importante para nosotros el construir a partir de intentar sacar victorias y mirar el techo lo m\u00e1s alto posible.\u00a0A\u00fan nos queda un largo camino.<\/p>\n<p data-gtm-element-container=\"modulo-texto-link\" class=\"paragraph\"><strong>P- \u00bfQu\u00e9 tal con tu nuevo rol y qu\u00e9 le dices a las nuevas de cara al nuevo curso?<\/strong><\/p>\n<p data-gtm-element-container=\"modulo-texto-link\" class=\"paragraph\"><strong>R<\/strong>&#8211; Afronto el rol lo mejor posible, con las m\u00e1ximas ganas, evidentemente sabiendo y habiendo aprendido mucho de todas estas jugadoras (refir\u00edendose a Silvia Dom\u00ednguez, Laura Gil o Leo Rodr\u00edguez). Cada temporada es nueva, este a\u00f1o somos muchas chicas nuevas y evidentemente vamos a necesitar un poco de tiempo.\u00a0Les intento transmitir y hacer entender c\u00f3mo funciona el club, la ciudad e intentar que nos conectemos las unas con las otras lo antes posible.<\/p>\n<p>                <img loading=\"lazy\" decoding=\"async\" data-full-src=\"https:\/\/www.mundodeportivo.com\/uploads\/2024\/04\/28\/662ea1745cee6.jpeg\" alt=\"Andrea Vilar\u00f3 celebra una acci\u00f3n durante la remontada del Avenida ante el BAXI Ferrol\" width=\"449\" height=\"667\" src=\"https:\/\/www.europesays.com\/es\/wp-content\/uploads\/2025\/10\/662ea1745cee6.r_d.750-678.jpeg\" class=\"lazy\"\/><\/p>\n<p class=\"caption-title \">Andrea Vilar\u00f3 celebra una acci\u00f3n durante la remontada del Avenida ante el BAXI Ferrol<\/p>\n<p>                    PERF. AVENIDA<\/p>\n<p data-gtm-element-container=\"modulo-texto-link\" class=\"paragraph\"><strong>P &#8211; \u00bfC\u00f3mo se prepara una temporada con tantos cambios en verano en la plantilla?\u00a0<\/strong><\/p>\n<p data-gtm-element-container=\"modulo-texto-link\" class=\"paragraph\"><strong>R<\/strong> -Lo principal es que todo el mundo ha venido con la mente muy limpia porque no viene con cosas de a\u00f1os pasados o de experiencias negativas que hemos podido vivir estos \u00faltimos a\u00f1os.<\/p>\n<p data-gtm-element-container=\"modulo-texto-link\" class=\"paragraph\">Al ser un equipo muy virgen en ese sentido ayuda a que las cosas salgan con mucha m\u00e1s naturalidad y eso s\u00ed que lo estoy notando. Ha llegado gente fresca y eso tambi\u00e9n ayuda a tener ideas nuevas y a afrontarlo con ganas.<\/p>\n<p data-gtm-element-container=\"modulo-texto-link\" class=\"paragraph\"><strong>P -\u00bfEs importante dentro del vestuario lograr la Eurocup, es un tema recurrente o aparcado?<\/strong><\/p>\n<p data-gtm-element-container=\"modulo-texto-link\" class=\"paragraph\"><strong>R<\/strong> -Bastante aparcado la verdad. Primero porque de aqu\u00ed a que puedas ganar una Eurocup faltan muchos meses y luego porque evidentemente la competici\u00f3n te pone ahora mismo en el siguiente partido y a\u00fan no hemos empezado ni la fase de grupos de Eurocup.\u00a0Paciencia evidentemente es una competici\u00f3n que nos ilusiona pero tambi\u00e9n sabiendo de la dificultad que conlleva.<\/p>\n<p>    Lee tambi\u00e9n<\/p>\n<p data-gtm-element-container=\"modulo-texto-link\" class=\"paragraph\"><strong>P- \u00bfC\u00f3mo os veis respecto al conjunto valenciano y otros como Zaragoza?<\/strong><\/p>\n<p data-gtm-element-container=\"modulo-texto-link\" class=\"paragraph\"><strong>R<\/strong>&#8211; Nos vemos con la realidad nuestra, sabemos el trabajo que hay detr\u00e1s y el trabajo que hay que hacer para intentar llegar y competir contra estas plantillas y contra estos equipos que llevan muchos a\u00f1os conjuntados, juntas. Estamos contentas porque competimos pero sabiendo que a\u00fan nos queda un largo camino.<\/p>\n<p data-gtm-element-container=\"modulo-texto-link\" class=\"paragraph\"><strong>P- \u00bfTe atreves a hacer de vidente con un pron\u00f3stico? \u00bfSiguen siendo los t\u00edtulos un objetivo?<\/strong><\/p>\n<p data-gtm-element-container=\"modulo-texto-link\" class=\"paragraph\"><strong>R<\/strong>&#8211; Intentaremos dar el m\u00e1ximo en cada partido, competirlos, que estos \u00faltimos a\u00f1os nos ha costado ser consistentes en esta regularidad de competir y a partir de ah\u00ed que la competici\u00f3n nos ponga donde nos merezcamos y ojal\u00e1 que sea luchando por t\u00edtulos pero creo que hay objetivos antes.<\/p>\n","protected":false},"excerpt":{"rendered":"Anna Monta\u00f1ana, que dirige por segunda temporada al\u00a0 Perfumer\u00edas Avenida desde el banquillo,\u00a0y la nueva capitana Andrea Vilar\u00f3,&hellip;\n","protected":false},"author":2,"featured_media":154499,"comment_status":"","ping_status":"","sticky":false,"template":"","format":"standard","meta":{"footnotes":""},"categories":[269],"tags":[299,298,168,25,24,23,167],"class_list":{"0":"post-154498","1":"post","2":"type-post","3":"status-publish","4":"format-standard","5":"has-post-thumbnail","7":"category-baloncesto","8":"tag-baloncesto","9":"tag-basketball","10":"tag-deportes","11":"tag-es","12":"tag-espana","13":"tag-spain","14":"tag-sports"},"share_on_mastodon":{"url":"","error":""},"_links":{"self":[{"href":"https:\/\/www.europesays.com\/es\/wp-json\/wp\/v2\/posts\/154498","targetHints":{"allow":["GET"]}}],"collection":[{"href":"https:\/\/www.europesays.com\/es\/wp-json\/wp\/v2\/posts"}],"about":[{"href":"https:\/\/www.europesays.com\/es\/wp-json\/wp\/v2\/types\/post"}],"author":[{"embeddable":true,"href":"https:\/\/www.europesays.com\/es\/wp-json\/wp\/v2\/users\/2"}],"replies":[{"embeddable":true,"href":"https:\/\/www.europesays.com\/es\/wp-json\/wp\/v2\/comments?post=154498"}],"version-history":[{"count":0,"href":"https:\/\/www.europesays.com\/es\/wp-json\/wp\/v2\/posts\/154498\/revisions"}],"wp:featuredmedia":[{"embeddable":true,"href":"https:\/\/www.europesays.com\/es\/wp-json\/wp\/v2\/media\/154499"}],"wp:attachment":[{"href":"https:\/\/www.europesays.com\/es\/wp-json\/wp\/v2\/media?parent=154498"}],"wp:term":[{"taxonomy":"category","embeddable":true,"href":"https:\/\/www.europesays.com\/es\/wp-json\/wp\/v2\/categories?post=154498"},{"taxonomy":"post_tag","embeddable":true,"href":"https:\/\/www.europesays.com\/es\/wp-json\/wp\/v2\/tags?post=154498"}],"curies":[{"name":"wp","href":"https:\/\/api.w.org\/{rel}","templated":true}]}}