{"id":15450,"date":"2025-07-31T04:05:12","date_gmt":"2025-07-31T04:05:12","guid":{"rendered":"https:\/\/www.europesays.com\/es\/15450\/"},"modified":"2025-07-31T04:05:12","modified_gmt":"2025-07-31T04:05:12","slug":"la-diputacion-apuesta-al-ciclismo-con-la-cinturon-de-la-mancha","status":"publish","type":"post","link":"https:\/\/www.europesays.com\/es\/15450\/","title":{"rendered":"La Diputaci\u00f3n apuesta al ciclismo con la Cintur\u00f3n de La Mancha"},"content":{"rendered":"<p>La provincia de Ciudad Real volver\u00e1 a convertirse en epicentro del ciclismo nacional con la celebraci\u00f3n de la II Edici\u00f3n del Cintur\u00f3n de La Mancha, una prueba de categor\u00eda \u00c9lite y Sub-23, puntuable para el ranking de la Real Federaci\u00f3n Espa\u00f1ola de Ciclismo (RFEC), que tendr\u00e1 lugar los pr\u00f3ximos 9 y 10 de agosto en Ciudad Real capital y en varias localidades de sus alrededores. Es puntuable para el ranking RFEC y reunir\u00e1 a 120 corredores de 15 equipos de toda Espa\u00f1a.<\/p>\n<p>Esta competici\u00f3n, patrocinada por la Diputaci\u00f3n Provincial de Ciudad Real y organizada por la Fundaci\u00f3n Ciclista de Castilla-La Mancha (FUCICAM) tiene la intenci\u00f3n de seguir consolid\u00e1ndose en el calendario nacional como una de las grandes citas del ciclismo espa\u00f1ol. En esta edici\u00f3n, se introduce un nuevo formato \u00abChallenge\u00bb por etapas, con la gran novedad de una cronoescalada, contrarreloj individual en subida. Adem\u00e1s del apoyo de la Diputaci\u00f3n y del Ayuntamiento de Ciudad Real, el evento cuenta con la colaboraci\u00f3n de m\u00faltiples municipios, patrocinadores privados y los Cuerpos y Fuerzas de Seguridad del Estado.<\/p>\n<p>El vicepresidente del \u00c1rea de Deportes de la Diputaci\u00f3n, Luis Alberto Mar\u00edn, ha subrayado, durante la presentaci\u00f3n, ha destacado la evoluci\u00f3n de esta competici\u00f3n \u00abel a\u00f1o pasado ya fue un \u00e9xito, pero este a\u00f1o damos un paso m\u00e1s, ampliando a dos jornadas con nuevas modalidades que sin duda van a gustar a todos los aficionados. Queremos convertir esta cita en una prueba de referencia a nivel nacional\u00bb.<\/p>\n<p>Esta prueba, que cuenta con el compromiso firme del \u00c1rea de Deportes de la Diputaci\u00f3n, discurrir\u00e1 por varios pueblos en el entorno de la capital con el objetivo de \u00abacercar a las poblaciones peque\u00f1as eventos deportivos de calidad\u00bb. A\u00f1ad\u00eda Mar\u00edn que \u00abqueremos llevar el ciclismo de \u00e9lite a todos los rincones de la provincia, generar impacto social, tur\u00edstico y econ\u00f3mico, y que nuestra tierra siga siendo un escaparate deportivo para toda Espa\u00f1a\u00bb.<\/p>\n<p>Seguidamente, ha explicado el vicepresidente quinto de la Instituci\u00f3n provincial que este proyecto a\u00fana \u00abla promoci\u00f3n de deporte joven y de alta competici\u00f3n, la promoci\u00f3n de nuestro entorno natural y paisaj\u00edstico y el impacto social y econ\u00f3mico que va a repercutir en Ciudad Real capital y los pueblos por donde pasa la prueba\u00bb<\/p>\n<p>El presidente de FUCICAM, F\u00e9lix Rubio, ha subrayado la importancia de este nuevo formato: \u00abEl modelo Challenge permite a los corredores seguir compitiendo el segundo d\u00eda aunque hayan abandonado el primero, lo que aporta flexibilidad y emoci\u00f3n. Adem\u00e1s, la cronoescalada dar\u00e1 un toque estrat\u00e9gico a la general\u00bb.<\/p>\n<p>Por otra parte, el concejal de Deportes del Ayuntamiento de Ciudad Real, Pau Beltr\u00e1n, ha destacado la dimensi\u00f3n econ\u00f3mica de los eventos deportivos, que \u00abtienen un impacto directo en el comercio local, la hosteler\u00eda y el turismo trayendo riqueza a Ciudad Real. El reciente Campeonato de Espa\u00f1a de nataci\u00f3n ha tenido un impacto econ\u00f3mico de m\u00e1s de un mill\u00f3n de euros. La provincia se est\u00e1 viendo m\u00e1s que nunca y Ciudad Real sigue posicion\u00e1ndose como destino del deporte nacional\u00bb y ha animado a todos los ciudadanos a disfrutar de la prueba para vivir un fin de semana donde deporte, tradici\u00f3n y territorio se dan la mano.<\/p>\n<p>El s\u00e1bado 9 de agosto tendr\u00e1 lugar la cronoescalada a la Atalaya a partir de las 18.00 horas. Los corredores tomar\u00e1n la salida en el Polideportivo Juan Carlos I, en una exigente contrarreloj de 6,3 km hasta las antenas de La Atalaya, donde ser\u00e1 decisiva la curva de herradura conocida como \u00abdel camello\u00bb a un 14 % de pendiente, justo antes de entrar en los \u00faltimos 200 metros en subida al 7%. Un reto clave para definir la general desde el inicio.<\/p>\n<p>Posteriormente, el domingo 10 de agosto, se har\u00e1 una etapa en l\u00ednea de 150 kil\u00f3metros con salida desde la Avenida del Torre\u00f3n (Ciudad Real) a las 10:00 horas, con paso por localidades como Miguelturra, Pozuelo de Calatrava, Ballesteros, Villamayor, Cabezarados, Los Pozuelos, Piedrabuena, Porzuna, Pic\u00f3n y Las Casas. La meta volver\u00e1 a estar situada en la Avenida del Torre\u00f3n y tiene su llegada prevista sobre las 13:45 horas.<\/p>\n<p>El recorrido incluye dos premios de monta\u00f1a (Alto de las Antenas y Alto de los Quejigares), dos metas volantes en Villamayor de Cva. y Cabezarados y contar\u00e1 con la participaci\u00f3n de relevantes equipos nacionales de Navarra, Islas Canarias o Extremadura, entre otras comunidades aut\u00f3nomas.<\/p>\n","protected":false},"excerpt":{"rendered":"La provincia de Ciudad Real volver\u00e1 a convertirse en epicentro del ciclismo nacional con la celebraci\u00f3n de la&hellip;\n","protected":false},"author":2,"featured_media":15451,"comment_status":"","ping_status":"","sticky":false,"template":"","format":"standard","meta":{"footnotes":""},"categories":[273],"tags":[1954,4091,313,1940,312,168,10243,25,24,7234,10246,10247,10245,633,708,10250,10248,10249,4776,10244,23,167],"class_list":{"0":"post-15450","1":"post","2":"type-post","3":"status-publish","4":"format-standard","5":"has-post-thumbnail","7":"category-ciclismo","8":"tag-ayuntamiento-de-ciudad-real","9":"tag-castilla-la-mancha","10":"tag-ciclismo","11":"tag-ciudad-real","12":"tag-cycling","13":"tag-deportes","14":"tag-diputacion-de-ciudad-real","15":"tag-es","16":"tag-espana","17":"tag-extremadura","18":"tag-las-casas","19":"tag-los-pozuelos-de-calatrava","20":"tag-miguelturra","21":"tag-natacion","22":"tag-navarra","23":"tag-pau-beltran","24":"tag-piedrabuena","25":"tag-polideportivo-juan-carlos-i","26":"tag-porzuna","27":"tag-pozuelo-de-calatrava","28":"tag-spain","29":"tag-sports"},"share_on_mastodon":{"url":"","error":""},"_links":{"self":[{"href":"https:\/\/www.europesays.com\/es\/wp-json\/wp\/v2\/posts\/15450","targetHints":{"allow":["GET"]}}],"collection":[{"href":"https:\/\/www.europesays.com\/es\/wp-json\/wp\/v2\/posts"}],"about":[{"href":"https:\/\/www.europesays.com\/es\/wp-json\/wp\/v2\/types\/post"}],"author":[{"embeddable":true,"href":"https:\/\/www.europesays.com\/es\/wp-json\/wp\/v2\/users\/2"}],"replies":[{"embeddable":true,"href":"https:\/\/www.europesays.com\/es\/wp-json\/wp\/v2\/comments?post=15450"}],"version-history":[{"count":0,"href":"https:\/\/www.europesays.com\/es\/wp-json\/wp\/v2\/posts\/15450\/revisions"}],"wp:featuredmedia":[{"embeddable":true,"href":"https:\/\/www.europesays.com\/es\/wp-json\/wp\/v2\/media\/15451"}],"wp:attachment":[{"href":"https:\/\/www.europesays.com\/es\/wp-json\/wp\/v2\/media?parent=15450"}],"wp:term":[{"taxonomy":"category","embeddable":true,"href":"https:\/\/www.europesays.com\/es\/wp-json\/wp\/v2\/categories?post=15450"},{"taxonomy":"post_tag","embeddable":true,"href":"https:\/\/www.europesays.com\/es\/wp-json\/wp\/v2\/tags?post=15450"}],"curies":[{"name":"wp","href":"https:\/\/api.w.org\/{rel}","templated":true}]}}