{"id":154500,"date":"2025-10-03T08:26:08","date_gmt":"2025-10-03T08:26:08","guid":{"rendered":"https:\/\/www.europesays.com\/es\/154500\/"},"modified":"2025-10-03T08:26:08","modified_gmt":"2025-10-03T08:26:08","slug":"la-fifa-y-la-uefa-se-amparan-en-el-plan-de-paz-de-trump-para-no-expulsar-a-israel-de-sus-competiciones","status":"publish","type":"post","link":"https:\/\/www.europesays.com\/es\/154500\/","title":{"rendered":"La FIFA y la UEFA se amparan en el plan de paz de Trump para no expulsar a Israel de sus competiciones"},"content":{"rendered":"<p>No habr\u00e1 expulsi\u00f3n de equipos israel\u00edes en las competiciones UEFA y FIFA. De acuerdo con el veredicto final de los m\u00e1ximos \u00f3rganos del f\u00fatbol europeo y mundial,<b> la decisi\u00f3n se ampara en la propuesta de paz para Gaza<a href=\"https:\/\/www.huffingtonpost.es\/global\/algo-especial-trump-promete-titular-traca-sobre-gaza-cita-hoy-netanyahu.html\" title=\"Trump Israel Gaza\" rel=\"nofollow noopener\" target=\"_blank\"> impulsada por Donald Trump<\/a><\/b>, que por otro lado, ha sido poco convincente con dicha propuesta para Amnist\u00eda Internacional, que se muestra muy esc\u00e9ptica respecto al plan.<\/p>\n<p>Fue de hecho este organismo el que pidi\u00f3 este mismo mi\u00e9rcoles a ambas instituciones que dieran el paso de expulsar <b>al combinado nacional de Israel<\/b> y a sus equipos de las competiciones internacionales, algo que no se producir\u00e1, al menos de momento.<\/p>\n<p>Realmente, <b>ni UEFA ni FIFA se hab\u00edan posicionado en contra de Israel<\/b> en ning\u00fan momento hasta hace apenas dos semanas, cuando las presiones geopol\u00edticas<a href=\"https:\/\/www.huffingtonpost.es\/global\/von-der-leyen-anuncia-suspension-parcial-acuerdo-comercial-ueisrael.html\" title=\"Comisi\u00f3n Europea Israel Von der Leyen\" rel=\"nofollow noopener\" target=\"_blank\"> impulsadas por la Comisi\u00f3n Europea<\/a>, con la suspensi\u00f3n de acuerdos comerciales con Israel, as\u00ed como las deportivas, <b>con la paralizaci\u00f3n de la <a href=\"https:\/\/www.huffingtonpost.es\/deporte\/la-organizacion-vuelta-modifica-recorrido-ultima-etapa-80-kilometros-meta-madrid.html\" title=\"Vuelta a Espa\u00f1a Israel\" rel=\"nofollow noopener\" target=\"_blank\">Vuelta a Espa\u00f1a<\/a>,<\/b> no dejaron otra opci\u00f3n a las mayores instituciones del deporte rey, que ya no pod\u00edan ignorar el \u00abgenocidio\u00bb en Palestina.<\/p>\n<p>Fue entonces cuando <b>Alexander Ceferin, presidente de la UEFA plane\u00f3 convocar a su Comit\u00e9 Ejecutivo <\/b>con el objetivo de sancionar a Israel a nivel deportivo. Sin embargo, la oposici\u00f3n de algunas federaciones muy importantes, le obligaron a dar marcha atr\u00e1s y ni siquiera celebrarlo. Entre ellas, se encontraba Alemania, uno de los pa\u00edses que se han manifestado en sistem\u00e1ticamente <b>en contra del reconocimiento a Palestina y del aislamiento a Israel.<\/b><\/p>\n<p>En el otro lado se encontraba la federaci\u00f3n de f\u00fatbol turca y noruega, quienes se erigieron como la grandes l\u00edderes para tratar de convencer al mayor n\u00famero de pa\u00edses para que dieran<b>\u00a0luz verde a la expulsi\u00f3n de Israel de todas las competiciones.<\/b><\/p>\n<p>El problema y &#8216;escudo&#8217; de la UEFA para justificar la posici\u00f3n es tambi\u00e9n el hecho de que ni equipos ni selecciones se hayan opuesto a jugar contra Israel y sus representantes en las competiciones europeas, algo que s\u00ed ocurri\u00f3 con Rusia en 2022. Sin embargo, la divisi\u00f3n y discrepancias en esta ocasi\u00f3n, podr\u00edan hacer que <b>la cuesti\u00f3n llegar al Tribunal de Arbitraje Deportivo (TAS), y obligara a la UEFA a readmitir a Israel.<\/b><\/p>\n<p>Tras la &#8216;rendici\u00f3n&#8217; de la UEFA, la FIFA sigue sus pasos<\/p>\n<p>Tras el &#8216;abandono&#8217; de la causa por parte de la UEFA, lleg\u00f3 el turno de la FIFA, que fij\u00f3 en este 2 de octubre la reuni\u00f3n de su Consejo para dar una respuesta definitiva. Pero ni siquiera ha habido votaci\u00f3n, ya que este asunto <b>no ha entrado en ninguno de los puntos del orden del d\u00eda.<\/b><\/p>\n<p>Adem\u00e1s, la figura de Trump ha sido clave, <b>ya que su estrecha relaci\u00f3n con Infantino<\/b> -con quien ha aparecido en varios actos a lo largo de este a\u00f1o de cara a la cita mundialista de 2026 en EEUU, M\u00e9xico y Canad\u00e1- ha decantado la balanza finalmente a su favor. Y con el pretexto del plan de paz del magnate estadounidense, la FIFA se borra de la cuesti\u00f3n y evitar una &#8216;patata caliente&#8217; <b>que implicar\u00eda su posicionamiento en el conflicto.<\/b><\/p>\n<p>Israel se sale con la suya tambi\u00e9n en el marco deportivo, y vuelve a demostrar su papel de intocable tambi\u00e9n en el f\u00fatbol. De hecho, esta misma tarde, el <b>Maccabi de Tel Aviv disputar\u00e1 su partido de UEFA Europa League en Serbia<\/b>, y la selecci\u00f3n nacional har\u00e1 lo propio el pr\u00f3ximo 11 de octubre, cuando disputar\u00e1 su partido frente a Noruega correspondiente a la clasificaci\u00f3n para el Mundial de 2026.<\/p>\n<p>\u00a0<\/p>\n","protected":false},"excerpt":{"rendered":"No habr\u00e1 expulsi\u00f3n de equipos israel\u00edes en las competiciones UEFA y FIFA. De acuerdo con el veredicto final&hellip;\n","protected":false},"author":2,"featured_media":154501,"comment_status":"","ping_status":"","sticky":false,"template":"","format":"standard","meta":{"footnotes":""},"categories":[268],"tags":[168,25,24,14013,280,282,74,281,23,167,6674],"class_list":{"0":"post-154500","1":"post","2":"type-post","3":"status-publish","4":"format-standard","5":"has-post-thumbnail","7":"category-futbol","8":"tag-deportes","9":"tag-es","10":"tag-espana","11":"tag-fifa","12":"tag-football","13":"tag-futbol","14":"tag-israel","15":"tag-soccer","16":"tag-spain","17":"tag-sports","18":"tag-uefa"},"share_on_mastodon":{"url":"","error":""},"_links":{"self":[{"href":"https:\/\/www.europesays.com\/es\/wp-json\/wp\/v2\/posts\/154500","targetHints":{"allow":["GET"]}}],"collection":[{"href":"https:\/\/www.europesays.com\/es\/wp-json\/wp\/v2\/posts"}],"about":[{"href":"https:\/\/www.europesays.com\/es\/wp-json\/wp\/v2\/types\/post"}],"author":[{"embeddable":true,"href":"https:\/\/www.europesays.com\/es\/wp-json\/wp\/v2\/users\/2"}],"replies":[{"embeddable":true,"href":"https:\/\/www.europesays.com\/es\/wp-json\/wp\/v2\/comments?post=154500"}],"version-history":[{"count":0,"href":"https:\/\/www.europesays.com\/es\/wp-json\/wp\/v2\/posts\/154500\/revisions"}],"wp:featuredmedia":[{"embeddable":true,"href":"https:\/\/www.europesays.com\/es\/wp-json\/wp\/v2\/media\/154501"}],"wp:attachment":[{"href":"https:\/\/www.europesays.com\/es\/wp-json\/wp\/v2\/media?parent=154500"}],"wp:term":[{"taxonomy":"category","embeddable":true,"href":"https:\/\/www.europesays.com\/es\/wp-json\/wp\/v2\/categories?post=154500"},{"taxonomy":"post_tag","embeddable":true,"href":"https:\/\/www.europesays.com\/es\/wp-json\/wp\/v2\/tags?post=154500"}],"curies":[{"name":"wp","href":"https:\/\/api.w.org\/{rel}","templated":true}]}}