{"id":154502,"date":"2025-10-03T08:28:18","date_gmt":"2025-10-03T08:28:18","guid":{"rendered":"https:\/\/www.europesays.com\/es\/154502\/"},"modified":"2025-10-03T08:28:18","modified_gmt":"2025-10-03T08:28:18","slug":"la-historia-tras-el-cuadro-homenaje-mas-artistico-de-la-actriz","status":"publish","type":"post","link":"https:\/\/www.europesays.com\/es\/154502\/","title":{"rendered":"la historia tras el cuadro homenaje m\u00e1s art\u00edstico de la actriz"},"content":{"rendered":"<p>El acuarelista gaditano <b>Juan Antonio Romero ha recreado en los \u00faltimos a\u00f1os a los miembros de la Casa Real<\/b> espa\u00f1ola como los protagonistas de algunos de los cuadros m\u00e1s famosos de la historia del arte universal. A <a href=\"https:\/\/www.huffingtonpost.es\/virales\/felipe-vi-cuadro-greco-original-obra-artista-versionado-monarquia-actual.html\" rel=\"nofollow noopener\" target=\"_blank\">Felipe VI lo transform\u00f3 en El caballero de la mano en el pecho<\/a>, de El Greco, y a la princesa <a href=\"https:\/\/www.huffingtonpost.es\/life\/influencers-celebrities\/la-princesa-perla-reinterpreta-obravermer-leonor-protagonista-guino-letizia.html\" rel=\"nofollow noopener\" target=\"_blank\">Leonor, por ejemplo, la convirti\u00f3 en La joven de la perla<\/a>, de Johannes Vermer.<\/p>\n<p>Ahora y <a href=\"https:\/\/www.huffingtonpost.es\/sociedad\/las-menins-siglo-xxi-historia-cuadro-gana-concursos-arrasa-internet.html\" rel=\"nofollow noopener\" target=\"_blank\">tras terminar esa primera serie,<\/a> este pintor de 64 a\u00f1os ha vuelto a innovar y a comenzar una nueva que ha bautizado como <b>Mujeres, Interpretaciones, Historias<\/b>. En ella el artista va a homenajear a mujeres que han tenido una gran trascendencia en sus profesiones d\u00e1ndoles un encaje en obras hist\u00f3ricas.<\/p>\n<p>\u00abSe me ocurri\u00f3 seguir interpretando cuadros famosos, pero <b>esta vez homenajeando a mujeres que sobresalen en sus profesiones <\/b>y que adem\u00e1s tienen y expresan conciencia social. Las protagonistas que estoy seleccionando son un reflejo de los valores profesionales y el compromiso social de la mujer actual\u00bb, cuenta Romero a El HuffPost.<\/p>\n<p>Para dar el pistoletazo de salida a esta serie <b>ha escogido a la actriz Pen\u00e9lope Cruz y la ha interpretado en el famoso cuadro La chiquita piconera<\/b>, de Julio Romero de Torres: \u00abQuer\u00eda que la primera acuarela fuera para ella por su \u00e9xito profesional y porque me gustan mucho sus pel\u00edculas, su desparpajo, su pasi\u00f3n por la vida y enseguida se me vino a la mente ponerla en ese cuadro\u00bb.<\/p>\n<p>\u00abAdem\u00e1s, en alguna de sus pel\u00edculas toma esa pose, aunque tuve que ingeni\u00e1rmelas para incluir su cuerpo y sus piernas a partir de fotos de  Internet. Creo que expresa bien su personalidad y <b>permite incluir muchos elementos de su vida personal y profesional en la acuarela<\/b>\u00ab, detalla Romero sobre Cruz, que se convirti\u00f3 en 2009 en la primera actriz espa\u00f1ol en ganar un Oscar.<\/p>\n<p>Esta acuarela, que le llev\u00f3 seis semanas completarla, <b>tuvo una primera parte de investigaci\u00f3n a nivel digital sobre el personaje<\/b> para encontrar los motivos que luego iba a incluir en la pieza. Despu\u00e9s hubo una segunda\u00a0fase de dise\u00f1o y composici\u00f3n de la historia y, finalmente, la \u00faltima de ejecuci\u00f3n.<\/p>\n<p><img decoding=\"async\" loading=\"lazy\" src=\"https:\/\/img2.huffingtonpost.es\/files\/image_720\/uploads\/2025\/09\/30\/penelope-cruz-como-la-chiquita-piconera-de-julio-romero-de-torres.jpeg\" width=\"720\" height=\"0\"  data-full-src=\"https:\/\/www.europesays.com\/es\/wp-content\/uploads\/2025\/10\/penelope-cruz-como-la-chiquita-piconera-de-julio-romero-de-torres.jpeg\" \/><\/p>\n<p>            \u00a0<\/p>\n<p>        Pen\u00e9lope Cruz como &#8216;La chiquita piconera&#8217;, de Julio Romero de Torres.Juan Antonio Romero<\/p>\n<p>Detalles de su vida personal y profesional<\/p>\n<p>Romero, en este cuadro que tiene un tama\u00f1o de\u00a050&#215;70 cent\u00edmetros, <b>ha incorporado detalles que cuentan perfectamente la vida de Cruz<\/b>, as\u00ed como su carrera profesional y familiar.<\/p>\n<p>Indica que en las veladuras y sombras del fondo aparecen varios lugares que han sido importantes en su vida: <b>su colegio de Alcobendas, una de sus casas en Estados Unidos y una de sus residencias en Madrid<\/b>. \u00abTodo esto ha sido informaci\u00f3n que he podido recabar y que est\u00e1 disponible en internet\u00bb, afirma Romero, que insiste en que tuvo que hacer un trabajo de investigaci\u00f3n.<\/p>\n<p>A su trayectoria profesional, por ejemplo,<b> le lanza un gui\u00f1o de la pel\u00edcula Jam\u00f3n, jam\u00f3n,<\/b> de Bigas Lunas y en la que coincidi\u00f3 con Javier Bardem. Tambi\u00e9n con el peinado que luc\u00eda Raimunda, el personaje que interpret\u00f3 en la pel\u00edcula Volver.\u00a0<\/p>\n<p>Asimismo, en la obra aparecen algunos de los premios que ha conseguido, que aparecen en un en el fondo del cuadro: \u00abHay sutiles homenajes a sus logros, como e<b>l Oscar, uno de los tres Goyas que ha recibido y el premio BAFTA\u00bb.<\/b><\/p>\n<p>Por \u00faltimo, su familia est\u00e1 reflejada en la representaci\u00f3n de sus hijos, Luna y Leo. <b>\u00abEst\u00e1n representados por la luna y el peluche<\/b>. La badila, paleta de metal\u00a0utilizada para mover el brasero en el cuadro original, se transforma aqu\u00ed un\u00a0s\u00edmbolo del amor y el calor que Javier Bardem aporta a su vida\u00bb, concluye Romero.\u00a0<\/p>\n","protected":false},"excerpt":{"rendered":"El acuarelista gaditano Juan Antonio Romero ha recreado en los \u00faltimos a\u00f1os a los miembros de la Casa&hellip;\n","protected":false},"author":2,"featured_media":154503,"comment_status":"","ping_status":"","sticky":false,"template":"","format":"standard","meta":{"footnotes":""},"categories":[173],"tags":[229,233,231,230,232,234,146,147,25,24,22111,23],"class_list":{"0":"post-154502","1":"post","2":"type-post","3":"status-publish","4":"format-standard","5":"has-post-thumbnail","7":"category-arte-y-diseno","8":"tag-arte","9":"tag-arte-y-diseno","10":"tag-arts","11":"tag-arts-and-design","12":"tag-design","13":"tag-diseno","14":"tag-entertainment","15":"tag-entretenimiento","16":"tag-es","17":"tag-espana","18":"tag-penelope-cruz","19":"tag-spain"},"share_on_mastodon":{"url":"","error":""},"_links":{"self":[{"href":"https:\/\/www.europesays.com\/es\/wp-json\/wp\/v2\/posts\/154502","targetHints":{"allow":["GET"]}}],"collection":[{"href":"https:\/\/www.europesays.com\/es\/wp-json\/wp\/v2\/posts"}],"about":[{"href":"https:\/\/www.europesays.com\/es\/wp-json\/wp\/v2\/types\/post"}],"author":[{"embeddable":true,"href":"https:\/\/www.europesays.com\/es\/wp-json\/wp\/v2\/users\/2"}],"replies":[{"embeddable":true,"href":"https:\/\/www.europesays.com\/es\/wp-json\/wp\/v2\/comments?post=154502"}],"version-history":[{"count":0,"href":"https:\/\/www.europesays.com\/es\/wp-json\/wp\/v2\/posts\/154502\/revisions"}],"wp:featuredmedia":[{"embeddable":true,"href":"https:\/\/www.europesays.com\/es\/wp-json\/wp\/v2\/media\/154503"}],"wp:attachment":[{"href":"https:\/\/www.europesays.com\/es\/wp-json\/wp\/v2\/media?parent=154502"}],"wp:term":[{"taxonomy":"category","embeddable":true,"href":"https:\/\/www.europesays.com\/es\/wp-json\/wp\/v2\/categories?post=154502"},{"taxonomy":"post_tag","embeddable":true,"href":"https:\/\/www.europesays.com\/es\/wp-json\/wp\/v2\/tags?post=154502"}],"curies":[{"name":"wp","href":"https:\/\/api.w.org\/{rel}","templated":true}]}}