{"id":154506,"date":"2025-10-03T08:30:16","date_gmt":"2025-10-03T08:30:16","guid":{"rendered":"https:\/\/www.europesays.com\/es\/154506\/"},"modified":"2025-10-03T08:30:16","modified_gmt":"2025-10-03T08:30:16","slug":"leonardo-hace-una-importante-promesa-a-barbara","status":"publish","type":"post","link":"https:\/\/www.europesays.com\/es\/154506\/","title":{"rendered":"Leonardo hace una importante promesa a B\u00e1rbara"},"content":{"rendered":"<p><strong>Valle Salvaje<\/strong>, poco a poco y con el paso del tiempo, se ha convertido en una de las ficciones diarias que m\u00e1s \u00e9xito contin\u00faa cosechando en nuestro pa\u00eds. <strong>Estamos ante una historia que, pase lo que pase, est\u00e1 marcando un antes y un despu\u00e9s en numerosos aspectos.<\/strong> Y siendo honestos, no es para menos. El pasado martes 30 de septiembre, los espectadores pudieron disfrutar del <a href=\"https:\/\/okdiario.com\/happyfm\/avance-del-capitulo-valle-salvaje-hoy-rafael-traza-plan-que-ana-confiese-15495505\" target=\"_blank\" rel=\"noopener noreferrer nofollow\">cap\u00edtulo 265<\/a> de Valle Salvaje en La 1 de Televisi\u00f3n Espa\u00f1ola. De esta manera tan concreta, han podido ser testigos de c\u00f3mo<strong> don Hernando no duda en aprovechar la ocasi\u00f3n que se le ha presentado para tentar al duque con una propuesta de lo m\u00e1s suculenta.<\/strong> Y todo para asegurar, de alguna forma, su plena bendici\u00f3n ante el compromiso de Leonardo e Irene.<\/p>\n<p>Lejos de que todo quede ah\u00ed, los m\u00e1s fieles seguidores de esta serie diaria han podido ser testigos de c\u00f3mo<strong> Rafael no ha dudado un solo segundo en utilizar una nueva estrategia para conseguir su plan<\/strong>. \u00bfEn qu\u00e9 consiste, exactamente? En tratar de convencer a Ana para que le confiese todo lo que ocurri\u00f3 la tarde en la que acabaron con la vida de Julio. Su cometido no es otro que tratar de remover la conciencia de la doncella, sin importar en absoluto las posibles consecuencias.<strong> Es un hecho que estamos ante uno de los grandes puntos de inflexi\u00f3n de esta tercera temporada que tant\u00edsimo est\u00e1 dando de qu\u00e9 hablar, en mayor o menor medida.<\/strong><\/p>\n<p><img loading=\"lazy\" decoding=\"async\" class=\"size-medium wp-image-15500698\" alt=\"\" width=\"620\" height=\"349\"  src=\"https:\/\/www.europesays.com\/es\/wp-content\/uploads\/2025\/10\/valle-salvaje.-620x349.jpg\" \/> Valle Salvaje. (RTVE)<\/p>\n<p>\u00bfQu\u00e9 sucede en el cap\u00edtulo 266 de \u2018Valle Salvaje\u2019 que se emite hoy, mi\u00e9rcoles 1 de octubre?<\/p>\n<p>De esta manera tan concreta, los espectadores de esta serie diaria van a ser testigos de c\u00f3mo <strong>Tom\u00e1s contin\u00faa sin soltar prenda respecto a su presencia en el Valle.<\/strong> Esta situaci\u00f3n provoca, inevitablemente, una profunda angustia en Luisa, puesto que no sabe c\u00f3mo gestionar todo lo que est\u00e1 ocurriendo a su alrededor.<\/p>\n<p>Por si fuera poco,<strong> Leonardo ha prometido a B\u00e1rbara que, bajo ning\u00fan concepto, va a casarse con Irene<\/strong>. Eso s\u00ed, el duque ya se ha hecho la idea de que eso es exactamente lo que va a suceder. Pero no todo queda ah\u00ed, puesto que \u00darsula ha querido pedir a Ana un nuevo favor. Algo que le va a dejar completamente sin palabras. <strong>No te pierdas los pr\u00f3ximos cap\u00edtulos de Valle Salvaje, cada tarde de lunes a viernes, en La 1 de Televisi\u00f3n Espa\u00f1ola.<\/strong><\/p>\n<p><img loading=\"lazy\" decoding=\"async\" class=\"size-medium wp-image-15508251\" alt=\"Valle Salvaje. (RTVE)\" width=\"620\" height=\"349\"  src=\"https:\/\/www.europesays.com\/es\/wp-content\/uploads\/2025\/10\/1759480216_99_valle-salvaje.-620x349.jpg\" \/> Valle Salvaje. (RTVE)<\/p>\n","protected":false},"excerpt":{"rendered":"Valle Salvaje, poco a poco y con el paso del tiempo, se ha convertido en una de las&hellip;\n","protected":false},"author":2,"featured_media":154507,"comment_status":"","ping_status":"","sticky":false,"template":"","format":"standard","meta":{"footnotes":""},"categories":[171],"tags":[146,147,25,24,23,214],"class_list":{"0":"post-154506","1":"post","2":"type-post","3":"status-publish","4":"format-standard","5":"has-post-thumbnail","7":"category-tv","8":"tag-entertainment","9":"tag-entretenimiento","10":"tag-es","11":"tag-espana","12":"tag-spain","13":"tag-tv"},"share_on_mastodon":{"url":"","error":""},"_links":{"self":[{"href":"https:\/\/www.europesays.com\/es\/wp-json\/wp\/v2\/posts\/154506","targetHints":{"allow":["GET"]}}],"collection":[{"href":"https:\/\/www.europesays.com\/es\/wp-json\/wp\/v2\/posts"}],"about":[{"href":"https:\/\/www.europesays.com\/es\/wp-json\/wp\/v2\/types\/post"}],"author":[{"embeddable":true,"href":"https:\/\/www.europesays.com\/es\/wp-json\/wp\/v2\/users\/2"}],"replies":[{"embeddable":true,"href":"https:\/\/www.europesays.com\/es\/wp-json\/wp\/v2\/comments?post=154506"}],"version-history":[{"count":0,"href":"https:\/\/www.europesays.com\/es\/wp-json\/wp\/v2\/posts\/154506\/revisions"}],"wp:featuredmedia":[{"embeddable":true,"href":"https:\/\/www.europesays.com\/es\/wp-json\/wp\/v2\/media\/154507"}],"wp:attachment":[{"href":"https:\/\/www.europesays.com\/es\/wp-json\/wp\/v2\/media?parent=154506"}],"wp:term":[{"taxonomy":"category","embeddable":true,"href":"https:\/\/www.europesays.com\/es\/wp-json\/wp\/v2\/categories?post=154506"},{"taxonomy":"post_tag","embeddable":true,"href":"https:\/\/www.europesays.com\/es\/wp-json\/wp\/v2\/tags?post=154506"}],"curies":[{"name":"wp","href":"https:\/\/api.w.org\/{rel}","templated":true}]}}