{"id":154510,"date":"2025-10-03T08:32:11","date_gmt":"2025-10-03T08:32:11","guid":{"rendered":"https:\/\/www.europesays.com\/es\/154510\/"},"modified":"2025-10-03T08:32:11","modified_gmt":"2025-10-03T08:32:11","slug":"toy-story-5-contara-con-cientos-de-buzzs-anticipa-tim-allen-que-ofrece-algunos-detalles-de-la-nueva-pelicula-de-pixar","status":"publish","type":"post","link":"https:\/\/www.europesays.com\/es\/154510\/","title":{"rendered":"Toy Story 5 contar\u00e1 con \u00abcientos de Buzzs\u00bb, anticipa Tim Allen, que ofrece algunos detalles de la nueva pel\u00edcula de Pixar"},"content":{"rendered":"<p>El actor que presta voz a Buzz Lightyear est\u00e1 listo para regresar en la quinta pel\u00edcula juguetera de Pixar, que presentar\u00e1 cambios notables respecto a sus predecesoras.<\/p>\n<p>2025 no ha sido el a\u00f1o de <a href=\"https:\/\/www.hobbyconsolas.com\/listas\/todos-villanos-peliculas-pixar-clasificados-peor-mejor-1331386\" title=\"Todos los villanos de las pel\u00edculas de Pixar, clasificados de peor a mejor\" rel=\"nofollow noopener\" target=\"_blank\">Pixar<\/a>: pese a los intentos del estudio por lanzar una nueva propiedad intelectual, <a href=\"https:\/\/www.hobbyconsolas.com\/reviews\/critica-elio-emotiva-pelicula-pixar-aliens-pero-orfandad-1465690\" title=\"Cr\u00edtica de Elio, una emotiva pel\u00edcula de Pixar con aliens, pero sobre la orfandad\" rel=\"nofollow noopener\" target=\"_blank\">Elio <\/a>no ha rendido especialmente bien en taquilla, con solo 154,2 millones de d\u00f3lares recaudados. El a\u00f1o que viene pinta mejor, m\u00e1s que nada porque <a href=\"https:\/\/www.hobbyconsolas.com\/noticias\/pixar-ofrece-adelanto-nuevos-juguetes-toy-story-5-1481002\" title=\"Pixar ofrece un adelanto de los nuevos juguetes de Toy Story 5 \" rel=\"nofollow noopener\" target=\"_blank\">Toy Story 5<\/a> son palabras mayores.<\/p>\n<p>Aunque Pixar est\u00e1 estirando la saga \u00abhasta el infinito y m\u00e1s all\u00e1\u00bb, nunca mejor dicho, el entusiasmo por reunirnos con <strong>Woody, Buzz<\/strong> y compa\u00f1\u00eda es m\u00e1s que evidente. Cierto que, si le preguntas a cineastas como Quentin Tarantino, te dir\u00e1n que, tras <strong>Toy Story, 3<\/strong>, no hay nada m\u00e1s que ver.<\/p>\n<p><img alt=\"Date de alta en Disney+\" loading=\"lazy\" width=\"127\" height=\"72\" decoding=\"async\" data-nimg=\"1\" style=\"color:transparent\"  src=\"https:\/\/www.europesays.com\/es\/wp-content\/uploads\/2025\/07\/cardimage1718973826767-3562917.jpg\"\/>Date de alta en Disney+<\/p>\n<p>Disney+ tiene cientos de pel\u00edculas y series cl\u00e1sicas y nuevas, y todas ellas las puedes ver desde 5,99\u20ac al mes.<\/p>\n<p><a class=\"product-button\" href=\"https:\/\/disneyplus.bn5x.net\/c\/2096496\/772703\/9358?sharedid=computerhoy\" title=\"Date de alta en Disney+\" data-gacat=\"Tarjetas\" data-gaact=\"impresion-tarjeta\" target=\"_blank\" rel=\"noreferrer nofollow noopener\">Date de alta<\/a><\/p>\n<p><strong>Andrew Stanton<\/strong> dirigir\u00e1 esta nueva entrega juguetera que afronta numerosos desaf\u00edos para cautivar a los fans y que tiene que lidiar con la despedida de Buzz y Woody al final de <a href=\"https:\/\/www.hobbyconsolas.com\/reviews\/critica-toy-story-4-secuela-altura-expectativas-438631\" title=\"Cr\u00edtica de Toy Story 4: secuela a la altura de las expectativas\" rel=\"nofollow noopener\" target=\"_blank\">Toy Story 4<\/a>.<\/p>\n<p>Claro que ya hay un plan para ello y hemos tenido algunas pistas, aunque estamos a punto de tener alguna m\u00e1s gracias a una de las principales estrellas de Toy Story: <strong>Tim Allen<\/strong>.<\/p>\n<p>Tim Allen anticipa uno de los grandes desaf\u00edos en Toy Story 5<\/p>\n<p>El actor que presta voz a Buzz Lightyear se ha dejado caer por Live Kelly and Mark, donde no han tardado en caerle preguntas sobre la nueva entrega de <strong>Pixar<\/strong>. Aunque no puede hablar en profundidad del proyecto, Allen s\u00ed que ofrece algunos detalles:<\/p>\n<p>\u00abEs una historia sobre Jessie. Tom [Hanks, que presta voz a Woody] y yo tenemos que reunirnos. Y hay una cosa muy divertida, porque hay un mont\u00f3n de Buzzs, un mont\u00f3n de yos, y hay una raz\u00f3n para ello. Es una historia independiente y tengo que poner voz a todos ellos\u00bb.<\/p>\n<p>Se ha dejado caer que Toy Story 5 girar\u00e1 en torno al impacto de las nuevas tecnolog\u00edas frente a los juguetes convencionales, un desaf\u00edo al que Jessie, Woody, Buzz y compa\u00f1\u00eda tendr\u00e1n que hacer frente para defender los valores con los que crecieron millones de ni\u00f1os.<\/p>\n<p><strong>Toy Story 5<\/strong><strong> llegar\u00e1 a los cines el 19 de junio de 2026<\/strong> con la esperanza de ser uno de los taquillazos estivales. \u00bfLograr\u00e1 Pixar recuperar el pulso gracias a su saga juguetera?<\/p>\n<p>Conoce <a href=\"https:\/\/www.hobbyconsolas.com\/como-trabajamos\" title=\"&quot;C\u00f3mo trabajamos en HobbyConsolas&quot;\" target=\"_blank\" rel=\"nofollow noopener\">c\u00f3mo trabajamos<\/a> en HobbyConsolas.<\/p>\n","protected":false},"excerpt":{"rendered":"El actor que presta voz a Buzz Lightyear est\u00e1 listo para regresar en la quinta pel\u00edcula juguetera de&hellip;\n","protected":false},"author":2,"featured_media":154511,"comment_status":"","ping_status":"","sticky":false,"template":"","format":"standard","meta":{"footnotes":""},"categories":[169],"tags":[177,146,147,25,24,176,175,23],"class_list":{"0":"post-154510","1":"post","2":"type-post","3":"status-publish","4":"format-standard","5":"has-post-thumbnail","7":"category-cine","8":"tag-cine","9":"tag-entertainment","10":"tag-entretenimiento","11":"tag-es","12":"tag-espana","13":"tag-film","14":"tag-movies","15":"tag-spain"},"share_on_mastodon":{"url":"","error":""},"_links":{"self":[{"href":"https:\/\/www.europesays.com\/es\/wp-json\/wp\/v2\/posts\/154510","targetHints":{"allow":["GET"]}}],"collection":[{"href":"https:\/\/www.europesays.com\/es\/wp-json\/wp\/v2\/posts"}],"about":[{"href":"https:\/\/www.europesays.com\/es\/wp-json\/wp\/v2\/types\/post"}],"author":[{"embeddable":true,"href":"https:\/\/www.europesays.com\/es\/wp-json\/wp\/v2\/users\/2"}],"replies":[{"embeddable":true,"href":"https:\/\/www.europesays.com\/es\/wp-json\/wp\/v2\/comments?post=154510"}],"version-history":[{"count":0,"href":"https:\/\/www.europesays.com\/es\/wp-json\/wp\/v2\/posts\/154510\/revisions"}],"wp:featuredmedia":[{"embeddable":true,"href":"https:\/\/www.europesays.com\/es\/wp-json\/wp\/v2\/media\/154511"}],"wp:attachment":[{"href":"https:\/\/www.europesays.com\/es\/wp-json\/wp\/v2\/media?parent=154510"}],"wp:term":[{"taxonomy":"category","embeddable":true,"href":"https:\/\/www.europesays.com\/es\/wp-json\/wp\/v2\/categories?post=154510"},{"taxonomy":"post_tag","embeddable":true,"href":"https:\/\/www.europesays.com\/es\/wp-json\/wp\/v2\/tags?post=154510"}],"curies":[{"name":"wp","href":"https:\/\/api.w.org\/{rel}","templated":true}]}}