{"id":154512,"date":"2025-10-03T08:33:17","date_gmt":"2025-10-03T08:33:17","guid":{"rendered":"https:\/\/www.europesays.com\/es\/154512\/"},"modified":"2025-10-03T08:33:17","modified_gmt":"2025-10-03T08:33:17","slug":"curiosidades-liga-endesa-2025-26-acb-com","status":"publish","type":"post","link":"https:\/\/www.europesays.com\/es\/154512\/","title":{"rendered":"Curiosidades: Liga Endesa 2025-26 | ACB.COM"},"content":{"rendered":"<p>La Liga Endesa vuelve a la acci\u00f3n este pr\u00f3ximo fin de semana del 4 y 5 de octubre en el arranque de la 70\u00aa temporada de la m\u00e1xima competici\u00f3n espa\u00f1ola de baloncesto. Se dice pronto. Ser\u00e1 la 43\u00aa de la era acb. Desde la mism\u00edsima jornada inaugural, ya hay varios hechos de mucho impacto a tener en cuenta, singularidades y hasta posibles r\u00e9cords. Vamos a repasarlo todo.<\/p>\n<p>Top10 jugadores m\u00e1s veteranos<\/p>\n<p>      <img decoding=\"async\" alt=\"acb Photo \/ Aitor Arrizabalaga\" title=\"acb Photo \/ Aitor Arrizabalaga\"  src=\"https:\/\/www.europesays.com\/es\/wp-content\/uploads\/2025\/10\/0000835207-16-9-01.jpg\"\/><\/p>\n<p>\u00a9 acb Photo \/ Aitor Arrizabalaga<\/p>\n<p>El vigente MVP y m\u00e1ximo asistente hist\u00f3rico de la Liga Endesa <strong>Marcelinho Huertas<\/strong> regresa a la competici\u00f3n una temporada m\u00e1s, y ya van 19, para encabezar el ranking de jugadores m\u00e1s veteranos a sus 42 a\u00f1os y 4 meses. Hay un dato demoledor que magnifica todav\u00eda m\u00e1s el excelente rendimiento del base carioca tras tanto tiempo en la \u00e9lite: es mayor que el 50% de los t\u00e9cnicos asistentes de la 2025-26. Cuando <strong>Huertas<\/strong> debut\u00f3 el 2 de octubre de 2004, todav\u00eda no hab\u00edan nacido jugadores como <strong>Dylan Bord\u00f3n<\/strong> (2004), <strong>Lucas Langarita<\/strong> (2005), <strong>Izan Almansa<\/strong> (2005), <strong>Sergio de Larrea<\/strong> (2005) o <strong>Michael Ruzic<\/strong> (2006).<\/p>\n<p>En total, hasta cuatro jugadores de La Laguna Tenerife figuran en esta lista si a\u00f1adimos a <strong>Aaron Doornekamp<\/strong> (39 a\u00f1os y 10 meses), <strong>Gio Shermadini<\/strong> (36 a\u00f1os y 6 meses) y <strong>Tim Abromaitis<\/strong> (36 a\u00f1os). Esto explica, en buena parte, que la media de edad del conjunto aurinegro sea la mayor de la Liga Endesa (unos 32 a\u00f1os).<\/p>\n<p>El Joventut tambi\u00e9n cuenta con la experiencia de dos referentes de la talla de <strong>Ante Tomic<\/strong> (38 a\u00f1os y 7 meses), que va camino de irrumpir en el podio hist\u00f3rico de valoraci\u00f3n acb, y <strong>Adam Hanga<\/strong> (36 a\u00f1os y 5 meses). Por otra parte, <strong>Sergio Llull<\/strong> (37 a\u00f1os y 10 meses) afronta la que ser\u00e1 su 21\u00aa temporada acb. Solo Felipe Reyes y Albert Oliver suman m\u00e1s.<\/p>\n<p>M\u00e1s abajo en la lista actual, completan la quinta de 1989 <strong>Pablo Almaz\u00e1n<\/strong> (36 a\u00f1os y 8 meses), <strong>Kyle Kuric<\/strong> (36 a\u00f1os y 1 mes) y <strong>Pere Tom\u00e0s<\/strong> (36 a\u00f1os y 1 mes).<\/p>\n<tr>\n#<br \/>\nJugador<br \/>\nEquipo<br \/>\nEdad<br \/>\n<\/tr>\n<tr>\n<td>1<\/td>\n<td><strong>Marcelinho Huertas<\/strong><\/td>\n<td>La Laguna Tenerife<\/td>\n<td>42 a\u00f1os y 4 meses<\/td>\n<\/tr>\n<tr>\n<td>2<\/td>\n<td><strong>Aaron Doornekamp<\/strong><\/td>\n<td>La Laguna Tenerife<\/td>\n<td>39 a\u00f1os y 10 meses<\/td>\n<\/tr>\n<tr>\n<td>3<\/td>\n<td><strong>Ante Tomic<\/strong><\/td>\n<td>Joventut Badalona<\/td>\n<td>38 a\u00f1os y 7 meses<\/td>\n<\/tr>\n<tr>\n<td>4<\/td>\n<td><strong>Sergio Llull<\/strong><\/td>\n<td>Real Madrid<\/td>\n<td>37 a\u00f1os y 10 meses<\/td>\n<\/tr>\n<tr>\n<td>5<\/td>\n<td><strong>Pablo Almaz\u00e1n<\/strong><\/td>\n<td>San Pablo Burgos<\/td>\n<td>36 a\u00f1os y 8 meses<\/td>\n<\/tr>\n<tr>\n<td>6<\/td>\n<td><strong>Giorgi Shermadini<\/strong><\/td>\n<td>La Laguna Tenerife<\/td>\n<td>36 a\u00f1os y 6 meses<\/td>\n<\/tr>\n<tr>\n<td>7<\/td>\n<td><strong>Adam Hanga<\/strong><\/td>\n<td>Joventut Badalona<\/td>\n<td>36 a\u00f1os y 5 meses<\/td>\n<\/tr>\n<tr>\n<td>8<\/td>\n<td><strong>Kyle Kuric<\/strong><\/td>\n<td>MoraBanc Andorra<\/td>\n<td>36 a\u00f1os y 1 mes<\/td>\n<\/tr>\n<tr>\n<td>9<\/td>\n<td><strong>Pere Tom\u00e0s<\/strong><\/td>\n<td>Coviran Granada<\/td>\n<td>36 a\u00f1os y 1 mes<\/td>\n<\/tr>\n<tr>\n<td>10<\/td>\n<td><strong>Tim Abromaitis<\/strong><\/td>\n<td>La Laguna Tenerife<\/td>\n<td>36 a\u00f1os<\/td>\n<\/tr>\n<p>Talentos emergentes<\/p>\n<p>      <img decoding=\"async\" alt=\"acb Photo \/ David Grau\" title=\"acb Photo \/ David Grau\"  src=\"https:\/\/www.europesays.com\/es\/wp-content\/uploads\/2025\/10\/0000530633-16-9-01.jpg\"\/><\/p>\n<p>\u00a9 acb Photo \/ David Grau<\/p>\n<p>El posible estreno de <strong>Mohamed Dabone<\/strong> tiene en vilo al mundo del baloncesto. El joven p\u00edvot del Bar\u00e7a, qui\u00e9n cumplir\u00e1 14 a\u00f1os este 21 de octubre, ya tuvo su carta de presentaci\u00f3n con el primer equipo blaugrana durante la pretemporada. Jug\u00f3 casi 10 minutos en el derbi catal\u00e1n ante el B\u00e0squet Girona, tiempo suficiente para sumar 4 puntos y 3 rebotes. En caso de debutar esta temporada, <strong>Dabone<\/strong> destrozar\u00e1 todos los registros de precocidad de la Liga Endesa. Cabe recordar que <strong>Ricky Rubio<\/strong> debut\u00f3 a la edad de 14 a\u00f1os y 359 d\u00edas, mientras que en 2021 <strong>Bassala Bagayoko<\/strong> bati\u00f3 ese r\u00e9cord con 14 a\u00f1os y 227 d\u00edas.<\/p>\n<p>Sin salirnos de la \u00f3rbita cul\u00e9, <strong>Sayon Keita<\/strong> (17 a\u00f1os y 7 meses), <strong>Arturas Butajevas<\/strong> (18 a\u00f1os y 6 meses) o <strong>Daniel Gonz\u00e1lez<\/strong> (18 a\u00f1os y 7 meses) ya estuvieron en din\u00e1mica del primer equipo a lo largo de varios partidos de la temporada pasada. Ser\u00eda de esperar que siguieran en esa l\u00ednea, o incluso aumentaran su rol.<\/p>\n<p>En cuanto al Baskonia, <strong>Stefan Joksimovic<\/strong> (16 a\u00f1os y 10 meses) disput\u00f3 sus primeros segundos como azulgrana esta misma semana en competici\u00f3n continental. Su siguiente paso es jugar en Liga Endesa y situarse entre los baskonistas m\u00e1s j\u00f3venes de siempre. Tambi\u00e9n con 16 a\u00f1os debutaron <strong>Pablo Laso<\/strong> (en 1984), <strong>Alberto Fr\u00edas<\/strong> (en 1987) y <strong>Juan Pedro Cazorla<\/strong> (en 1992).<\/p>\n<p>Finalmente, tenemos varios casos ya conocidos de jugadores j\u00f3venes que tendr\u00e1n un peso de mayor importancia en sus respectivos clubes: <strong>Michael Ruzic<\/strong> (19 a\u00f1os) en el Joventut; <strong>Bassala Bagayoko<\/strong> (19 a\u00f1os) en el Surne Bilbao Basket; <strong>Max Gasp\u00e0<\/strong> (19 a\u00f1os y 9 meses) en el BAXI Manresa; o, como no, el reci\u00e9n coronado MVP m\u00e1s joven de la historia de la Supercopa Endesa <strong>Sergio de Larrea<\/strong> (19 a\u00f1os y 10 meses) en el Valencia Basket.<\/p>\n<p>Top10 jugadores m\u00e1s bajos<\/p>\n<p>      <img decoding=\"async\" alt=\"Baskonia\" title=\"Baskonia\"  src=\"https:\/\/www.europesays.com\/es\/wp-content\/uploads\/2025\/09\/0000834318-16-9-01.jpg\"\/><\/p>\n<p>\u00a9 Baskonia<\/p>\n<p>El aterrizaje de <strong>Markquis Nowell<\/strong> al Baskonia nos deja uno de los titulares de este inicio de temporada. El base de 1,72 se convertir\u00e1 en el jugador m\u00e1s bajo en debutar en este siglo en Liga Endesa, siendo uno de los m\u00e1s peque\u00f1os que ha habido jam\u00e1s en la competici\u00f3n. El r\u00e9cord absoluto lo fij\u00f3 <strong>Quique Azc\u00f3n<\/strong> en la d\u00e9cada de los noventa, pues lleg\u00f3 a vestirse de corto con el J\u00faver Murcia y el Taugr\u00e9s Baskonia con una altura de 1,67. El propio Azc\u00f3n form\u00f3 junto a <strong>Pablo Laso<\/strong> (1,78) la que sigue siendo a d\u00eda de hoy la pareja de jugadores m\u00e1s baja registrada.<\/p>\n<p>Eso s\u00ed, ambos bases solo coincidieron durante dos jornadas ligueras a principios de 1994, llegando a compartir pista durante poco m\u00e1s de tres minutos ante el F\u00f3rum Valladolid de Oscar Schmidt. <strong>Nowell<\/strong> y <strong>Markus Howard<\/strong> tendr\u00e1n la oportunidad de jugar m\u00e1s minutos codo con codo que aquella dupla.<\/p>\n<p>Algunos tambi\u00e9n recordar\u00e9is el 1,70 de <strong>Keith Jennings<\/strong>, qui\u00e9n fue una de las sensaciones del Estudiantes Argentaria en el curso 1995-96 pese a llegar inicialmente como un refuerzo temporal. M\u00e1s adelante, en la 1999-00, tambi\u00e9n jug\u00f3 cuatro partidos con el Real Madrid. Le siguen en la lista hist\u00f3rica de bajitos el 1,71 de <strong>Toni Tramullas<\/strong> (RCD Espa\u00f1ol 1984-88), el 1,72 de <strong>Jordi Homs<\/strong> (Pe\u00f1as Recreativas Huesca en la 1983-84); o, ya en este milenio, el 1,74 de <strong>Chris McGuthrie<\/strong> (F\u00f3rum Valladolid en la 2003-04).<\/p>\n<p>Por otro lado, <strong>Andrew Albicy<\/strong> tiene los honores de ser el jugador m\u00e1s peque\u00f1o de toda la trayectoria acb de hasta dos clubes: MoraBanc Andorra y Dreamland Gran Canaria, donde comparte m\u00e9rito con Gonzalo Mart\u00ednez y Diego Quintana.<\/p>\n<tr>\n#<br \/>\nJugador<br \/>\nEquipo<br \/>\nAltura<br \/>\n<\/tr>\n<tr>\n<td>1<\/td>\n<td><strong>Markquis Nowell<\/strong><\/td>\n<td>Baskonia<\/td>\n<td>1,72<\/td>\n<\/tr>\n<tr>\n<td>2<\/td>\n<td><strong>Andrew Albicy<\/strong><\/td>\n<td>Dreamland Gran Canaria<\/td>\n<td>1,78<\/td>\n<\/tr>\n<tr>\n<td>=<\/td>\n<td><strong>Micah Speight<\/strong><\/td>\n<td>Coviran Granada<\/td>\n<td>1,78<\/td>\n<\/tr>\n<tr>\n<td>4<\/td>\n<td><strong>Markus Howard<\/strong><\/td>\n<td>Baskonia<\/td>\n<td>1,79<\/td>\n<\/tr>\n<tr>\n<td>5<\/td>\n<td><strong>Dewayne Russell<\/strong><\/td>\n<td>R\u00edo Breog\u00e1n<\/td>\n<td>1,80<\/td>\n<\/tr>\n<tr>\n<td>=<\/td>\n<td><strong>Derek Needham<\/strong><\/td>\n<td>B\u00e0squet Girona<\/td>\n<td>1,80<\/td>\n<\/tr>\n<tr>\n<td>7<\/td>\n<td><strong>Facundo Campazzo<\/strong><\/td>\n<td>Real Madrid<\/td>\n<td>1,81<\/td>\n<\/tr>\n<tr>\n<td>=<\/td>\n<td><strong>Ferran Bassas<\/strong><\/td>\n<td>MoraBanc Andorra<\/td>\n<td>1,81<\/td>\n<\/tr>\n<tr>\n<td>=<\/td>\n<td><strong>Otis Livingston<\/strong><\/td>\n<td>B\u00e0squet Girona<\/td>\n<td>1,81<\/td>\n<\/tr>\n<tr>\n<td>10<\/td>\n<td><strong>Jhivvan Jackson<\/strong><\/td>\n<td>San Pablo Burgos<\/td>\n<td>1,82<\/td>\n<\/tr>\n<p>Top10 jugadores m\u00e1s altos<\/p>\n<p>      <img decoding=\"async\" alt=\"\" title=\"\"  src=\"https:\/\/www.europesays.com\/es\/wp-content\/uploads\/2025\/10\/0000829903-16-9-01.jpg\"\/><\/p>\n<p>\u00a9 <\/p>\n<p>La \u00fanica nueva incorporaci\u00f3n a esta lista de gigantes de la Liga Endesa es la de <strong>Danko Brankovic<\/strong> con sus 2,17 de altura. El p\u00edvot de 24 a\u00f1os viene de ganar dos Bundesligas con el Bayern de Munich y pasar\u00e1 a ser el segundo jugador m\u00e1s alto de la historia del R\u00edo Breog\u00e1n. Solo es superado por los 2,19 del holand\u00e9s Serge Zwikker, qui\u00e9n lleg\u00f3 a disputar 20 partidos con el conjunto lucense en la temporada 1999-2000.<\/p>\n<p>Adem\u00e1s, como ya sucedi\u00f3 en el pasado curso, el jugador m\u00e1s alto de la Liga Endesa 2025-26 volver\u00e1 a ser el jugador del Bar\u00e7a <strong>Youssoupha Fall<\/strong> (2,21), seguido de cerca por el madridista <strong>Edy Tavares<\/strong> (2,20) y por el flamante fichaje del MoraBanc Andorra <strong>Artem Pustovyi<\/strong> (2,19). El r\u00e9cord hist\u00f3rico de altura sigue en propiedad del legendario <strong>Ralph Sampson<\/strong> (Unicaja, 1992) y de <strong>Christ Koumadje<\/strong> (Estudiantes, 2020) con sus respectivos 2,24.<\/p>\n<tr>\n#<br \/>\nJugador<br \/>\nEquipo<br \/>\nAltura<br \/>\n<\/tr>\n<tr>\n<td>1<\/td>\n<td>Youssoupha Fall<\/td>\n<td>Bar\u00e7a<\/td>\n<td>2,21<\/td>\n<\/tr>\n<tr>\n<td>2<\/td>\n<td>Edy Tavares<\/td>\n<td>Real Madrid<\/td>\n<td>2,20<\/td>\n<\/tr>\n<tr>\n<td>3<\/td>\n<td>Artem Pustovyi<\/td>\n<td>MoraBanc Andorra<\/td>\n<td>2,19<\/td>\n<\/tr>\n<tr>\n<td>4<\/td>\n<td>Ante Tomic<\/td>\n<td>Joventut Badalona<\/td>\n<td>2,17<\/td>\n<\/tr>\n<tr>\n<td>=<\/td>\n<td>Giorgi Shermadini<\/td>\n<td>La Laguna Tenerife<\/td>\n<td>2,17<\/td>\n<\/tr>\n<tr>\n<td>=<\/td>\n<td>Danko Brankovic<\/td>\n<td>R\u00edo Breog\u00e1n<\/td>\n<td>2,17<\/td>\n<\/tr>\n<tr>\n<td>7<\/td>\n<td>Olek Balcerowski<\/td>\n<td>Unicaja<\/td>\n<td>2,16<\/td>\n<\/tr>\n<tr>\n<td>8<\/td>\n<td>Khalifa Diop<\/td>\n<td>Baskonia<\/td>\n<td>2,15<\/td>\n<\/tr>\n<tr>\n<td>=<\/td>\n<td>Tryggvi Hlinason<\/td>\n<td>Surne Bilbao Basket<\/td>\n<td>2,15<\/td>\n<\/tr>\n<tr>\n<td>=<\/td>\n<td>Atoumane Diagne<\/td>\n<td>Hiopos Lleida<\/td>\n<td>2,15<\/td>\n<\/tr>\n<p>Recoletas Salud Burgos es acb<\/p>\n<p>      <img decoding=\"async\" alt=\"\" title=\"\"  src=\"https:\/\/www.europesays.com\/es\/wp-content\/uploads\/2025\/10\/0000823110-16-9-01.jpg\"\/><\/p>\n<p>\u00a9 <\/p>\n<p>A la tercera vez ha sido la vencida para un <strong>Recoletas Salud San Pablo Burgos<\/strong> que vuelve a la Liga Endesa despu\u00e9s de cuajar una temporada extraordinaria en Primera FEB. No pudo ser en el 2023, cuando el club castellanoleon\u00e9s cay\u00f3 en el partido decisivo de la Final Four ante el Zunder Palencia (83-95); ni tampoco en el 2024, cuando se le escap\u00f3 \u2018in extremis\u2019\u2019 el duelo de semifinales contra el For\u00e7a Lleida (77-80). Pero en este 2025 el ascenso ha ca\u00eddo por su propio peso.<\/p>\n<p>Bajo la direcci\u00f3n magistral del t\u00e9cnico <strong>Bruno Savignani<\/strong>, el Recoletas Salud San Pablo Burgos se proclam\u00f3 en el curso 2024-25 campe\u00f3n de Primera FEB y de la primera edici\u00f3n de la Copa Espa\u00f1a. Es m\u00e1s, el conjunto burgal\u00e9s tan solo concedi\u00f3 dos derrotas en 42 partidos oficiales, m\u00e1s un empate, adem\u00e1s de promediar 88,5 puntos por encuentro. Casi nada. Otro logro may\u00fasculo para un club que naci\u00f3 apenas hace diez a\u00f1os.<\/p>\n<tr>\nTemporada<br \/>\nCategor\u00eda<br \/>\nPosici\u00f3n<br \/>\n<\/tr>\n<tr>\n<td>2015-2016<\/td>\n<td>LEB Oro<\/td>\n<td>3.\u00ba<\/td>\n<\/tr>\n<tr>\n<td>2016-2017<\/td>\n<td>LEB Oro<\/td>\n<td>3.\u00ba<\/td>\n<\/tr>\n<tr>\n<td>2017-2018<\/td>\n<td>Liga Endesa<\/td>\n<td>14.\u00ba<\/td>\n<\/tr>\n<tr>\n<td>2018-2019<\/td>\n<td>Liga Endesa<\/td>\n<td>11.\u00ba<\/td>\n<\/tr>\n<tr>\n<td>2019-2020<\/td>\n<td>Liga Endesa<\/td>\n<td>Semifinalista<\/td>\n<\/tr>\n<tr>\n<td>2020-2021<\/td>\n<td>Liga Endesa<\/td>\n<td>Cuartos de final<\/td>\n<\/tr>\n<tr>\n<td>2021-2022<\/td>\n<td>Liga Endesa<\/td>\n<td>18.\u00ba<\/td>\n<\/tr>\n<tr>\n<td>2022-2023<\/td>\n<td>LEB Oro<\/td>\n<td>Finalista<\/td>\n<\/tr>\n<tr>\n<td>2023-2024<\/td>\n<td>LEB Oro<\/td>\n<td>Semifinalista<\/td>\n<\/tr>\n<tr>\n<td>2024-2025<\/td>\n<td>Primera FEB<\/td>\n<td>1.\u00ba<\/td>\n<\/tr>\n<p>En este breve periodo de tiempo, el Recoletas Salud San Pablo Burgos ha sido capaz de coleccionar varios \u00e9xitos de gran calado. En su palmar\u00e9s figuran <strong>dos t\u00edtulos de Basketball Champions League<\/strong> (2020 y 2021), <strong>una Copa Intercontinental<\/strong> (2021) y un subcampeonato (2022), <strong>una Copa de Espan\u0303a<\/strong> (2025) y <strong>una semifinal de Liga Endesa<\/strong> disputada en la Fase Final Extraordinaria del 2020. <\/p>\n<p>El club azul\u00f3n ya ronda los 8.000 abonados para la campa\u00f1a 2025-26, con lo que todo apunta a que el Coliseum presentar\u00e1 este s\u00e1bado a las 19h en la Jornada 1 una imagen similar a la que luci\u00f3 en el debut del 2017. Entonces, fueron 8.817 espectadores los que presenciaron los primeros pasos en el baloncesto de m\u00e1ximo nivel del Recoletas Salud San Pablo Burgos.<\/p>\n<p>Esta nueva etapa estar\u00e1 comandada por <strong>Savignani<\/strong>, el primer t\u00e9cnico principal brasile\u00f1o de la historia de la Liga Endesa, y por una plantilla que entremezcla juventud y veteran\u00eda. Hay hasta nueve jugadores con pasado acb: <strong>Dani D\u00edez<\/strong> (359 partidos), <strong>Sergi Garc\u00eda<\/strong> (237), <strong>Pablo Almaz\u00e1n<\/strong> (161), <strong>Raul Neto<\/strong> (132), <strong>Leo Meindl<\/strong> (64), <strong>Yannick Nzosa<\/strong> (53), <strong>Luke Fischer<\/strong> (50), <strong>Juan Rubio<\/strong> (23) y <strong>Gonzalo Corbal\u00e1n<\/strong> (1), que debut\u00f3 con la misma escuadra burgalesa en la 2021-22.<\/p>\n","protected":false},"excerpt":{"rendered":"La Liga Endesa vuelve a la acci\u00f3n este pr\u00f3ximo fin de semana del 4 y 5 de octubre&hellip;\n","protected":false},"author":2,"featured_media":154513,"comment_status":"","ping_status":"","sticky":false,"template":"","format":"standard","meta":{"footnotes":""},"categories":[93],"tags":[168,25,24,23,167],"class_list":{"0":"post-154512","1":"post","2":"type-post","3":"status-publish","4":"format-standard","5":"has-post-thumbnail","7":"category-deportes","8":"tag-deportes","9":"tag-es","10":"tag-espana","11":"tag-spain","12":"tag-sports"},"share_on_mastodon":{"url":"","error":""},"_links":{"self":[{"href":"https:\/\/www.europesays.com\/es\/wp-json\/wp\/v2\/posts\/154512","targetHints":{"allow":["GET"]}}],"collection":[{"href":"https:\/\/www.europesays.com\/es\/wp-json\/wp\/v2\/posts"}],"about":[{"href":"https:\/\/www.europesays.com\/es\/wp-json\/wp\/v2\/types\/post"}],"author":[{"embeddable":true,"href":"https:\/\/www.europesays.com\/es\/wp-json\/wp\/v2\/users\/2"}],"replies":[{"embeddable":true,"href":"https:\/\/www.europesays.com\/es\/wp-json\/wp\/v2\/comments?post=154512"}],"version-history":[{"count":0,"href":"https:\/\/www.europesays.com\/es\/wp-json\/wp\/v2\/posts\/154512\/revisions"}],"wp:featuredmedia":[{"embeddable":true,"href":"https:\/\/www.europesays.com\/es\/wp-json\/wp\/v2\/media\/154513"}],"wp:attachment":[{"href":"https:\/\/www.europesays.com\/es\/wp-json\/wp\/v2\/media?parent=154512"}],"wp:term":[{"taxonomy":"category","embeddable":true,"href":"https:\/\/www.europesays.com\/es\/wp-json\/wp\/v2\/categories?post=154512"},{"taxonomy":"post_tag","embeddable":true,"href":"https:\/\/www.europesays.com\/es\/wp-json\/wp\/v2\/tags?post=154512"}],"curies":[{"name":"wp","href":"https:\/\/api.w.org\/{rel}","templated":true}]}}