{"id":154523,"date":"2025-10-03T08:39:09","date_gmt":"2025-10-03T08:39:09","guid":{"rendered":"https:\/\/www.europesays.com\/es\/154523\/"},"modified":"2025-10-03T08:39:09","modified_gmt":"2025-10-03T08:39:09","slug":"el-ie-responde-a-peinado-que-no-tiene-correos-de-la-asesora-de-begona-gomez","status":"publish","type":"post","link":"https:\/\/www.europesays.com\/es\/154523\/","title":{"rendered":"El IE responde a Peinado que no tiene correos de la asesora de Bego\u00f1a G\u00f3mez"},"content":{"rendered":"<p>El Instituto de Empresa ha respondido al juez Juan Carlos Peinado, que investiga a Bego\u00f1a G\u00f3mez y su asesora en Moncloa, que no tiene correos de Cristina \u00c1lvarez, ni enviados ni recibidos. <\/p>\n<p>En un escrito al que ha tenido acceso RTVE y fechado a 30 de septiembre, el IE responde que \u00abhechas las averiguaciones oportunas, no se han encontrado en el IE correos electr\u00f3nicos o recibidos\u00bb de \u00c1lvarez. <\/p>\n<p>El IE da esta respuesta tras el oficio de Peinado del pasado 25 de septiembre en el que el magistrado les solicitaba copia de los correos electr\u00f3nicos. Una diligencia que se enmarca dentro de la investigaci\u00f3n que Peinado tiene abierta por supuesta malversaci\u00f3n de fondos p\u00fablicos. <\/p>\n<p>(NOTICIA EN AMPLIACI\u00d3N) <\/p>\n","protected":false},"excerpt":{"rendered":"El Instituto de Empresa ha respondido al juez Juan Carlos Peinado, que investiga a Bego\u00f1a G\u00f3mez y su&hellip;\n","protected":false},"author":2,"featured_media":154524,"comment_status":"","ping_status":"","sticky":false,"template":"","format":"standard","meta":{"footnotes":""},"categories":[8],"tags":[17,18,25,24,13,14,11,19,20,9,10,15,16,23,12,21,22],"class_list":{"0":"post-154523","1":"post","2":"type-post","3":"status-publish","4":"format-standard","5":"has-post-thumbnail","7":"category-espana","8":"tag-breaking-news","9":"tag-breakingnews","10":"tag-es","11":"tag-espana","12":"tag-featured-news","13":"tag-featurednews","14":"tag-headlines","15":"tag-latest-news","16":"tag-latestnews","17":"tag-news","18":"tag-noticias","19":"tag-noticias-destacadas","20":"tag-noticiasdestacadas","21":"tag-spain","22":"tag-titulares","23":"tag-ultimas-noticias","24":"tag-ultimasnoticias"},"share_on_mastodon":{"url":"","error":""},"_links":{"self":[{"href":"https:\/\/www.europesays.com\/es\/wp-json\/wp\/v2\/posts\/154523","targetHints":{"allow":["GET"]}}],"collection":[{"href":"https:\/\/www.europesays.com\/es\/wp-json\/wp\/v2\/posts"}],"about":[{"href":"https:\/\/www.europesays.com\/es\/wp-json\/wp\/v2\/types\/post"}],"author":[{"embeddable":true,"href":"https:\/\/www.europesays.com\/es\/wp-json\/wp\/v2\/users\/2"}],"replies":[{"embeddable":true,"href":"https:\/\/www.europesays.com\/es\/wp-json\/wp\/v2\/comments?post=154523"}],"version-history":[{"count":0,"href":"https:\/\/www.europesays.com\/es\/wp-json\/wp\/v2\/posts\/154523\/revisions"}],"wp:featuredmedia":[{"embeddable":true,"href":"https:\/\/www.europesays.com\/es\/wp-json\/wp\/v2\/media\/154524"}],"wp:attachment":[{"href":"https:\/\/www.europesays.com\/es\/wp-json\/wp\/v2\/media?parent=154523"}],"wp:term":[{"taxonomy":"category","embeddable":true,"href":"https:\/\/www.europesays.com\/es\/wp-json\/wp\/v2\/categories?post=154523"},{"taxonomy":"post_tag","embeddable":true,"href":"https:\/\/www.europesays.com\/es\/wp-json\/wp\/v2\/tags?post=154523"}],"curies":[{"name":"wp","href":"https:\/\/api.w.org\/{rel}","templated":true}]}}