{"id":154525,"date":"2025-10-03T08:40:13","date_gmt":"2025-10-03T08:40:13","guid":{"rendered":"https:\/\/www.europesays.com\/es\/154525\/"},"modified":"2025-10-03T08:40:13","modified_gmt":"2025-10-03T08:40:13","slug":"empleo-apuesta-por-la-recuperacion-de-los-oficios-artesanos-y-el-relevo-generacional-noticias","status":"publish","type":"post","link":"https:\/\/www.europesays.com\/es\/154525\/","title":{"rendered":"Empleo apuesta por la recuperaci\u00f3n de los oficios artesanos y el relevo generacional &#8211; Noticias"},"content":{"rendered":"<p>La consejera de\u00a0<a href=\"https:\/\/www.juntadeandalucia.es\/organismos\/empleoempresaytrabajoautonomo.html\" rel=\"nofollow noopener\" target=\"_blank\">Empleo, Empresa y Trabajo Aut\u00f3nomo<\/a>, Roc\u00edo Blanco, ha apostado por recuperar\u00a0<strong>los oficios artesanos y garantizar el relevo generacional en el sector,\u00a0<\/strong>y ha se\u00f1alado la necesidad de \u00absituar la artesan\u00eda en el centro de nuestras pol\u00edticas culturales, econ\u00f3micas y sociales\u00bb.\u00a0<strong>\u00abNo hablamos solo de identidad o tradici\u00f3n, hablamos tambi\u00e9n de empleo, arraigo y oportunidades de futuro para nuestros pueblos<\/strong>\u00ab, ha agregado.<\/p>\n<p>Roc\u00edo Blanco ha clausurado el acto de entrega de los VIII Premios de la Artesan\u00eda de Andaluc\u00eda, celebrados en C\u00e1diz,\u00a0<strong>evento que ha servido de marco para la presentaci\u00f3n del Libro Rojo del sector<\/strong>, un exhaustivo diagn\u00f3stico, elaborado por su departamento,\u00a0<strong>que cifra en un 68% los oficios artesanos que est\u00e1n en riesgo de desaparecer,\u00a0<\/strong>principalmente por la dificultad en la transmisi\u00f3n de saberes.<\/p>\n<p>En este sentido, Blanco ha subrayado que \u00abla artesan\u00eda andaluza vive un momento de gran visibilidad en la moda, el dise\u00f1o y el turismo cultural, pero su continuidad est\u00e1 seriamente amenazada si no logramos garantizar el relevo generacional\u00bb, al tiempo que ha recalcado que\u00a0<strong>la artesan\u00eda no es un oficio del pasado, sino una profesi\u00f3n con futuro, creativa y sostenible<\/strong>.<\/p>\n<p>El Libro Rojo de la Artesan\u00eda en Andaluc\u00eda, que ya se encuentra disponible en formato digital en la\u00a0<a href=\"https:\/\/www.juntadeandalucia.es\/organismos\/empleoempresaytrabajoautonomo.html\" rel=\"nofollow noopener\" target=\"_blank\">web de la Consejer\u00eda de Empleo<\/a>, analiza en profundidad las causas de la fragilidad del sector y plantea propuestas para asegurar su futuro. Junto a la falta de relevo generacional, el estudio identifica como principales amenazas, la escasa visibilidad de la producci\u00f3n artesana y la competencia de los mercados industriales.<\/p>\n<p>El Gobierno andaluz impulsa este \u00e1mbito a trav\u00e9s del\u00a0<strong>IV Plan para el Fomento de la Artesan\u00eda de Andaluc\u00eda<\/strong>, con 14,4 millones de euros destinados al crecimiento, la competitividad y la consolidaci\u00f3n de este sector, con ayudas concretas como las destinadas a la transformaci\u00f3n digital de las pymes comerciales y artesanas (7 millones de euros); la dinamizaci\u00f3n de la actividad a trav\u00e9s su asociacionismo (1,85 millones); y la promoci\u00f3n del comercio de proximidad y la artesan\u00eda de la zona desde los ayuntamientos y las entidades locales (1,43 millones).<\/p>\n<p>El sector artesanal andaluz ocupa a\u00a0<strong>20.000 personas<\/strong>\u00a0en m\u00e1s de\u00a0<strong>7.000 empresas<\/strong>\u00a0(el 18% del total nacional), con 159 oficios catalogados, m\u00e1s de 2.500 talleres, 11 Zonas de Inter\u00e9s Artesanal y 95 Maestros y Maestras Artesanos reconocidos oficialmente.<\/p>\n<p><strong>VIII Premios a la Artesan\u00eda de Andaluc\u00eda<\/strong><\/p>\n<p>Estos galardones, convocados por la Consejer\u00eda de Empleo, reconocen a empresas y profesionales artesanos andaluces por su aportaci\u00f3n al desarrollo del sector y distinguen la innovaci\u00f3n, creatividad, compromiso medioambiental, promoci\u00f3n y comercializaci\u00f3n en el \u00e1mbito de la artesan\u00eda.<\/p>\n<p>En esta edici\u00f3n, el jurado ha decidido otorgar el\u00a0<strong>Premio a la Artesan\u00eda a Ana Mart\u00ednez Mart\u00ednez (Bubi\u00f3n)<\/strong>, por su labor en la preservaci\u00f3n del tejido tradicional en bajo lizo de la Alpujarra granadina. Con una trayectoria artesanal de m\u00e1s de 36 a\u00f1os vinculada a la Tejedur\u00eda, fue reconocida como Maestra artesana en 2012 y su taller es Punto de Inter\u00e9s Artesanal desde 2016.<\/p>\n<p><strong>Alejandro Carrero Fern\u00e1ndez (C\u00f3rdoba)<\/strong>\u00a0ha recibido el Premio Andaluz a la Obra Singular, por \u00abEl Rosal\u00bb, distinguida como la mejor pieza de artesan\u00eda, original e in\u00e9dita, que conjuga en su elaboraci\u00f3n la creatividad, el dise\u00f1o y el respeto por las t\u00e9cnicas de la joyer\u00eda tradicional. Realizada en plata de ley, con ba\u00f1o de oro de 24 kilates, destaca su excelente representaci\u00f3n de la planta y el gran cuidado que aplica en sus detalles, que complementa con una esmerada representaci\u00f3n de peque\u00f1a fauna de los jardines.<\/p>\n<p><strong>Mar\u00eda Esther Moreno Mart\u00ednez (\u00dabeda)<\/strong>, ha sido galardonada con el Premio Andaluz a la Innovaci\u00f3n y la Investigaci\u00f3n en Artesan\u00eda por su proyecto de cer\u00e1mica contempor\u00e1nea que a\u00fana la tradici\u00f3n artesanal y la innovaci\u00f3n tecnol\u00f3gica, con la integraci\u00f3n de nuevas t\u00e9cnicas como la impresi\u00f3n 3D. Doctora en Bellas Artes, impulsa el trabajo colaborativo con artesanos de diferentes disciplinas -cester\u00eda, carpinter\u00eda y pigmentaci\u00f3n natural- resignificando la artesan\u00eda y expandiendo su alcance a nuevos lenguajes y mercados.<\/p>\n<p>Finalmente, el\u00a0<strong>Premio Andaluz a la Calidad en la Promoci\u00f3n y Comercializaci\u00f3n de la Artesan\u00eda ha reca\u00eddo en Crist\u00f3bal Donaire Barea, \u00abBalcris\u00bb\u00a0<\/strong>(Jerez de la Frontera), por su labor de divulgaci\u00f3n y difusi\u00f3n, contribuyendo al prestigio y visibilidad de la artesan\u00eda andaluza en la sociedad. Con m\u00e1s de 25 a\u00f1os de trayectoria internacional en el \u00e1mbito de la pintura y la escultura, sus obras se distinguen por el empleo de colores intensos y por la inspiraci\u00f3n que encuentra en la tauromaquia, la cultura espa\u00f1ola, Andaluc\u00eda y la impronta art\u00edstica de Picasso.<\/p>\n","protected":false},"excerpt":{"rendered":"La consejera de\u00a0Empleo, Empresa y Trabajo Aut\u00f3nomo, Roc\u00edo Blanco, ha apostado por recuperar\u00a0los oficios artesanos y garantizar el&hellip;\n","protected":false},"author":2,"featured_media":154526,"comment_status":"","ping_status":"","sticky":false,"template":"","format":"standard","meta":{"footnotes":""},"categories":[5],"tags":[17,18,46443,25,24,13,14,11,19,20,9,10,15,16,23,12,21,22],"class_list":{"0":"post-154525","1":"post","2":"type-post","3":"status-publish","4":"format-standard","5":"has-post-thumbnail","7":"category-titulares","8":"tag-breaking-news","9":"tag-breakingnews","10":"tag-comercio-y-artesania","11":"tag-es","12":"tag-espana","13":"tag-featured-news","14":"tag-featurednews","15":"tag-headlines","16":"tag-latest-news","17":"tag-latestnews","18":"tag-news","19":"tag-noticias","20":"tag-noticias-destacadas","21":"tag-noticiasdestacadas","22":"tag-spain","23":"tag-titulares","24":"tag-ultimas-noticias","25":"tag-ultimasnoticias"},"share_on_mastodon":{"url":"","error":""},"_links":{"self":[{"href":"https:\/\/www.europesays.com\/es\/wp-json\/wp\/v2\/posts\/154525","targetHints":{"allow":["GET"]}}],"collection":[{"href":"https:\/\/www.europesays.com\/es\/wp-json\/wp\/v2\/posts"}],"about":[{"href":"https:\/\/www.europesays.com\/es\/wp-json\/wp\/v2\/types\/post"}],"author":[{"embeddable":true,"href":"https:\/\/www.europesays.com\/es\/wp-json\/wp\/v2\/users\/2"}],"replies":[{"embeddable":true,"href":"https:\/\/www.europesays.com\/es\/wp-json\/wp\/v2\/comments?post=154525"}],"version-history":[{"count":0,"href":"https:\/\/www.europesays.com\/es\/wp-json\/wp\/v2\/posts\/154525\/revisions"}],"wp:featuredmedia":[{"embeddable":true,"href":"https:\/\/www.europesays.com\/es\/wp-json\/wp\/v2\/media\/154526"}],"wp:attachment":[{"href":"https:\/\/www.europesays.com\/es\/wp-json\/wp\/v2\/media?parent=154525"}],"wp:term":[{"taxonomy":"category","embeddable":true,"href":"https:\/\/www.europesays.com\/es\/wp-json\/wp\/v2\/categories?post=154525"},{"taxonomy":"post_tag","embeddable":true,"href":"https:\/\/www.europesays.com\/es\/wp-json\/wp\/v2\/tags?post=154525"}],"curies":[{"name":"wp","href":"https:\/\/api.w.org\/{rel}","templated":true}]}}