{"id":154527,"date":"2025-10-03T08:41:08","date_gmt":"2025-10-03T08:41:08","guid":{"rendered":"https:\/\/www.europesays.com\/es\/154527\/"},"modified":"2025-10-03T08:41:08","modified_gmt":"2025-10-03T08:41:08","slug":"primer-desplazamiento-lobas-global-atac-oviedo","status":"publish","type":"post","link":"https:\/\/www.europesays.com\/es\/154527\/","title":{"rendered":"PRIMER DESPLAZAMIENTO | Lobas Global Atac Oviedo"},"content":{"rendered":"<p>El Lobas Global Atac Oviedo viaja por primera vez en esta temporada. Las pupilas de Manolo D\u00edaz se desplazan a Vigo para verse las caras ma\u00f1ana (20:15 horas) con el Carballal en encuentro correspondiente a la segunda jornada liguera de Divisi\u00f3n de Honor Oro.<\/p>\n<p><a href=\"https:\/\/lobasglobalatacoviedo.com\/wp-content\/uploads\/2025\/10\/20251003-carmen.jpg\" rel=\"nofollow noopener\" target=\"_blank\"><img loading=\"lazy\" decoding=\"async\" data-attachment-id=\"10534\" data-permalink=\"https:\/\/lobasglobalatacoviedo.com\/2025\/10\/03\/primer-desplazamiento\/20251003-carmen\/\" data-orig-file=\"https:\/\/lobasglobalatacoviedo.com\/wp-content\/uploads\/2025\/10\/20251003-carmen.jpg\" data-orig-size=\"1024,680\" data-comments-opened=\"0\" data-image-meta=\"{&quot;aperture&quot;:&quot;4.5&quot;,&quot;credit&quot;:&quot;&quot;,&quot;camera&quot;:&quot;Canon EOS 1200D&quot;,&quot;caption&quot;:&quot;&quot;,&quot;created_timestamp&quot;:&quot;1759005873&quot;,&quot;copyright&quot;:&quot;&quot;,&quot;focal_length&quot;:&quot;105&quot;,&quot;iso&quot;:&quot;2500&quot;,&quot;shutter_speed&quot;:&quot;0.0008&quot;,&quot;title&quot;:&quot;&quot;,&quot;orientation&quot;:&quot;1&quot;}\" data-image-title=\"20251003-carmen\" data-image-description=\"\" data-image-caption=\"\" data-medium-file=\"https:\/\/lobasglobalatacoviedo.com\/wp-content\/uploads\/2025\/10\/20251003-carmen.jpg?w=300\" data-large-file=\"https:\/\/lobasglobalatacoviedo.com\/wp-content\/uploads\/2025\/10\/20251003-carmen.jpg?w=604\" width=\"1024\" height=\"680\" src=\"https:\/\/www.europesays.com\/es\/wp-content\/uploads\/2025\/10\/20251003-carmen.jpg\" alt=\"\" class=\"wp-image-10534\"\/><\/a><\/p>\n<p>El conjunto ovetense comenz\u00f3 la Liga con una victoria por 23-19 ante el Sch\u00e4r Colores Zaragoza. Las azules aspiran ahora a sumar su primer triunfo a domicilio ante un correoso rival, que en la primera jornada perdi\u00f3 en Le\u00f3n contra el Caja Rural Cleba en un festival goleador (42-36).<\/p>\n<p>\u00abEs un partido muy dif\u00edcil siempre\u00bb, advierte Manolo D\u00edaz. El entrenador del Lobas Global Atac Oviedo destaca que el Carballal \u00abes un equipo con un juego pr\u00e1cticamente memor\u00edstico, con un ritmo alto, gente muy joven y muy intensa\u00bb y que saca especial partido al factor cancha porque \u00abel p\u00fablico es muy animoso\u00bb.<\/p>\n<p>El arbitraje correr\u00e1 a cargo de los castellanoleoneses Ra\u00fal L\u00f3pez Burgue\u00f1o y \u00c1lvaro Garc\u00eda San Jos\u00e9. El choque podr\u00e1 verse en directo en streaming a trav\u00e9s del canal de YouTube del Carballal.<\/p>\n","protected":false},"excerpt":{"rendered":"El Lobas Global Atac Oviedo viaja por primera vez en esta temporada. Las pupilas de Manolo D\u00edaz se&hellip;\n","protected":false},"author":2,"featured_media":154528,"comment_status":"","ping_status":"","sticky":false,"template":"","format":"standard","meta":{"footnotes":""},"categories":[278],"tags":[376,168,25,24,375,23,167],"class_list":{"0":"post-154527","1":"post","2":"type-post","3":"status-publish","4":"format-standard","5":"has-post-thumbnail","7":"category-balonmano","8":"tag-balonmano","9":"tag-deportes","10":"tag-es","11":"tag-espana","12":"tag-handball","13":"tag-spain","14":"tag-sports"},"share_on_mastodon":{"url":"","error":""},"_links":{"self":[{"href":"https:\/\/www.europesays.com\/es\/wp-json\/wp\/v2\/posts\/154527","targetHints":{"allow":["GET"]}}],"collection":[{"href":"https:\/\/www.europesays.com\/es\/wp-json\/wp\/v2\/posts"}],"about":[{"href":"https:\/\/www.europesays.com\/es\/wp-json\/wp\/v2\/types\/post"}],"author":[{"embeddable":true,"href":"https:\/\/www.europesays.com\/es\/wp-json\/wp\/v2\/users\/2"}],"replies":[{"embeddable":true,"href":"https:\/\/www.europesays.com\/es\/wp-json\/wp\/v2\/comments?post=154527"}],"version-history":[{"count":0,"href":"https:\/\/www.europesays.com\/es\/wp-json\/wp\/v2\/posts\/154527\/revisions"}],"wp:featuredmedia":[{"embeddable":true,"href":"https:\/\/www.europesays.com\/es\/wp-json\/wp\/v2\/media\/154528"}],"wp:attachment":[{"href":"https:\/\/www.europesays.com\/es\/wp-json\/wp\/v2\/media?parent=154527"}],"wp:term":[{"taxonomy":"category","embeddable":true,"href":"https:\/\/www.europesays.com\/es\/wp-json\/wp\/v2\/categories?post=154527"},{"taxonomy":"post_tag","embeddable":true,"href":"https:\/\/www.europesays.com\/es\/wp-json\/wp\/v2\/tags?post=154527"}],"curies":[{"name":"wp","href":"https:\/\/api.w.org\/{rel}","templated":true}]}}