{"id":154533,"date":"2025-10-03T08:45:14","date_gmt":"2025-10-03T08:45:14","guid":{"rendered":"https:\/\/www.europesays.com\/es\/154533\/"},"modified":"2025-10-03T08:45:14","modified_gmt":"2025-10-03T08:45:14","slug":"el-grancanario-ivan-marrero-se-corona-en-turquia","status":"publish","type":"post","link":"https:\/\/www.europesays.com\/es\/154533\/","title":{"rendered":"El grancanario Iv\u00e1n Marrero se corona en Turqu\u00eda"},"content":{"rendered":"<p><a class=\"v-mdl-ath__fig-a\" href=\"https:\/\/www.canarias7.es\/autor\/canarias7-6545.html\" title=\"CANARIAS7\" rel=\"nofollow noopener\" target=\"_blank\"><br \/>\n<img decoding=\"async\" class=\"v-mdl-ath__img\" src=\"https:\/\/www.europesays.com\/es\/wp-content\/uploads\/2025\/08\/1754689268_701_autor-6545-foto-1.png\" alt=\"CANARIAS7\"\/><br \/>\n<\/a><\/p>\n<p class=\"v-mdl-ath__p v-mdl-ath__p--6\">\nLunes, 29 de septiembre 2025, 16:34<\/p>\n<p>| Actualizado 16:46h.<\/p>\n<p class=\"v-p\">El grancanario Iv\u00e1n Marrero ha celebrado su 27 cumplea\u00f1os alzando su segundo triunfo consecutivo en los torneos internacionales ITF de Kayseri (15.000$), en Turqu\u00eda, donde el pasado domingo super\u00f3 al brit\u00e1nico Matthew Summers 7-6(3) 6-3 en la final del torneo n\u00famero ocho.<\/p>\n<p class=\"v-p\">Marrero hab\u00eda estrenado su palmar\u00e9s profesional la semana pasada en las mismas pistas, en una temporada en la que anteriormente hab\u00eda sido semifinalista en uno de los torneos M15 de Heracli\u00f3n, en la isla griega de Creta, adem\u00e1s de alcanzar los cuartos de final en los M25 de Castelo Branco (Portugal) y Oviedo, y en el M15 de Huamantla (M\u00e9xico).<\/p>\n<p class=\"v-p\">El isle\u00f1o no ha podido completar el doblete en la prueba por parejas en la que ha formado junto al franc\u00e9s Constantin Bittoun Kouzmine al verse superados en la final por el estadounidense Phillip Jordan y al brit\u00e1nico Joe Tyler 6-4 3-6 [11-9].<\/p>\n<p class=\"v-p\">As\u00ed pues, el deportista grancanario contin\u00faa haciendo carrera y sumando experiencias profesionales por todas partes del mundo. Con todo, Iv\u00e1n Marrero espera seguir creciendo.<\/p>\n<p>Reporta un error<\/p>\n","protected":false},"excerpt":{"rendered":"Lunes, 29 de septiembre 2025, 16:34 | Actualizado 16:46h. El grancanario Iv\u00e1n Marrero ha celebrado su 27 cumplea\u00f1os&hellip;\n","protected":false},"author":2,"featured_media":154534,"comment_status":"","ping_status":"","sticky":false,"template":"","format":"standard","meta":{"footnotes":""},"categories":[274],"tags":[4182,168,25,24,46445,6267,4358,17514,23,167,327,326,8584],"class_list":{"0":"post-154533","1":"post","2":"type-post","3":"status-publish","4":"format-standard","5":"has-post-thumbnail","7":"category-tenis","8":"tag-corona","9":"tag-deportes","10":"tag-es","11":"tag-espana","12":"tag-grancanario","13":"tag-itf","14":"tag-ivan","15":"tag-marrero","16":"tag-spain","17":"tag-sports","18":"tag-tenis","19":"tag-tennis","20":"tag-turquia"},"share_on_mastodon":{"url":"","error":""},"_links":{"self":[{"href":"https:\/\/www.europesays.com\/es\/wp-json\/wp\/v2\/posts\/154533","targetHints":{"allow":["GET"]}}],"collection":[{"href":"https:\/\/www.europesays.com\/es\/wp-json\/wp\/v2\/posts"}],"about":[{"href":"https:\/\/www.europesays.com\/es\/wp-json\/wp\/v2\/types\/post"}],"author":[{"embeddable":true,"href":"https:\/\/www.europesays.com\/es\/wp-json\/wp\/v2\/users\/2"}],"replies":[{"embeddable":true,"href":"https:\/\/www.europesays.com\/es\/wp-json\/wp\/v2\/comments?post=154533"}],"version-history":[{"count":0,"href":"https:\/\/www.europesays.com\/es\/wp-json\/wp\/v2\/posts\/154533\/revisions"}],"wp:featuredmedia":[{"embeddable":true,"href":"https:\/\/www.europesays.com\/es\/wp-json\/wp\/v2\/media\/154534"}],"wp:attachment":[{"href":"https:\/\/www.europesays.com\/es\/wp-json\/wp\/v2\/media?parent=154533"}],"wp:term":[{"taxonomy":"category","embeddable":true,"href":"https:\/\/www.europesays.com\/es\/wp-json\/wp\/v2\/categories?post=154533"},{"taxonomy":"post_tag","embeddable":true,"href":"https:\/\/www.europesays.com\/es\/wp-json\/wp\/v2\/tags?post=154533"}],"curies":[{"name":"wp","href":"https:\/\/api.w.org\/{rel}","templated":true}]}}