{"id":154535,"date":"2025-10-03T08:46:11","date_gmt":"2025-10-03T08:46:11","guid":{"rendered":"https:\/\/www.europesays.com\/es\/154535\/"},"modified":"2025-10-03T08:46:11","modified_gmt":"2025-10-03T08:46:11","slug":"pogacar-y-evenepoel-se-citan-de-nuevo-en-los-europeos-que-comienzan-este-miercoles-txirrindularitza","status":"publish","type":"post","link":"https:\/\/www.europesays.com\/es\/154535\/","title":{"rendered":"Pogacar y Evenepoel se citan de nuevo en los Europeos que comienzan este mi\u00e9rcoles | Txirrindularitza"},"content":{"rendered":"<p>        <img decoding=\"async\" alt=\"Evenepoel y Pogacar se saludan durante el pasado Tour.\" height=\"800\" loading=\"lazy\"  src=\"https:\/\/www.europesays.com\/es\/wp-content\/uploads\/2025\/10\/Evenepoel-Pogacar.jpg\"  width=\"1200\"\/>Evenepoel y Pogacar se saludan durante el pasado Tour. (Jasper JACOBS | AFP)<\/p>\n<p>Tadej Pogacar y Remco Evenepoel, grandes protagonistas de los Mundiales de ciclismo de Ruanda, se citan una semana despu\u00e9s en los Campeonatos de Europa de Ciclismo en Ruta que se disputan entre el mi\u00e9rcoles y el domingo, del 1 al 5 de octubre, en los departamentos franceses de Ardeche y Drome.<\/p>\n<p>Pogacar busca seguir ampliando un palmar\u00e9s excepcional, ya con 4 Tours y dos oros mundialistas \u2013<a href=\"https:\/\/www.naiz.eus\/eu\/info\/noticia\/20250928\/pogacar-agranda-su-leyenda-con-el-segundo-arcoiris-y-otra-exhibicion-para-el-recuerdo\" rel=\"nofollow noopener\" target=\"_blank\">el \u00faltimo, este pasado domingo<\/a>\u2013, entre otras much\u00edsimas victorias, que ya parece solo competir con el del gran Eddy Merckx.<\/p>\n<p>Evenepoel, tambi\u00e9n con su compatriota como referencia, busca el reto en la crono de sumar el maillot de campe\u00f3n de Europa a los de <a href=\"https:\/\/www.naiz.eus\/eu\/info\/noticia\/20240803\/doblete-para-remco-evenepoel-en-una-carrera-con-emocion-hasta-el-final\" rel=\"nofollow noopener\" target=\"_blank\">campe\u00f3n ol\u00edmpico<\/a>, <a href=\"https:\/\/www.naiz.eus\/eu\/info\/noticia\/20250922\/evenepoel-se-exhibe-retiene-el-oro-y-deja-una-imagen-para-la-historia-doblando-a-pogacar\" rel=\"nofollow noopener\" target=\"_blank\">mundial<\/a> y de B\u00e9lgica. Una buena colecci\u00f3n.<\/p>\n<p>No obstante, ambos tendr\u00e1n nuevos rivales que intentar\u00e1n hacerles la sombra que no lograron profesionales de todo el planeta en Kigali, la capital de Ruanda, donde se disputaron los primeros mundiales africanos.<\/p>\n<p>Especialmente en la prueba en l\u00ednea del domingo, en la que se espera a corredores que brillaron en la Vuelta pero que no estuvieron en el Mundial y a los que se les presume opciones.<\/p>\n<p>Como el dan\u00e9s Jonas Vingegaard, dos veces ganador del Tour y este a\u00f1o de la Vuelta, el portugu\u00e9s Joao Almeida, segundo en la Vuelta, o Mads Pedersen, de los mejores &#8216;clasic\u00f3manos&#8217; del pelot\u00f3n y maillot verde en la Vuelta a base de esfuerzo y trabajo.<\/p>\n<p>Adem\u00e1s, en esa carrera en l\u00ednea se presume tambi\u00e9n alguno m\u00e1s de los que brillaron en Ruanda, como Juan Ayuso, el \u00fanico que sigui\u00f3 a Pogacar en su ataque definitivo a 105 km de meta y al final octavo tras una buena carrera.<\/p>\n<p>Tambi\u00e9n el dan\u00e9s Mattias Skjelmose Jensen y el let\u00f3n Toms Skujins, brillantes cuarto y quinto en Kigali, y, a falta de conocer el listado definitivo, tambi\u00e9n el portugu\u00e9s Alfonso Eulalio, noveno en el Mundial.<\/p>\n<p>Y para la crono, a Evenepoel se le a\u00f1ade un rival de enjundia: el italiano Filippo Ganna, coleccionista de oros y medallas en grandes competiciones contrarreloj y ganador tambi\u00e9n de la CRI de la Vuelta.<\/p>\n<p><strong>Ostiz encabeza la delegaci\u00f3n vasca<\/strong><\/p>\n<p>Entre los corredores vascos que van a participar, destaca la presencia de la navarra Paula Ostiz. En el Mundial logr\u00f3 <a href=\"https:\/\/www.naiz.eus\/eu\/info\/noticia\/20250927\/paula-ostiz-campeona-del-mundo-22-anos-despues-el-arcoiris-vuelve-a-euskal-herria\" rel=\"nofollow noopener\" target=\"_blank\">un oro en ruta<\/a> y <a href=\"https:\/\/www.naiz.eus\/eu\/info\/noticia\/20250923\/la-iruindarra-paula-ostiz-plata-en-el-mundial-junior-contrarreloj-superada-por-arens\" rel=\"nofollow noopener\" target=\"_blank\">una plata en la contrarreloj<\/a> en categor\u00eda j\u00fanior y ser\u00e1 una de las estrellas de la competici\u00f3n.<\/p>\n<p>En la contrarreloj j\u00fanior de este mi\u00e9rcoles, adem\u00e1s de Ostiz, tambi\u00e9n estar\u00e1n Irati Aranguren y E\u00f1aut Urkaregi. Adem\u00e1s, todos ellos tomar\u00e1n parte tambi\u00e9n en la prueba en ruta, que tendr\u00e1 lugar el viernes.<\/p>\n<p>En sub-23, Ayala Serrano tomar\u00e1 parte en la prueba en ruta del viernes y en \u00e9lite, en la prueba en l\u00ednea del domingo, tambi\u00e9n habr\u00e1 grandes corredores, j\u00f3venes pero cargados de futuro como Igor Arrieta, Markel Beloki y Urko Berrade. Maite Urteaga ser\u00e1 la corredora vasca en f\u00e9minas.<\/p>\n","protected":false},"excerpt":{"rendered":"Evenepoel y Pogacar se saludan durante el pasado Tour. (Jasper JACOBS | AFP) Tadej Pogacar y Remco Evenepoel,&hellip;\n","protected":false},"author":2,"featured_media":154536,"comment_status":"","ping_status":"","sticky":false,"template":"","format":"standard","meta":{"footnotes":""},"categories":[273],"tags":[313,9256,16842,312,168,25,24,9062,2680,295,524,549,23,167,1511],"class_list":{"0":"post-154535","1":"post","2":"type-post","3":"status-publish","4":"format-standard","5":"has-post-thumbnail","7":"category-ciclismo","8":"tag-ciclismo","9":"tag-citan","10":"tag-comienzan","11":"tag-cycling","12":"tag-deportes","13":"tag-es","14":"tag-espana","15":"tag-europeos","16":"tag-evenepoel","17":"tag-miercoles","18":"tag-nuevo","19":"tag-pogacar","20":"tag-spain","21":"tag-sports","22":"tag-y"},"share_on_mastodon":{"url":"","error":""},"_links":{"self":[{"href":"https:\/\/www.europesays.com\/es\/wp-json\/wp\/v2\/posts\/154535","targetHints":{"allow":["GET"]}}],"collection":[{"href":"https:\/\/www.europesays.com\/es\/wp-json\/wp\/v2\/posts"}],"about":[{"href":"https:\/\/www.europesays.com\/es\/wp-json\/wp\/v2\/types\/post"}],"author":[{"embeddable":true,"href":"https:\/\/www.europesays.com\/es\/wp-json\/wp\/v2\/users\/2"}],"replies":[{"embeddable":true,"href":"https:\/\/www.europesays.com\/es\/wp-json\/wp\/v2\/comments?post=154535"}],"version-history":[{"count":0,"href":"https:\/\/www.europesays.com\/es\/wp-json\/wp\/v2\/posts\/154535\/revisions"}],"wp:featuredmedia":[{"embeddable":true,"href":"https:\/\/www.europesays.com\/es\/wp-json\/wp\/v2\/media\/154536"}],"wp:attachment":[{"href":"https:\/\/www.europesays.com\/es\/wp-json\/wp\/v2\/media?parent=154535"}],"wp:term":[{"taxonomy":"category","embeddable":true,"href":"https:\/\/www.europesays.com\/es\/wp-json\/wp\/v2\/categories?post=154535"},{"taxonomy":"post_tag","embeddable":true,"href":"https:\/\/www.europesays.com\/es\/wp-json\/wp\/v2\/tags?post=154535"}],"curies":[{"name":"wp","href":"https:\/\/api.w.org\/{rel}","templated":true}]}}