{"id":154539,"date":"2025-10-03T08:48:22","date_gmt":"2025-10-03T08:48:22","guid":{"rendered":"https:\/\/www.europesays.com\/es\/154539\/"},"modified":"2025-10-03T08:48:22","modified_gmt":"2025-10-03T08:48:22","slug":"stephen-curry-y-su-hermano-seth-jugaran-juntos-en-los-warriors-en-nba","status":"publish","type":"post","link":"https:\/\/www.europesays.com\/es\/154539\/","title":{"rendered":"Stephen Curry y su hermano Seth jugar\u00e1n juntos en los Warriors en NBA"},"content":{"rendered":"<p>                                        ENVIAR<\/p>\n<p>                                            <img decoding=\"async\" src=\"https:\/\/www.europesays.com\/es\/wp-content\/uploads\/2025\/07\/ajax-loader.gif\"\/><br \/>\n                                            Enviando correcci\u00f3n, espere un momento&#8230;<\/p>\n<p>                                                \u00d7<\/p>\n<p>                                            <strong>Por favor complete todos los campos y haga check para certificar la veracidad de los datos antes de enviar la correccion.<\/strong>\n                                        <\/p>\n<p>                                                \u00d7<\/p>\n<p>                                            <strong>Por favor ingrese en e-mail valido.<\/strong>\n                                        <\/p>\n<p>                                                \u00d7<\/p>\n<p>Su mensaje fue enviado \u00a1exitosamente!<\/p>\n<p>Atenderemos su correci\u00f3n cuanto antes<\/p>\n<p>    Deportes<br \/>\n    &gt;<\/p>\n<p>     Agencia de noticias<\/p>\n<p>Mi\u00e9rcoles 01 octubre de 2025 | 08:09<\/p>\n<p>            <img decoding=\"async\" src=\"https:\/\/www.europesays.com\/es\/wp-content\/uploads\/2025\/10\/1301.jpg\" alt=\"Foto autor\"\/><\/p>\n<p>        <img decoding=\"async\" src=\"https:\/\/www.europesays.com\/es\/wp-content\/uploads\/2025\/10\/1301.jpg\" alt=\"Foto autor\"\/><\/p>\n<p>            <img decoding=\"async\" class=\"post-image-principal\" src=\"https:\/\/www.europesays.com\/es\/wp-content\/uploads\/2025\/10\/nba-stephen-curry-se-lleva-a-su-hermano-seth-a-los-warriors.jpg\" alt=\"Seth jugar\u00e1 con su hermano Stephen Curry en los Warriors de la NBA.\"\/><\/p>\n<p>            <a href=\"https:\/\/media.biobiochile.cl\/wp-content\/uploads\/2025\/10\/social-nba-stephen-curry-se-lleva-a-su-hermano-seth-a-los-warriors.jpg\" target=\"_blank\" rel=\"nofollow noopener\"><\/p>\n<p>            <\/a><\/p>\n<p>                            <img decoding=\"async\" class=\"imagen-icon\" src=\"https:\/\/www.europesays.com\/es\/wp-content\/uploads\/2025\/07\/icon.png\"\/><br \/>\n                             VER RESUMEN<\/p>\n<p>                                Resumen generado con una herramienta de Inteligencia Artificial desarrollada por BioBioChile y revisado por el autor de\u00a0este art\u00edculo.<\/p>\n<p>Stephen y Seth Curry compartir\u00e1n vestuario en los Golden State Warriors en la pr\u00f3xima temporada de la NBA, luego de que el equipo cerrara un acuerdo de un a\u00f1o con el agente libre. Seth, de 35 a\u00f1os, llega al equipo tras jugar en nueve franquicias de la liga, promediando diez puntos por partido con los Charlotte Hornets la temporada pasada. <\/p>\n<p><strong>Stephen Curry<\/strong> compartir\u00e1 el vestuario con su hermano <strong>Seth Curry<\/strong> en la pr\u00f3xima temporada de la NBA, despu\u00e9s de que los <strong>Golden State Warriors<\/strong> alcanzaran un acuerdo de un a\u00f1o con el agente libre. <\/p>\n<p>As\u00ed lo adelant\u00f3 ESPN, donde detallaron que Seth, de 35 a\u00f1os, llega a los Warriors tras una larga carrera en la mejor liga de baloncesto del mundo, en la que represent\u00f3 a nueve franquicias distintas.<\/p>\n<p>Seth, escolta de 1,85 metros, <strong>promedi\u00f3 diez puntos por partido en la \u00faltima temporada con la camiseta de los Charlotte Hornets<\/strong>. <\/p>\n<p>En su trayectoria, Seth tambi\u00e9n jug\u00f3 con Memphis Grizzlies, Cleveland Cavaliers, Phoenix Suns, Sacramento Kings, Dallas Mavericks, Portland Trail Blazers, Philadelphia 76ers y Brooklyn Nets.<\/p>\n<p>Ser\u00e1 la primera vez en la que Stephen Curry y Seth comparten el vestuario en los Warriors, que comenzar\u00e1n su pretemporada este mi\u00e9rcoles. <\/p>\n<p>El debut de Golden State en la temporada regular de la NBA est\u00e1 fijado para el 21 de octubre contra <strong>Los Angeles Lakers<\/strong>.<\/p>\n<blockquote class=\"twitter-tweet\">\n<p lang=\"en\" dir=\"ltr\">BREAKING: Free agent guard Seth Curry has agreed to a one-year deal with the Warriors \ud83d\udea8<\/p>\n<p>ACTUAL SPLASH BROTHERS INCOMING \ud83d\udca6<\/p>\n<p>(via Shams) <a href=\"https:\/\/t.co\/LIzSqG2MAk\" rel=\"nofollow\">pic.twitter.com\/LIzSqG2MAk<\/a><\/p>\n<p>\u2014 Basketball Forever (@bballforever_) <a href=\"https:\/\/twitter.com\/bballforever_\/status\/1973183578088656931?ref_src=twsrc%5Etfw\" rel=\"nofollow noopener\" target=\"_blank\">October 1, 2025<\/a><\/p>\n<\/blockquote>\n<p class=\"google-text\">S\u00edguenos en Google News:<\/p>\n<p>                <a href=\"https:\/\/news.google.com\/publications\/CAAqBwgKMOnRrQsw9tzFAw?hl=es-419&amp;gl=CL&amp;ceid=CL%3Aes-419\" target=\"_blank\" rel=\"nofollow noopener\"><br \/>\n                    <img decoding=\"async\" src=\"https:\/\/www.europesays.com\/es\/wp-content\/uploads\/2025\/07\/logo_google_news.png\" alt=\"Logo Google News\"\/><br \/>\n                <\/a><\/p>\n<p>Suscr\u00edbete en nuestro canal de whatsapp:<\/p>\n<p>                <a href=\"https:\/\/whatsapp.com\/channel\/0029Va59o6M2kNFwxfIND617\" target=\"_blank\" rel=\"nofollow noopener\"><br \/>\n                    <img decoding=\"async\" src=\"https:\/\/www.europesays.com\/es\/wp-content\/uploads\/2025\/07\/logo_whatsapp.png\" alt=\"Logo WhatsApp\"\/><br \/>\n                <\/a><\/p>\n<p>Suscr\u00edbete en nuestro canal de Youtube:<\/p>\n<p>                <a href=\"https:\/\/www.youtube.com\/@BioBioChile\" target=\"_blank\" rel=\"nofollow noopener\"><br \/>\n                    <img decoding=\"async\" src=\"https:\/\/www.europesays.com\/es\/wp-content\/uploads\/2025\/07\/logo_youtube.png\" alt=\"Logo Youtube\"\/><br \/>\n                <\/a><\/p>\n<p>            <a href=\"https:\/\/www.biobiochile.cl\/newsletter\/\" rel=\"nofollow noopener\" target=\"_blank\"><br \/>\n                <img decoding=\"async\" class=\"w-100 mb-3\" src=\"https:\/\/www.europesays.com\/es\/wp-content\/uploads\/2025\/07\/escritorio-nota.png\"\/><br \/>\n            <\/a>    <\/p>\n<p>                    <script async src=\"https:\/\/platform.twitter.com\/widgets.js\" charset=\"utf-8\"><\/script><\/p>\n","protected":false},"excerpt":{"rendered":"ENVIAR Enviando correcci\u00f3n, espere un momento&#8230; \u00d7 Por favor complete todos los campos y haga check para certificar&hellip;\n","protected":false},"author":2,"featured_media":154540,"comment_status":"","ping_status":"","sticky":false,"template":"","format":"standard","meta":{"footnotes":""},"categories":[269],"tags":[945,46446,299,298,22737,46447,5437,168,25,24,9098,9215,5679,1725,46448,46449,23,46450,167,9100,1152,28690],"class_list":{"0":"post-154539","1":"post","2":"type-post","3":"status-publish","4":"format-standard","5":"has-post-thumbnail","7":"category-baloncesto","8":"tag-acuerdo","9":"tag-agente-libre","10":"tag-baloncesto","11":"tag-basketball","12":"tag-basquetbol","13":"tag-charlotte-hornets","14":"tag-debut","15":"tag-deportes","16":"tag-es","17":"tag-espana","18":"tag-golden-state-warriors","19":"tag-hermanos","20":"tag-los-angeles-lakers","21":"tag-nba","22":"tag-promedio","23":"tag-seth-curry","24":"tag-spain","25":"tag-splash-brothers","26":"tag-sports","27":"tag-stephen-curry","28":"tag-temporada","29":"tag-vestuario"},"share_on_mastodon":{"url":"","error":""},"_links":{"self":[{"href":"https:\/\/www.europesays.com\/es\/wp-json\/wp\/v2\/posts\/154539","targetHints":{"allow":["GET"]}}],"collection":[{"href":"https:\/\/www.europesays.com\/es\/wp-json\/wp\/v2\/posts"}],"about":[{"href":"https:\/\/www.europesays.com\/es\/wp-json\/wp\/v2\/types\/post"}],"author":[{"embeddable":true,"href":"https:\/\/www.europesays.com\/es\/wp-json\/wp\/v2\/users\/2"}],"replies":[{"embeddable":true,"href":"https:\/\/www.europesays.com\/es\/wp-json\/wp\/v2\/comments?post=154539"}],"version-history":[{"count":0,"href":"https:\/\/www.europesays.com\/es\/wp-json\/wp\/v2\/posts\/154539\/revisions"}],"wp:featuredmedia":[{"embeddable":true,"href":"https:\/\/www.europesays.com\/es\/wp-json\/wp\/v2\/media\/154540"}],"wp:attachment":[{"href":"https:\/\/www.europesays.com\/es\/wp-json\/wp\/v2\/media?parent=154539"}],"wp:term":[{"taxonomy":"category","embeddable":true,"href":"https:\/\/www.europesays.com\/es\/wp-json\/wp\/v2\/categories?post=154539"},{"taxonomy":"post_tag","embeddable":true,"href":"https:\/\/www.europesays.com\/es\/wp-json\/wp\/v2\/tags?post=154539"}],"curies":[{"name":"wp","href":"https:\/\/api.w.org\/{rel}","templated":true}]}}