{"id":154541,"date":"2025-10-03T08:49:20","date_gmt":"2025-10-03T08:49:20","guid":{"rendered":"https:\/\/www.europesays.com\/es\/154541\/"},"modified":"2025-10-03T08:49:20","modified_gmt":"2025-10-03T08:49:20","slug":"quien-sera-el-primer-entrenador-destituido-en-laliga-2025-26","status":"publish","type":"post","link":"https:\/\/www.europesays.com\/es\/154541\/","title":{"rendered":"\u00bfQui\u00e9n ser\u00e1 el primer entrenador destituido en LaLiga 2025\/26?"},"content":{"rendered":"<p data-mrf-recirculation=\"Links P\u00e1rrafos\" class=\"ue-c-article__paragraph paragraph ue-c-article--first-letter-highlighted\">Por primera vez en una d\u00e9cada, los <strong>20 entrenadores<\/strong> que empezaron el curso siguen en sus correspondientes banquillos a las puertas del par\u00f3n de selecciones de este mes de octubre.\u00a0La <strong>jornada 8<\/strong> de<strong> LaLiga<\/strong><strong>2025-26<\/strong> arranca con un dato hist\u00f3rico: todos los t\u00e9cnicos que iniciaron la temporada siguen en su cargo. Algo que, como record\u00f3 el equipo de <strong>La Pizarra de Quintana en Radio MARCA<\/strong>, no es nada habitual en el campeonato espa\u00f1ol.<\/p>\n<p>El espejo de las grandes ligas<\/p>\n<p data-mrf-recirculation=\"Links P\u00e1rrafos\" class=\"ue-c-article__paragraph paragraph\">La estabilidad en los banquillos espa\u00f1oles contrasta con lo ocurrido en otros torneos europeos. En la <strong>Premier League<\/strong> ya se han producido dos cambios: <strong>Nuno Esp\u00edrito Santo<\/strong> cay\u00f3 en la tercera jornada y dej\u00f3 el banquillo del<strong>\u00a0Nottingham Forest<\/strong>; y <strong>Graham Potter<\/strong>, por su parte, ya abandon\u00f3 el <strong>West Ham<\/strong>\u00a0-ahora dirigido precisamente por el portugu\u00e9s- en la quinta.\u00a0<\/p>\n<p><img decoding=\"async\" width=\"1980\" height=\"1320\" class=\"ue-c-article__image lazyload\" alt=\"Nuno Esp\u00edrito Santo firma su contrato con el West Ham.\" loading=\"lazy\" src=\"https:\/\/www.europesays.com\/es\/wp-content\/uploads\/2025\/10\/68d81df3ede01.jpeg\"\/><\/p>\n<p>Nuno Esp\u00edrito Santo firma su contrato con el West Ham.TWITTER<\/p>\n<p data-mrf-recirculation=\"Links P\u00e1rrafos\" class=\"ue-c-article__paragraph paragraph\">En la <strong>Bundesliga, Ten Hag <\/strong>dej\u00f3 de ser t\u00e9cnico del <strong>Bayern de M\u00fanich <\/strong>en la segunda jornada y <strong>Gerardo Seoane<\/strong>, del <strong>Borussia M\u00f6nchengladbach,<\/strong> en la tercera.<\/p>\n<p><img decoding=\"async\" width=\"1980\" height=\"1320\" class=\"ue-c-article__image lazyload\" alt=\"Ten Hag en uno de sus pocos partidos al cargo del Leverkusen\" loading=\"lazy\" src=\"https:\/\/www.europesays.com\/es\/wp-content\/uploads\/2025\/10\/68bb2da32c43c.jpeg\"\/><\/p>\n<p>Ten Hag en uno de sus pocos partidos al cargo del Leverkusen<\/p>\n<p data-mrf-recirculation=\"Links P\u00e1rrafos\" class=\"ue-c-article__paragraph paragraph\">En cambio, tanto en <strong>Serie A <\/strong>como en<strong>\u00a0Ligue 1<\/strong> a\u00fan no se han registrado destituciones.<\/p>\n<p>Una d\u00e9cada de cambios prematuros<\/p>\n<p data-mrf-recirculation=\"Links P\u00e1rrafos\" class=\"ue-c-article__paragraph paragraph\">Los datos de la \u00faltima d\u00e9cada en <strong>LaLiga <\/strong>hablan por s\u00ed solos: la jornada media de la primera destituci\u00f3n ha sido la sexta. La m\u00e1s temprana fue la de <strong>Marcelino Garc\u00eda Toral en el Valencia (jornada tres de 2019)<\/strong>, mientras que la m\u00e1s tard\u00eda se produjo en la<strong> novena jornada con Carri\u00f3n y \u00d3scar Garc\u00eda<\/strong>. Adem\u00e1s, <strong>cuatro de los diez equipos<\/strong> que fueron los primeros en despedir a su t\u00e9cnico acabaron descendiendo.<\/p>\n<blockquote class=\"ue-c-article__blockquote\">\n<p>En la \u00faltima d\u00e9cada la jornada media de la primera destituci\u00f3n ha sido la sexta<\/p>\n<\/blockquote>\n<p>Los se\u00f1alados en la quiniela<\/p>\n<p data-mrf-recirculation=\"Links P\u00e1rrafos\" class=\"ue-c-article__paragraph paragraph\">Al inicio del curso, varios nombres aparec\u00edan en la lista de posibles primeros destituidos:<\/p>\n<p data-mrf-recirculation=\"Links P\u00e1rrafos\" class=\"ue-c-article__paragraph paragraph\"><strong>Veljko Paunovic,<\/strong> elegido por <strong>Adri\u00e1n Blanco y Miguel Quintana<\/strong>, suma seis puntos de 21 y tiene al Oviedo en 14\u00aa posici\u00f3n.\u00a0<\/p>\n<p><img decoding=\"async\" width=\"1980\" height=\"1320\" class=\"ue-c-article__image lazyload\" alt=\"Paunovic en el banquillo del Oviedo.\" loading=\"lazy\" src=\"https:\/\/www.europesays.com\/es\/wp-content\/uploads\/2025\/10\/68dc3f96c0f8f.jpeg\"\/><\/p>\n<p>Paunovic en el banquillo del Oviedo.<\/p>\n<p data-mrf-recirculation=\"Links P\u00e1rrafos\" class=\"ue-c-article__paragraph paragraph\"><strong>Mat\u00edas Almeyda,<\/strong> se\u00f1alado por \u00c1lex de Llano, est\u00e1 en la zona media con 10 puntos y su equipo 9\u00ba.\u00a0<\/p>\n<p><img decoding=\"async\" width=\"3000\" height=\"2000\" class=\"ue-c-article__image lazyload\" alt=\"Mat\u00edas Almeyda, en el banquillo de Vallecas.\" loading=\"lazy\" src=\"https:\/\/www.europesays.com\/es\/wp-content\/uploads\/2025\/10\/68d947043eb34.jpeg\"\/><\/p>\n<p>Mat\u00edas Almeyda, en el banquillo de Vallecas.EFE<\/p>\n<p data-mrf-recirculation=\"Links P\u00e1rrafos\" class=\"ue-c-article__paragraph paragraph\"><strong>Michel S\u00e1nchez,<\/strong> favorito de <strong>Nahuel Miranda<\/strong>, ocupa el farolillo rojo con solo tres puntos.<\/p>\n<p><img decoding=\"async\" width=\"3000\" height=\"2000\" class=\"ue-c-article__image lazyload\" alt=\"Michel, durante el encuentro correspondiente a la jornada siete de Laliga EA Sports que disputan hoy viernes Girona y Espanyol en el estadio municipal de Montilivi, en Girona. EFE\/David Borrat.\" loading=\"lazy\" src=\"https:\/\/www.europesays.com\/es\/wp-content\/uploads\/2025\/10\/68d709cee0255.jpeg\"\/><\/p>\n<p>Michel, durante el encuentro correspondiente a la jornada siete de Laliga EA Sports que disputan hoy viernes Girona y Espanyol en el estadio municipal de Montilivi, en Girona. EFE\/David Borrat.David Borrat<\/p>\n<p>Los que miran de reojo<\/p>\n<p data-mrf-recirculation=\"Links P\u00e1rrafos\" class=\"ue-c-article__paragraph paragraph\">A la espera del par\u00f3n de selecciones, hay t\u00e9cnicos que no pueden despistarse. <strong>Jagoba Arrasate<\/strong> (19\u00ba, cinco puntos) y <strong>Sergio Francisco<\/strong> (18\u00ba, cinco puntos) han logrado victorias recientes que les han dado ox\u00edgeno, pero siguen bajo la lupa. Tambi\u00e9n se mencionan posibles sorpresas: los problemas internos de <strong>Carlos Corber\u00e1n <\/strong>en su vestuario, el mal arranque de <strong>Alessio Lisci <\/strong>con <strong>Osasuna <\/strong>o las dudas sobre el cr\u00e9dito de <strong>I\u00f1igo P\u00e9rez<\/strong> y <strong>Claudio Gir\u00e1ldez.<\/strong><\/p>\n<p><img decoding=\"async\" width=\"1980\" height=\"1320\" class=\"ue-c-article__image lazyload\" alt=\"Sergio Francisco y Jagoba Arrasate, durante el Real-Mallorca en Anoeta.\" loading=\"lazy\" src=\"https:\/\/www.europesays.com\/es\/wp-content\/uploads\/2025\/10\/68d46dede6a4c.jpeg\"\/><\/p>\n<p>Sergio Francisco y Jagoba Arrasate, durante el Real-Mallorca en Anoeta.EFE<\/p>\n<p>\u00bfSe romper\u00e1 la racha en el par\u00f3n?<\/p>\n<p data-mrf-recirculation=\"Links P\u00e1rrafos\" class=\"ue-c-article__paragraph paragraph\">El par\u00f3n de selecciones siempre es un momento delicado para los banquillos. La calma actual podr\u00eda quebrarse si alguno de los equipos en apuros no responde en esta octava jornada. Por ahora, <strong>LaLiga 2025-26<\/strong> se resiste a la primera destituci\u00f3n, pero la historia reciente invita a pensar que no tardar\u00e1 en llegar.<\/p>\n","protected":false},"excerpt":{"rendered":"Por primera vez en una d\u00e9cada, los 20 entrenadores que empezaron el curso siguen en sus correspondientes banquillos&hellip;\n","protected":false},"author":2,"featured_media":154542,"comment_status":"","ping_status":"","sticky":false,"template":"","format":"standard","meta":{"footnotes":""},"categories":[268],"tags":[168,25,24,280,282,281,23,167],"class_list":{"0":"post-154541","1":"post","2":"type-post","3":"status-publish","4":"format-standard","5":"has-post-thumbnail","7":"category-futbol","8":"tag-deportes","9":"tag-es","10":"tag-espana","11":"tag-football","12":"tag-futbol","13":"tag-soccer","14":"tag-spain","15":"tag-sports"},"share_on_mastodon":{"url":"","error":""},"_links":{"self":[{"href":"https:\/\/www.europesays.com\/es\/wp-json\/wp\/v2\/posts\/154541","targetHints":{"allow":["GET"]}}],"collection":[{"href":"https:\/\/www.europesays.com\/es\/wp-json\/wp\/v2\/posts"}],"about":[{"href":"https:\/\/www.europesays.com\/es\/wp-json\/wp\/v2\/types\/post"}],"author":[{"embeddable":true,"href":"https:\/\/www.europesays.com\/es\/wp-json\/wp\/v2\/users\/2"}],"replies":[{"embeddable":true,"href":"https:\/\/www.europesays.com\/es\/wp-json\/wp\/v2\/comments?post=154541"}],"version-history":[{"count":0,"href":"https:\/\/www.europesays.com\/es\/wp-json\/wp\/v2\/posts\/154541\/revisions"}],"wp:featuredmedia":[{"embeddable":true,"href":"https:\/\/www.europesays.com\/es\/wp-json\/wp\/v2\/media\/154542"}],"wp:attachment":[{"href":"https:\/\/www.europesays.com\/es\/wp-json\/wp\/v2\/media?parent=154541"}],"wp:term":[{"taxonomy":"category","embeddable":true,"href":"https:\/\/www.europesays.com\/es\/wp-json\/wp\/v2\/categories?post=154541"},{"taxonomy":"post_tag","embeddable":true,"href":"https:\/\/www.europesays.com\/es\/wp-json\/wp\/v2\/tags?post=154541"}],"curies":[{"name":"wp","href":"https:\/\/api.w.org\/{rel}","templated":true}]}}