{"id":154543,"date":"2025-10-03T08:51:31","date_gmt":"2025-10-03T08:51:31","guid":{"rendered":"https:\/\/www.europesays.com\/es\/154543\/"},"modified":"2025-10-03T08:51:31","modified_gmt":"2025-10-03T08:51:31","slug":"el-mun-de-pamplona-inaugura-la-mayor-exposicion-de-charles-clifford-pionero-de-la-fotografia-en-espana","status":"publish","type":"post","link":"https:\/\/www.europesays.com\/es\/154543\/","title":{"rendered":"El MUN de Pamplona inaugura la mayor exposici\u00f3n de Charles Clifford, pionero de la fotograf\u00eda en Espa\u00f1a"},"content":{"rendered":"<p>El <a href=\"https:\/\/turismo.navarra.com\/item\/museo-de-la-universidad-de-navarra\/\" rel=\"nofollow noopener\" target=\"_blank\"><strong>Museo Universidad de Navarra (MUN)<\/strong><\/a> ha inaugurado este martes una gran exposici\u00f3n dedicada al fot\u00f3grafo brit\u00e1nico <strong>Charles Clifford (1819-1863)<\/strong>, considerado <a href=\"https:\/\/navarra.okdiario.com\/articulo\/sociedad\/museo-universidad-navarra-acoge-exposicion-fotos-siglo-xix-documentan-obras-arte\/20191023212059293863.html\" rel=\"nofollow noopener\" target=\"_blank\">una figura esencial para entender la imagen de Espa\u00f1a en el siglo XIX<\/a>. La muestra, titulada Charles Clifford y el registro monumental de Espa\u00f1a, podr\u00e1 visitarse hasta el 8 de febrero de 2026 y re\u00fane cerca de 500 piezas entre fotograf\u00edas en pared y proyecciones audiovisuales.<\/p>\n<p>El homenaje ha comenzado con una <strong>masterclass en el Teatro del MUN<\/strong>, impartida por los comisarios Javier Pi\u00f1ar y Carlos S\u00e1nchez, abierta al p\u00fablico mediante invitaci\u00f3n gratuita. Despu\u00e9s se ha dado paso a la apertura de salas, que ocupan m\u00e1s de 2.000 metros lineales y permiten recorrer el legado de quien es considerado \u201cel mejor fot\u00f3grafo de la Espa\u00f1a del siglo XIX\u201d, en palabras de Pi\u00f1ar.<\/p>\n<p>Clifford fue pionero en emplear la fotograf\u00eda como herramienta para la <strong>proyecci\u00f3n internacional de Espa\u00f1a<\/strong>. Entre 1852 y 1862 recorri\u00f3 el pa\u00eds con su c\u00e1mara de calotipo, plasmando monumentos como la <strong>Torre del Oro de Sevilla<\/strong>, la <strong>catedral de Burgos<\/strong>, el <strong>acueducto de Segovia<\/strong>, el <strong>Museo del Prado<\/strong>, el <strong>Palacio de los Virreyes en Barcelona<\/strong> o el <strong>Patio de la Infanta en Zaragoza<\/strong>. Buena parte de ese material se integr\u00f3 en su c\u00e9lebre \u00c1lbum Monumental de Espa\u00f1a, que constituye el n\u00facleo de esta exposici\u00f3n.<\/p>\n<p>El visitante no solo se acerca a un <strong>testimonio hist\u00f3rico<\/strong>, sino tambi\u00e9n a la evoluci\u00f3n t\u00e9cnica de la fotograf\u00eda. Clifford sol\u00eda regresar a los mismos lugares para repetir tomas, perfeccionando encuadres y procedimientos. \u201cEste es el viaje de Clifford y, con \u00e9l, el viaje de la fotograf\u00eda en nuestro pa\u00eds\u201d, ha resumido Valent\u00edn Vallhonrat, adjunto a la direcci\u00f3n del MUN.<\/p>\n<p>El propio Vallhonrat ha recordado que Clifford \u201ces el <strong>padre de la fotograf\u00eda en Espa\u00f1a<\/strong>\u201d, y que esta exposici\u00f3n era un proyecto pendiente desde hace 25 a\u00f1os, ideado junto a Rafael Levenfeld, fallecido en 2024 y codirector art\u00edstico de la Colecci\u00f3n MUN.<\/p>\n<p>La muestra ha sido posible gracias a la colaboraci\u00f3n de m\u00faltiples instituciones: adem\u00e1s de la Colecci\u00f3n MUN y la colecci\u00f3n personal de <strong>Carlos S\u00e1nchez<\/strong>, se incluyen piezas de la <strong>Real Academia de Bellas Artes de San Fernando<\/strong>, el <strong>Archivo del Patronato de la Alhambra y Generalife<\/strong>, la <strong>Biblioteca de Andaluc\u00eda<\/strong>, la <strong>Biblioteca de la Universidad de Navarra<\/strong>, la <strong>colecci\u00f3n Fern\u00e1ndez Rivero de M\u00e1laga<\/strong> y la <strong>Academia de Bellas Artes de Granada<\/strong>.<\/p>\n<p>En el marco del <strong>d\u00e9cimo aniversario del MUN<\/strong>, todas las exposiciones del museo son de entrada gratuita durante 2025, fruto de un acuerdo con el <strong>Ayuntamiento de Pamplona<\/strong>. Adem\u00e1s, la muestra cuenta con el apoyo del <strong>Gobierno de Navarra<\/strong> y de la <strong>Red de Museos de Navarra<\/strong>.<\/p>\n","protected":false},"excerpt":{"rendered":"El Museo Universidad de Navarra (MUN) ha inaugurado este martes una gran exposici\u00f3n dedicada al fot\u00f3grafo brit\u00e1nico Charles&hellip;\n","protected":false},"author":2,"featured_media":154544,"comment_status":"","ping_status":"","sticky":false,"template":"","format":"standard","meta":{"footnotes":""},"categories":[173],"tags":[229,233,231,230,209,232,234,146,147,25,24,2003,8420,46451,492,23],"class_list":{"0":"post-154543","1":"post","2":"type-post","3":"status-publish","4":"format-standard","5":"has-post-thumbnail","7":"category-arte-y-diseno","8":"tag-arte","9":"tag-arte-y-diseno","10":"tag-arts","11":"tag-arts-and-design","12":"tag-cultura","13":"tag-design","14":"tag-diseno","15":"tag-entertainment","16":"tag-entretenimiento","17":"tag-es","18":"tag-espana","19":"tag-exposicion","20":"tag-fotografias","21":"tag-museo-universidad-navarra","22":"tag-sociedad","23":"tag-spain"},"share_on_mastodon":{"url":"","error":""},"_links":{"self":[{"href":"https:\/\/www.europesays.com\/es\/wp-json\/wp\/v2\/posts\/154543","targetHints":{"allow":["GET"]}}],"collection":[{"href":"https:\/\/www.europesays.com\/es\/wp-json\/wp\/v2\/posts"}],"about":[{"href":"https:\/\/www.europesays.com\/es\/wp-json\/wp\/v2\/types\/post"}],"author":[{"embeddable":true,"href":"https:\/\/www.europesays.com\/es\/wp-json\/wp\/v2\/users\/2"}],"replies":[{"embeddable":true,"href":"https:\/\/www.europesays.com\/es\/wp-json\/wp\/v2\/comments?post=154543"}],"version-history":[{"count":0,"href":"https:\/\/www.europesays.com\/es\/wp-json\/wp\/v2\/posts\/154543\/revisions"}],"wp:featuredmedia":[{"embeddable":true,"href":"https:\/\/www.europesays.com\/es\/wp-json\/wp\/v2\/media\/154544"}],"wp:attachment":[{"href":"https:\/\/www.europesays.com\/es\/wp-json\/wp\/v2\/media?parent=154543"}],"wp:term":[{"taxonomy":"category","embeddable":true,"href":"https:\/\/www.europesays.com\/es\/wp-json\/wp\/v2\/categories?post=154543"},{"taxonomy":"post_tag","embeddable":true,"href":"https:\/\/www.europesays.com\/es\/wp-json\/wp\/v2\/tags?post=154543"}],"curies":[{"name":"wp","href":"https:\/\/api.w.org\/{rel}","templated":true}]}}