{"id":154545,"date":"2025-10-03T08:52:07","date_gmt":"2025-10-03T08:52:07","guid":{"rendered":"https:\/\/www.europesays.com\/es\/154545\/"},"modified":"2025-10-03T08:52:07","modified_gmt":"2025-10-03T08:52:07","slug":"oportunidades-y-curiosidades-en-la-feria-del-libro-antiguo-y-de-ocasion-en-logrono-sociedad","status":"publish","type":"post","link":"https:\/\/www.europesays.com\/es\/154545\/","title":{"rendered":"\u00abOportunidades y curiosidades\u00bb en la Feria del Libro Antiguo y de Ocasi\u00f3n en Logro\u00f1o | Sociedad"},"content":{"rendered":"<p class=\"loc\">Logro\u00f1o<\/p>\n<p>Los libros antiguos y de ocasi\u00f3n regresan al centro de la ciudad para disfrute de todos los logro\u00f1eses, riojanos y visitantes en una de las ferias m\u00e1s tradicionales del norte de Espa\u00f1a, gracias a la iniciativa un a\u00f1o m\u00e1s del sector librero y al compromiso de librer\u00edas de diferentes puntos geogr\u00e1ficos de Espa\u00f1a.<\/p>\n<p>Como es habitual, la 44\u00ba edici\u00f3n de la Feria del Libro Antiguo y de Ocasi\u00f3n vendr\u00e1 plena de oportunidades literarias muy diversas, joyas hist\u00f3ricas, ediciones dif\u00edciles de encontrar y, por supuesto, ediciones para el p\u00fablico infantil.<\/p>\n<p>\u00abGran variedad\u00bb<\/p>\n<p>La Feria est\u00e1 organizada por la Asociaci\u00f3n de Librer\u00edas de La Rioja, integrada en la FER. Su presidente, Diego Ochoa, asegura que es una feria \u00abmuy curiosa porque nos vamos a poder encontrar pr\u00e1cticamente de todo\u00bb. \u00abA lo largo de estas 44 ediciones, se ha consolidado como una de las ferias del Libro Antiguo y de Ocasi\u00f3n m\u00e1s importantes de todo el norte del pa\u00eds y, por eso, acude mucha gente tambi\u00e9n de otros puntos de Espa\u00f1a\u00bb. Adem\u00e1s, el presidente de los libreros, ha destacado que en esta cita nos vamos a entrar una gran variedad de librer\u00edas. \u00abEst\u00e1n varias de Logro\u00f1o y La Rioja, pero tambi\u00e9n de otros puntos como Madrid, Calencia o Alicante\u00bb, detalla Ochoa. <\/p>\n<p>Horarios<\/p>\n<p>Se desarrollar\u00e1 en el Paseo de El Espol\u00f3n del viernes 3 al domingo 19 de octubre en el siguiente horario:<\/p>\n<p>Laborables: de 10,30 horas a 14,00 horas y de 17 horas a 21,00 horas<\/p>\n<p>S\u00e1bados, domingos y festivos: de 11 horas a 14,30 horas y de 17,30 horas a 21,30 horas.<\/p>\n<p>Librer\u00edas participantes<\/p>\n<p>Las librer\u00edas que participan este a\u00f1o son las siguientes: Librer\u00eda Hijazo (Logro\u00f1o), Librer\u00eda el Velo de Isis (Ezcaray), \u00c1ngeles Sancha libros (Logro\u00f1o), Librer\u00eda B\u00e9cquer (Alicante), Rivendel libros (Alicante), Las Mil y Una&#8230; libros (Alicante), Marcos Cachu\u00e1n libros (Madrid), Lorca libros (Alcorc\u00f3n), Torres (Valencia), Librer\u00eda Por Siempre Jam\u00e1s (Alicante), Green Book (Logro\u00f1o), Libros Quique (Valencia), Librer\u00eda Shora (Alicante), El maravilloso mundo de los minilibros (Madrid), Librer\u00eda Sard\u00e1 (Barcelona), Buend\u00eda libros (Albacete).<\/p>\n","protected":false},"excerpt":{"rendered":"Logro\u00f1o Los libros antiguos y de ocasi\u00f3n regresan al centro de la ciudad para disfrute de todos los&hellip;\n","protected":false},"author":2,"featured_media":154546,"comment_status":"","ping_status":"","sticky":false,"template":"","format":"standard","meta":{"footnotes":""},"categories":[172],"tags":[224,146,147,25,24,225,23],"class_list":{"0":"post-154545","1":"post","2":"type-post","3":"status-publish","4":"format-standard","5":"has-post-thumbnail","7":"category-libros","8":"tag-books","9":"tag-entertainment","10":"tag-entretenimiento","11":"tag-es","12":"tag-espana","13":"tag-libros","14":"tag-spain"},"share_on_mastodon":{"url":"","error":""},"_links":{"self":[{"href":"https:\/\/www.europesays.com\/es\/wp-json\/wp\/v2\/posts\/154545","targetHints":{"allow":["GET"]}}],"collection":[{"href":"https:\/\/www.europesays.com\/es\/wp-json\/wp\/v2\/posts"}],"about":[{"href":"https:\/\/www.europesays.com\/es\/wp-json\/wp\/v2\/types\/post"}],"author":[{"embeddable":true,"href":"https:\/\/www.europesays.com\/es\/wp-json\/wp\/v2\/users\/2"}],"replies":[{"embeddable":true,"href":"https:\/\/www.europesays.com\/es\/wp-json\/wp\/v2\/comments?post=154545"}],"version-history":[{"count":0,"href":"https:\/\/www.europesays.com\/es\/wp-json\/wp\/v2\/posts\/154545\/revisions"}],"wp:featuredmedia":[{"embeddable":true,"href":"https:\/\/www.europesays.com\/es\/wp-json\/wp\/v2\/media\/154546"}],"wp:attachment":[{"href":"https:\/\/www.europesays.com\/es\/wp-json\/wp\/v2\/media?parent=154545"}],"wp:term":[{"taxonomy":"category","embeddable":true,"href":"https:\/\/www.europesays.com\/es\/wp-json\/wp\/v2\/categories?post=154545"},{"taxonomy":"post_tag","embeddable":true,"href":"https:\/\/www.europesays.com\/es\/wp-json\/wp\/v2\/tags?post=154545"}],"curies":[{"name":"wp","href":"https:\/\/api.w.org\/{rel}","templated":true}]}}