{"id":154547,"date":"2025-10-03T08:53:11","date_gmt":"2025-10-03T08:53:11","guid":{"rendered":"https:\/\/www.europesays.com\/es\/154547\/"},"modified":"2025-10-03T08:53:11","modified_gmt":"2025-10-03T08:53:11","slug":"no-me-asusta-la-vejez-pero-si-la-enfermedad-me-preocupa-no-tener-autonomia-independencia-y-no-estar-bien-mentalmente","status":"publish","type":"post","link":"https:\/\/www.europesays.com\/es\/154547\/","title":{"rendered":"\u201d\u200bNo me asusta la vejez, pero s\u00ed la enfermedad. Me preocupa no tener autonom\u00eda, independencia y no estar bien mentalmente\u201d"},"content":{"rendered":"<p data-gtm-element-container=\"modulo-texto-link\" class=\"paragraph\"><a href=\"https:\/\/www.lavanguardia.com\/topics\/ana-rosa-quintana\" target=\"_blank\" rel=\"nofollow noopener\">Ana Rosa Quintana<\/a> ha recuperado la sonrisa tras dejar atr\u00e1s las tardes de Telecinco, una etapa en la que intent\u00f3 reflotar unas audiencias muy debilitadas. Pero su regreso a las ma\u00f1anas en esta nueva temporada le ha permitido volver a su franja original, donde ahora debe medirse con rivales que han ganado fuerza en los \u00faltimos meses.<\/p>\n<p data-gtm-element-container=\"modulo-texto-link\" class=\"paragraph\">Aunque no logra superar a TVE, que cuenta con apuestas consolidadas como La hora de La 1 y Ma\u00f1aneros 360, la periodista se ha mostrado satisfecha con los datos cosechados en septiembre. Aun as\u00ed, no ha perdido la ocasi\u00f3n de lanzar un dardo directo a la cadena p\u00fablica durante el photocall de la celebraci\u00f3n del 25 aniversario de VerTele, donde tambi\u00e9n ha hablado abiertamente sobre sus preocupaciones m\u00e1s personales.<\/p>\n<p>                <img loading=\"lazy\" decoding=\"async\" data-full-src=\"https:\/\/www.lavanguardia.com\/uploads\/2025\/05\/27\/6835ad5e07234.png\" alt=\"Ana Rosa Quintana estalla en directo contra una tendencia preocupante\" width=\"449\" height=\"253\" src=\"https:\/\/www.europesays.com\/es\/wp-content\/uploads\/2025\/10\/6835ad5e07234.r_d.994-398.png\" class=\"lazy\"\/><\/p>\n<p class=\"caption-title \">Ana Rosa Quintana<\/p>\n<p>                    Mediaset<\/p>\n<p data-gtm-element-container=\"modulo-texto-link\" class=\"paragraph\">\u201cMiro mis audiencias y las de todos los dem\u00e1s. No hay que obsesionarse, pero me preocupar\u00eda si cayera. Este mundo es as\u00ed. Uno lo quiere todo, pero estoy muy contenta porque estoy liderando en las cadenas comerciales. No compito con cadenas que no cometimos en igualdad de condiciones\u201d, ha sentenciado ante la prensa presente en el evento.<\/p>\n<p data-gtm-element-container=\"modulo-texto-link\" class=\"paragraph\">Y es que no es la primera vez que muestra su animadversi\u00f3n ante algunas decisiones de RTVE a ra\u00edz de la subida de audiencias que est\u00e1 logrando la cadena p\u00fablica en los \u00faltimos meses. Por lo que no es de extra\u00f1ar que haya querido desvincularse de esta guerra medi\u00e1tica.<\/p>\n<p>Ana Rosa Quintana: \u201cLos a\u00f1os los he vivido muy bien y muy aprovechados\u201d<\/p>\n<p data-gtm-element-container=\"modulo-texto-link\" class=\"paragraph\">Aun as\u00ed, se encuentra muy feliz con todo lo que est\u00e1 haciendo en su vida, tanto a nivel profesional como personal. Entre otras cosas, tambi\u00e9n ha hablado abiertamente sobre sus 69 a\u00f1os y ha desvelado que no vive preocupada por el paso del tiempo.<\/p>\n<p data-gtm-element-container=\"modulo-texto-link\" class=\"paragraph\">\u201cNo me asusta la vejez, pero s\u00ed la enfermedad, aunque cada vez menos despu\u00e9s de lo que he pasado. A m\u00ed me asusta no tener autonom\u00eda, independencia, no estar bien mentalmente&#8230; eso me preocupa m\u00e1s que me asusta, que luego ser\u00e1 lo que sea. Pero los a\u00f1os los he vivido muy bien y muy aprovechados\u201d, ha desvelado despu\u00e9s para Outdoor.<\/p>\n<p>                <img loading=\"lazy\" decoding=\"async\" data-full-src=\"https:\/\/www.lavanguardia.com\/uploads\/2025\/05\/09\/681dfe8a439f1.png\" alt=\"La cita clave por la que Ana Rosa Quintana ha abandonado su puesto de trabajo de forma inesperada: ''Seguro viene aqu\u00ed en un rato tambi\u00e9n''\" width=\"449\" height=\"267\" src=\"https:\/\/www.europesays.com\/es\/wp-content\/uploads\/2025\/10\/681dfe8a439f1.r_d.718-427.png\" class=\"lazy\"\/><\/p>\n<p class=\"caption-title \">Ana Rosa Quintana<\/p>\n<p>                    Mediaset<\/p>\n<p data-gtm-element-container=\"modulo-texto-link\" class=\"paragraph\">Unas declaraciones con las que tambi\u00e9n ha querido dejar claro que despu\u00e9s de todos sus a\u00f1os de profesi\u00f3n no se siente referente de nada. Aunque s\u00ed se ha mostrado orgullosa de haber podido sacar adelante a su familia de forma muy positiva mientras que se encontraba muy ocupada con su trabajo.<\/p>\n","protected":false},"excerpt":{"rendered":"Ana Rosa Quintana ha recuperado la sonrisa tras dejar atr\u00e1s las tardes de Telecinco, una etapa en la&hellip;\n","protected":false},"author":2,"featured_media":154548,"comment_status":"","ping_status":"","sticky":false,"template":"","format":"standard","meta":{"footnotes":""},"categories":[171],"tags":[146,147,25,24,23,214],"class_list":{"0":"post-154547","1":"post","2":"type-post","3":"status-publish","4":"format-standard","5":"has-post-thumbnail","7":"category-tv","8":"tag-entertainment","9":"tag-entretenimiento","10":"tag-es","11":"tag-espana","12":"tag-spain","13":"tag-tv"},"share_on_mastodon":{"url":"","error":""},"_links":{"self":[{"href":"https:\/\/www.europesays.com\/es\/wp-json\/wp\/v2\/posts\/154547","targetHints":{"allow":["GET"]}}],"collection":[{"href":"https:\/\/www.europesays.com\/es\/wp-json\/wp\/v2\/posts"}],"about":[{"href":"https:\/\/www.europesays.com\/es\/wp-json\/wp\/v2\/types\/post"}],"author":[{"embeddable":true,"href":"https:\/\/www.europesays.com\/es\/wp-json\/wp\/v2\/users\/2"}],"replies":[{"embeddable":true,"href":"https:\/\/www.europesays.com\/es\/wp-json\/wp\/v2\/comments?post=154547"}],"version-history":[{"count":0,"href":"https:\/\/www.europesays.com\/es\/wp-json\/wp\/v2\/posts\/154547\/revisions"}],"wp:featuredmedia":[{"embeddable":true,"href":"https:\/\/www.europesays.com\/es\/wp-json\/wp\/v2\/media\/154548"}],"wp:attachment":[{"href":"https:\/\/www.europesays.com\/es\/wp-json\/wp\/v2\/media?parent=154547"}],"wp:term":[{"taxonomy":"category","embeddable":true,"href":"https:\/\/www.europesays.com\/es\/wp-json\/wp\/v2\/categories?post=154547"},{"taxonomy":"post_tag","embeddable":true,"href":"https:\/\/www.europesays.com\/es\/wp-json\/wp\/v2\/tags?post=154547"}],"curies":[{"name":"wp","href":"https:\/\/api.w.org\/{rel}","templated":true}]}}