{"id":154549,"date":"2025-10-03T08:54:13","date_gmt":"2025-10-03T08:54:13","guid":{"rendered":"https:\/\/www.europesays.com\/es\/154549\/"},"modified":"2025-10-03T08:54:13","modified_gmt":"2025-10-03T08:54:13","slug":"ronnie-wood-confirmo-que-hay-nuevo-disco-los-rolling-stones-sale-gira","status":"publish","type":"post","link":"https:\/\/www.europesays.com\/es\/154549\/","title":{"rendered":"Ronnie Wood confirm\u00f3 que hay nuevo disco los Rolling Stones \u00bfSale gira?"},"content":{"rendered":"<p class=\"left paragraph font__body-regular\"><a href=\"https:\/\/tn.com.ar\/musica\/noticias\/2025\/09\/24\/fin-al-misterio-los-rolling-stones-anunciaron-la-reedicion-de-su-disco-black-and-blue\/\" target=\"_self\" rel=\"nofollow noopener\" title=\"https:\/\/tn.com.ar\/musica\/noticias\/2025\/09\/24\/fin-al-misterio-los-rolling-stones-anunciaron-la-reedicion-de-su-disco-black-and-blue\/\">Ronnie Wood<\/a> revel\u00f3 que el pr\u00f3ximo disco de los<b> Rolling Stones<\/b> est\u00e1 listo y que saldr\u00e1 en 2026. Desde hace varias semanas, los medios ingleses publicaron que el grupo estar\u00eda trabajando en un nuevo material junto al productor <b>Andrew Watt,<\/b> qui\u00e9n tambi\u00e9n estuvo en el anterior \u00e1lbum Hackney Diamonds (2023).<\/p>\n<p class=\"left paragraph font__body-regular\">El guitarrista de la legendaria banda confirm\u00f3 a The Sun: \u201c<b>S\u00ed, tendr\u00e1n un nuevo \u00e1lbum el a\u00f1o que viene.<\/b> Ya est\u00e1 hecho\u201d. Esto fue durante un evento en Carnaby Street, donde Wood firm\u00f3 ejemplares de su nuevo \u00e1lbum antol\u00f3gico doble, \u201c<b>Fearless<\/b>\u201d. Tambi\u00e9n, el m\u00fasico dijo que tienen ganas de volver a la ruta con todo.<\/p>\n<p class=\"left paragraph font__body-regular\"><b>Le\u00e9 tambi\u00e9n<\/b>: <a href=\"https:\/\/tn.com.ar\/musica\/noticias\/2025\/09\/24\/fin-al-misterio-los-rolling-stones-anunciaron-la-reedicion-de-su-disco-black-and-blue\/\" target=\"_self\" rel=\"nofollow noopener\" title=\"https:\/\/tn.com.ar\/musica\/noticias\/2025\/09\/24\/fin-al-misterio-los-rolling-stones-anunciaron-la-reedicion-de-su-disco-black-and-blue\/\">Los Rolling Stones anunciaron la reedici\u00f3n de su disco \u201cBlack and Blue\u201d<\/a><\/p>\n<p class=\"left paragraph font__body-regular\">Cuando se le pregunt\u00f3 si los Rolling Stones dar\u00edan una gira para tocar las nuevas canciones,<b> el rockero respondi\u00f3 que esperan hacer algunas fechas.<\/b> \u201cOjal\u00e1 podamos volver, pero a\u00fan estoy esperando a descubrirlo\u201d, complet\u00f3. <\/p>\n<p class=\"left paragraph font__body-regular\">Hace poco, el <b>hijo de Keith Richards, <\/b>Marlon, cont\u00f3 que el material est\u00e1 \u201cCasi terminado\u201d. Este \u00e1lbum ser\u00eda el sucesor deHackney Diamonds, publicado en 2023 y que fue el primero desdeA Bigger Bang(2005). <\/p>\n<p class=\"left paragraph font__body-regular\">En una entrevista con Record Collector, <b>se le pregunt\u00f3 al actor y productor de cine<\/b> Marlon Richards, sobre el futuro de la banda. \u201cEst\u00e1n en la ciudad ahora mismo, grabando\u201d, respondi\u00f3.<\/p>\n<p><img decoding=\"async\" loading=\"lazy\" fetchpriority=\"low\" data-testid=\"loading-testid\" class=\"image content-image image_placeholder\" alt=\"Los Rolling Stones anunciaron el lanzamiento de &quot;Criss Cross&quot;, su segundo estreno del a\u00f1o. (Foto: REUTER)\" width=\"767\" height=\"431\" src=\"https:\/\/www.europesays.com\/es\/wp-content\/uploads\/2025\/10\/los-rolling-stones-anunciaron-el-lanzamiento-de-criss-cross-su-segundo-estreno-del-ano-foto-reuter-X.jpeg\"\/><\/p>\n<p>Los Rolling Stones anunciaron el lanzamiento de \u00abCriss Cross\u00bb, su segundo estreno del a\u00f1o. (Foto: REUTER)<\/p>\n<p class=\"left paragraph font__body-regular\">\u201cEst\u00e1n en Chiswick (oeste de Londres) y creo que ya casi terminan. Siguen con ese horario rid\u00edculo: despu\u00e9s de comer hasta, como, las dos de la madrugada. Preferir\u00eda estar en otro sitio a esas horas. <b>A menos que est\u00e9s en el rodaje, es bastante aburrido\u201d<\/b>, describi\u00f3.<\/p>\n<p>Los Rolling Stones anunciaron la reedici\u00f3n de su disco \u201cBlack and Blue\u201d<\/p>\n<p class=\"left paragraph font__body-regular\">La semana pasada, <a href=\"https:\/\/tn.com.ar\/musica\/noticias\/2025\/09\/23\/the-rolling-stones-publicaron-un-misterioso-video-que-ilusiono-a-los-argentinos-se-viene-un-show\/\" rel=\"nofollow noopener\" title=\"https:\/\/tn.com.ar\/musica\/noticias\/2025\/09\/23\/the-rolling-stones-publicaron-un-misterioso-video-que-ilusiono-a-los-argentinos-se-viene-un-show\/\" target=\"_blank\">los Rolling Stones publicaron <\/a>un clip con la lengua que identifica a la banda y que cambiaba de color en celeste, blanco y negro. Si bien no ha sido confirmado por la banda, este podr\u00eda <b>ser un indicio de un show en Argentina, <\/b>aunque otros lo identificaron como un anuncio relacionado con el disco Black and Blue de 1976.<\/p>\n<p class=\"left paragraph font__body-regular\">Finalmente, el grupo devel\u00f3 el misterio con su nuevo posteo. Se trata de la publicaci\u00f3n de una reedici\u00f3n de este cl\u00e1sico \u00e1lbum.<b>El material se podr\u00e1 escuchar el 14 de noviembre.<\/b><\/p>\n<p><img decoding=\"async\" loading=\"lazy\" fetchpriority=\"low\" data-testid=\"loading-testid\" class=\"image content-image image_placeholder\" alt=\"El video que enloqueci\u00f3 a los argentinos. (Fuente: Instagram\/therollingstones)\" width=\"767\" height=\"1297\" src=\"https:\/\/www.europesays.com\/es\/wp-content\/uploads\/2025\/10\/el-video-que-enloquecio-a-los-argentinos-fuente-instagramtherollingstones-KIJWBHENMRDXRJMH32ODB6M3DY.jpeg\"\/><\/p>\n<p>El video que enloqueci\u00f3 a los argentinos. (Fuente: Instagram\/therollingstones)<\/p>\n<p class=\"left paragraph font__body-regular\">Una colecci\u00f3n superdeluxe que estar\u00e1 disponible en formato de caja con 5 LP de vinilo y caja con 4 CD, ambas con un disco Blu-ray, un libro de tapa dura y una r\u00e9plica del p\u00f3ster de la gira. <b>Ambos incluyen el \u00e1lbum original remasterizado y sesiones de estudio in\u00e9ditas <\/b>con Jeff Beck, Harvey Mandel y Billy Preston.<\/p>\n<p class=\"paragraph font__body-regular\">Por su parte, en el Blu-ray se podr\u00e1 disfrutar de la retransmisi\u00f3n televisiva de la actuaci\u00f3n de los Rolling Stones en 1976 en Les Abattoirs, en Par\u00eds, adem\u00e1s de mezclas con sonido Dolby Atmos tanto del disco de estudio como del show de la banda en Earls Court en 1976.<\/p>\n","protected":false},"excerpt":{"rendered":"Ronnie Wood revel\u00f3 que el pr\u00f3ximo disco de los Rolling Stones est\u00e1 listo y que saldr\u00e1 en 2026.&hellip;\n","protected":false},"author":2,"featured_media":154550,"comment_status":"","ping_status":"","sticky":false,"template":"","format":"standard","meta":{"footnotes":""},"categories":[170],"tags":[146,147,25,24,184,185,6997,23],"class_list":{"0":"post-154549","1":"post","2":"type-post","3":"status-publish","4":"format-standard","5":"has-post-thumbnail","7":"category-musica","8":"tag-entertainment","9":"tag-entretenimiento","10":"tag-es","11":"tag-espana","12":"tag-music","13":"tag-musica","14":"tag-rolling-stones","15":"tag-spain"},"share_on_mastodon":{"url":"","error":""},"_links":{"self":[{"href":"https:\/\/www.europesays.com\/es\/wp-json\/wp\/v2\/posts\/154549","targetHints":{"allow":["GET"]}}],"collection":[{"href":"https:\/\/www.europesays.com\/es\/wp-json\/wp\/v2\/posts"}],"about":[{"href":"https:\/\/www.europesays.com\/es\/wp-json\/wp\/v2\/types\/post"}],"author":[{"embeddable":true,"href":"https:\/\/www.europesays.com\/es\/wp-json\/wp\/v2\/users\/2"}],"replies":[{"embeddable":true,"href":"https:\/\/www.europesays.com\/es\/wp-json\/wp\/v2\/comments?post=154549"}],"version-history":[{"count":0,"href":"https:\/\/www.europesays.com\/es\/wp-json\/wp\/v2\/posts\/154549\/revisions"}],"wp:featuredmedia":[{"embeddable":true,"href":"https:\/\/www.europesays.com\/es\/wp-json\/wp\/v2\/media\/154550"}],"wp:attachment":[{"href":"https:\/\/www.europesays.com\/es\/wp-json\/wp\/v2\/media?parent=154549"}],"wp:term":[{"taxonomy":"category","embeddable":true,"href":"https:\/\/www.europesays.com\/es\/wp-json\/wp\/v2\/categories?post=154549"},{"taxonomy":"post_tag","embeddable":true,"href":"https:\/\/www.europesays.com\/es\/wp-json\/wp\/v2\/tags?post=154549"}],"curies":[{"name":"wp","href":"https:\/\/api.w.org\/{rel}","templated":true}]}}