{"id":154551,"date":"2025-10-03T08:55:21","date_gmt":"2025-10-03T08:55:21","guid":{"rendered":"https:\/\/www.europesays.com\/es\/154551\/"},"modified":"2025-10-03T08:55:21","modified_gmt":"2025-10-03T08:55:21","slug":"las-mejores-peliculas-y-series-de-estreno-29-de-septiembre","status":"publish","type":"post","link":"https:\/\/www.europesays.com\/es\/154551\/","title":{"rendered":"Las mejores pel\u00edculas y series de estreno (29 de septiembre"},"content":{"rendered":"<p>Repasamos algunas de las mejores pel\u00edculas y series que se estrenan en Espa\u00f1a durante la semana comprendida entre el 29 de septiembre y el 5 de octubre de 2025.<\/p>\n<p>Toca sacar la chaqueta, porque octubre est\u00e1 aqu\u00ed y, si el clima cumple con lo que es debido, la manga larga se impondr\u00e1 en toda la geograf\u00eda espa\u00f1ola. \u00bfY qu\u00e9 m\u00e1s? Los <a href=\"https:\/\/www.hobbyconsolas.com\/reportajes\/peliculas-esperadas-2025-ballerina-avatar-3-1430041\" title=\"Las pel\u00edculas m\u00e1s esperadas de 2025: de Ballerina a Avatar 3\" rel=\"nofollow noopener\" target=\"_blank\">estrenos <\/a>halloweeneros, claro.<\/p>\n<p>Aunque no habr\u00e1 mucho terror en estos primeros d\u00edas de octubre. Esta semana de cambio de mes tendremos varios estrenos importantes, con <strong>bastante representaci\u00f3n espa\u00f1ola<\/strong>.<\/p>\n<p>No dejamos de mencionar los estrenos semanales de episodios como <a href=\"https:\/\/www.hobbyconsolas.com\/noticias\/task-nuevo-creador-mare-easttown-arrasa-hbo-max-encima-pacificador-pero-no-gusta-todos-1484335\" title=\"Task, lo nuevo del creador de Mare of Easttown, arrasa en HBO Max por encima de El Pacificador, pero no gusta a todos\" rel=\"nofollow noopener\" target=\"_blank\">Task <\/a>o <a href=\"https:\/\/www.hobbyconsolas.com\/reviews\/critica-pacificador-temporada-2-cambio-tono-no-pierde-irreverencia-1479432\" title=\"Cr\u00edtica de El Pacificador temporada 2, un cambio de tono que no pierde la irreverencia\" rel=\"nofollow noopener\" target=\"_blank\">El Pacificador<\/a> en <strong>HBO Max<\/strong>, <a href=\"https:\/\/www.hobbyconsolas.com\/reviews\/critica-tulsa-king-temporada-3-sylvester-stallone-mundo-bajar-nivel-serie-taylor-sheridan-skyshowtime-1484159\" title=\"Cr\u00edtica de Tulsa King temporada 3: Sylvester Stallone contra el mundo sin bajar el nivel en la serie de Taylor Sheridan para SkyShowtime\" rel=\"nofollow noopener\" target=\"_blank\">Tulsa King<\/a> y <a href=\"https:\/\/www.hobbyconsolas.com\/reviews\/critica-dexter-resurrection-oscuro-pasajero-regresa-mejores-temporadas-aunque-innecesaria-1483349\" title=\"Cr\u00edtica de Dexter: Resurrection, el Oscuro Pasajero regresa en una de sus mejores temporadas, aunque innecesaria\" rel=\"nofollow noopener\" target=\"_blank\">Dexter: Resurrecci\u00f3n<\/a> en <strong>SkyShowtime<\/strong>, <a href=\"https:\/\/www.hobbyconsolas.com\/reviews\/critica-solo-asesinatos-edificio-temporada-5-tiempo-no-pasa-arconia-ni-ocupantes-1482721\" title=\"Cr\u00edtica de Solo asesinatos en el edificio temporada 5 - El tiempo no pasa por el Arconia... ni por sus ocupantes\" rel=\"nofollow noopener\" target=\"_blank\">Solo asesinatos en el edificio<\/a> en <strong>Disney+<\/strong>, o <a href=\"https:\/\/www.hobbyconsolas.com\/noticias\/morning-show-regresa-hoy-apple-tv-buenas-noticias-ser-renovada-quinta-temporada-1484106\" title=\"The Morning Show regresa hoy a Apple TV+ con buenas noticias tras ser renovada por una quinta temporada\" rel=\"nofollow noopener\" target=\"_blank\">The Morning Show<\/a> en <strong>Apple TV+<\/strong>.<\/p>\n<p>Hoy, en Hobby Cine, repasamos algunas de las <strong>mejores pel\u00edculas y series de estreno en Espa\u00f1a durante la semana comprendida entre el 29 de septiembre y el 5 de octubre de 2025<\/strong>.<\/p>\n<p>Un fantasma en la batalla (viernes 3 de octubre)<img alt=\"Un fantasma en la batalla (2025)\" loading=\"lazy\" width=\"1280\" height=\"720\" decoding=\"async\" data-nimg=\"1\" class=\"embed-image_image__UfA0I\" style=\"color:transparent\"   src=\"https:\/\/www.europesays.com\/es\/wp-content\/uploads\/2025\/10\/fantasma-batalla-2025-4363213.jpg\"\/><\/p>\n<p>Netflix<\/p>\n<p>No es muy habitual que <a href=\"https:\/\/www.hobbyconsolas.com\/reportajes\/netflix-espana-planes-precio-compartir-cuenta-catalogo-1150345\" title=\"Netflix Espa\u00f1a: planes, precio, compartir cuenta, cat\u00e1logo y m\u00e1s\" rel=\"nofollow noopener\" target=\"_blank\">Netflix <\/a>lleve sus <strong>pel\u00edculas <\/strong>a las salas de cine, pero <a href=\"https:\/\/www.hobbyconsolas.com\/noticias\/fantasma-batalla-thriller-netflix-producido-bayona-ya-tiene-trailer-oficial-1483914\" title=\"Un fantasma en la batalla, el thriller de Netflix producido por Bayona, ya tiene tr\u00e1iler oficial\" rel=\"nofollow noopener\" target=\"_blank\">Un fantasma en la batalla<\/a> ser\u00e1 una de esas raras excepciones.<\/p>\n<p><strong>Agust\u00edn D\u00edaz Yanes<\/strong> dirige y escribe esta pel\u00edcula espa\u00f1ola cuya historia te resultar\u00e1 especialmente familiar, pues se basa en los mismos eventos que la reciente ganadora del Goya: <a href=\"https:\/\/www.hobbyconsolas.com\/reviews\/critica-infiltrada-carolina-yuste-luis-tosar-desmantelando-eta-1409793\" title=\"Cr\u00edtica de La infiltrada, el thriller sobre ETA basado en hechos reales que no te dar\u00e1 un respiro\" rel=\"nofollow noopener\" target=\"_blank\">La infiltrada<\/a>.<\/p>\n<p>La historia se centra en la guardia civil que pas\u00f3 m\u00e1s de una d\u00e9cada infiltrada en ETA con el objetivo de localizar los zulos de la banda y desmantelar la organizaci\u00f3n.<\/p>\n<p>En el elenco de Un fantasma en la batalla encontraremos a <strong>Susana Abaitua, Andr\u00e9s Gertr\u00fadix, Iraia Elias, Ra\u00fal Ar\u00e9valo, Ariadna Gil, Eduardo Rej\u00f3n, I\u00f1aki Balboa, Ant\u00f3n Soto, Eneko Sanz, Ander Lacalle y Guillermo San Emeterio<\/strong>.<\/p>\n<p>La sospecha de Sof\u00eda (viernes 3 de octubre)<img alt=\"La sospecha de Sof\u00eda (2025)\" loading=\"lazy\" width=\"2880\" height=\"1620\" decoding=\"async\" data-nimg=\"1\" class=\"embed-image_image__UfA0I\" style=\"color:transparent\"   src=\"https:\/\/www.europesays.com\/es\/wp-content\/uploads\/2025\/10\/sospecha-sofia-2025-4365468.jpg\"\/><\/p>\n<p>\u00bfNo tienes suficiente suspense marca Espa\u00f1a? No te preocupes, porque el viernes tambi\u00e9n llega a los cines <strong>La sospecha de Sof\u00eda<\/strong>, basada en la novela de <strong>Paloma S\u00e1nchez-Garnica<\/strong>.<\/p>\n<p>Este thriller de esp\u00edas ambientado en los a\u00f1os 60 ve a un hombre viajar a Alemania Oriental en plena Guerra Fr\u00eda para conocer a su madre biol\u00f3gica. Pero todo es parte de un complot de la KGB para reemplazarle en Espa\u00f1a por su hermano gemelo, quien busca establecer un operativo en el coraz\u00f3n del r\u00e9gimen franquista.<\/p>\n<p>La <a href=\"https:\/\/www.hobbyconsolas.com\/listas\/10-peliculas-espanolas-taquilleras-historia-1371381\" title=\"Las 10 pel\u00edculas espa\u00f1olas m\u00e1s taquilleras de la historia\" rel=\"nofollow noopener\" target=\"_blank\">pel\u00edcula <\/a>de <strong>Imanol Uribe<\/strong> contar\u00e1 en su reparto con <strong>\u00c1lex Gonz\u00e1lez, Aura Garrido, Zoe Stein, Irina Bravo, Yaiza Guimare, Daniel Kovacs y Carla Pastor<\/strong>.<\/p>\n<p>The Smashing Machine (viernes 3 de octubre)<img alt=\"The Smashing Machine (2025) - Mark Kerr (Dwayne Johnson)\" loading=\"lazy\" width=\"2880\" height=\"1620\" decoding=\"async\" data-nimg=\"1\" class=\"embed-image_image__UfA0I\" style=\"color:transparent\"   src=\"https:\/\/www.europesays.com\/es\/wp-content\/uploads\/2025\/10\/smashing-machine-2025-mark-kerr-dwayne-johnson-4356448.jpg\"\/><\/p>\n<p>A24<\/p>\n<p>Hollywood se toma esta semana de descanso en lo que a blockbusters se refiere, aunque no lo parezca con <a href=\"https:\/\/www.hobbyconsolas.com\/reportajes\/dwayne-johnson-no-tiene-estrenos-horizonte-algunos-titulos-son-conocidos-1427195\" title=\"Dwayne Johnson no para y tiene m\u00e1s estrenos en el horizonte con algunos t\u00edtulos que son conocidos\" rel=\"nofollow noopener\" target=\"_blank\">Dwayne Johnson<\/a> liderando el estreno cinematogr\u00e1fico que nos queda: <a href=\"https:\/\/www.hobbyconsolas.com\/noticias\/dwayne-johnson-admite-estaba-aterrado-hacer-pelicula-seria-como-smashing-machine-1479984\" title=\"Dwayne Johnson estaba aterrado por hacer una pel\u00edcula seria como The Smashing Machine: &quot;estas oportunidades no se me presentaban&quot;\" rel=\"nofollow noopener\" target=\"_blank\">The Smashing Machine<\/a>.<\/p>\n<p>The Rock se meter\u00e1 en la piel del c\u00e9lebre <strong>Mark Kerr<\/strong>, cuya contribuci\u00f3n en los or\u00edgenes de la UFC se explorar\u00e1 en la pel\u00edcula de <strong>Ben Safdie<\/strong>.<\/p>\n<p><a href=\"https:\/\/www.hobbyconsolas.com\/reportajes\/papeles-emblematicos-dwayne-johnson-alias-roca-903693\" data-gacat=\"relacionado-manual\" rel=\"nofollow noopener\" target=\"_blank\"><img alt=\"Dwayne Johnson\" loading=\"lazy\" width=\"124\" height=\"83\" decoding=\"async\" data-nimg=\"1\" style=\"color:transparent\"  src=\"https:\/\/www.europesays.com\/es\/wp-content\/uploads\/2025\/10\/dwayne-johnson-2415959.jpg\"\/><\/a><\/p>\n<p>Pero el biopic, en el que Dwayne Johnson luce irreconocible, se centrar\u00e1 en el auge y la ca\u00edda de Kerr a trav\u00e9s de sus luchas personales.<\/p>\n<p>Acompa\u00f1ando a la Roca en The Smashing Machine tendremos a <strong>Emily Blunt, Bas Rutten, Paul Lazenby, Whitney Moore y Andre Tricoteux<\/strong>, entre otros.<\/p>\n<p>Animal (viernes 3 de octubre)<img alt=\"Animal - Ant\u00f3n (Luis Zahera)\" loading=\"lazy\" width=\"2880\" height=\"1620\" decoding=\"async\" data-nimg=\"1\" class=\"embed-image_image__UfA0I\" style=\"color:transparent\"   src=\"https:\/\/www.europesays.com\/es\/wp-content\/uploads\/2025\/10\/animal-anton-luis-zahera-4360690.jpg\"\/><\/p>\n<p>Netflix Espa\u00f1a<\/p>\n<p>Pasamos a las series, donde Netflix va a llevar la voz cantante esta semana en nuestro listado. Tambi\u00e9n tendremos sabor espa\u00f1ol gracias a <a href=\"https:\/\/www.hobbyconsolas.com\/noticias\/netflix-lanza-trailer-animal-serie-comedia-luis-zahera-sacando-toda-mala-uva-1482442\" title=\"Netflix lanza el tr\u00e1iler de Animal, la serie de comedia con Luis Zahera sacando toda su mala uva\" rel=\"nofollow noopener\" target=\"_blank\">Animal<\/a>, la nueva serie de <strong>V\u00edctor Garc\u00eda Le\u00f3n<\/strong>.<\/p>\n<p>Un veterinario rural gallego chapado a la antigua est\u00e1 coqueteando con la ruina, por lo que acepta la oferta de su sobrina de trabajar en una tienda boutique de animales. El problema ser\u00e1 tratar con un perfil de cliente que no encaja en sus esquemas.<\/p>\n<p><strong>Luis Zahera<\/strong> encabeza el elenco de la serie de Netflix, acompa\u00f1ado por <strong>Luc\u00eda Caraballo, Carmen Ruiz, Nuno Gallego, Antonio Dur\u00e1n, Sergio Abelaira, Dario Loureiro y Adri\u00e1n Viador<\/strong>.<\/p>\n<p>Monstruo: La historia de Ed Gein (viernes 3 de octubre)<img alt=\"Monstruo: La historia de Ed Gein\" loading=\"lazy\" width=\"2880\" height=\"1620\" decoding=\"async\" data-nimg=\"1\" class=\"embed-image_image__UfA0I\" style=\"color:transparent\"   src=\"https:\/\/www.europesays.com\/es\/wp-content\/uploads\/2025\/10\/monstruo-historia-ed-gein-4357251.jpg\"\/><\/p>\n<p>Netflix<\/p>\n<p>Lo m\u00e1s aterrador que llega esta semana, y miedo da un rato, es <a href=\"https:\/\/www.hobbyconsolas.com\/noticias\/netflix-presenta-trailer-monstruo-historia-ed-gein-nuevo-capitulo-antologia-asesinos-reales-1483784\" title=\"Netflix presenta el tr\u00e1iler de Monstruo: La historia de Ed Gein, el nuevo cap\u00edtulo de la antolog\u00eda de asesinos reales\" rel=\"nofollow noopener\" target=\"_blank\">Monstruo: La historia de Ed Gein<\/a>, la tercera temporada de la antolog\u00eda de <strong>Ryan Murphy<\/strong> sobre los asesinos en serie m\u00e1s famosos.<\/p>\n<p><strong>Charlie Hunnam<\/strong> se meter\u00e1 en la piel del infame Ed Gein, el asesino que se convirti\u00f3 en referente para Hollywood en los a\u00f1os 50, dando pie a pel\u00edculas como Psicosis, La matanza de Texas o El silencio de los corderos, entre otras.<\/p>\n<p>\u00a0<\/p>\n<p>Adem\u00e1s de la estrella de <strong>Hijos de la anarqu\u00eda<\/strong>, en Monstruo: La historia de Ed Gein encontraremos a <strong>Laurie Metcalf, Tom Hollander, Olivia Williams, Emma Halleen, Vicky Krieps, Karly Rothenberg o Dusty Sorg<\/strong>.<\/p>\n<p>Aunque octubre es el mes de Halloween, esta primera semana es m\u00e1s suavecita. Pero no desesperes, que llegar\u00e1n sorpresas aterradoras para saciar tu sed de sustos. Por cierto, esta semana tambi\u00e9n se reestrena <a href=\"https:\/\/www.hobbyconsolas.com\/reviews\/critica-avatar-sentido-agua-espectacular-viaje-vuelta-pandora-1166884\" title=\"Cr\u00edtica de Avatar: El sentido del agua, un espectacular viaje de vuelta a Pandora, ya en Disney+\" rel=\"nofollow noopener\" target=\"_blank\">Avatar: El sentido del agua<\/a>, por si quieres disfrutar de la experiencia en salas 3D.<\/p>\n<p>Conoce <a href=\"https:\/\/www.hobbyconsolas.com\/como-trabajamos\" title=\"&quot;C\u00f3mo trabajamos en HobbyConsolas&quot;\" target=\"_blank\" rel=\"nofollow noopener\">c\u00f3mo trabajamos<\/a> en HobbyConsolas.<\/p>\n<p class=\"more-info_p__isR8T\">Etiquetas: <a href=\"https:\/\/www.hobbyconsolas.com\/tags\/netflix\" rel=\"nofollow noopener\" target=\"_blank\">Netflix<\/a><\/p>\n","protected":false},"excerpt":{"rendered":"Repasamos algunas de las mejores pel\u00edculas y series que se estrenan en Espa\u00f1a durante la semana comprendida entre&hellip;\n","protected":false},"author":2,"featured_media":154552,"comment_status":"","ping_status":"","sticky":false,"template":"","format":"standard","meta":{"footnotes":""},"categories":[169],"tags":[177,146,147,25,24,176,175,23],"class_list":{"0":"post-154551","1":"post","2":"type-post","3":"status-publish","4":"format-standard","5":"has-post-thumbnail","7":"category-cine","8":"tag-cine","9":"tag-entertainment","10":"tag-entretenimiento","11":"tag-es","12":"tag-espana","13":"tag-film","14":"tag-movies","15":"tag-spain"},"share_on_mastodon":{"url":"","error":""},"_links":{"self":[{"href":"https:\/\/www.europesays.com\/es\/wp-json\/wp\/v2\/posts\/154551","targetHints":{"allow":["GET"]}}],"collection":[{"href":"https:\/\/www.europesays.com\/es\/wp-json\/wp\/v2\/posts"}],"about":[{"href":"https:\/\/www.europesays.com\/es\/wp-json\/wp\/v2\/types\/post"}],"author":[{"embeddable":true,"href":"https:\/\/www.europesays.com\/es\/wp-json\/wp\/v2\/users\/2"}],"replies":[{"embeddable":true,"href":"https:\/\/www.europesays.com\/es\/wp-json\/wp\/v2\/comments?post=154551"}],"version-history":[{"count":0,"href":"https:\/\/www.europesays.com\/es\/wp-json\/wp\/v2\/posts\/154551\/revisions"}],"wp:featuredmedia":[{"embeddable":true,"href":"https:\/\/www.europesays.com\/es\/wp-json\/wp\/v2\/media\/154552"}],"wp:attachment":[{"href":"https:\/\/www.europesays.com\/es\/wp-json\/wp\/v2\/media?parent=154551"}],"wp:term":[{"taxonomy":"category","embeddable":true,"href":"https:\/\/www.europesays.com\/es\/wp-json\/wp\/v2\/categories?post=154551"},{"taxonomy":"post_tag","embeddable":true,"href":"https:\/\/www.europesays.com\/es\/wp-json\/wp\/v2\/tags?post=154551"}],"curies":[{"name":"wp","href":"https:\/\/api.w.org\/{rel}","templated":true}]}}