{"id":154557,"date":"2025-10-03T08:58:07","date_gmt":"2025-10-03T08:58:07","guid":{"rendered":"https:\/\/www.europesays.com\/es\/154557\/"},"modified":"2025-10-03T08:58:07","modified_gmt":"2025-10-03T08:58:07","slug":"muere-a-los-56-anos-el-actor-javier-manrique","status":"publish","type":"post","link":"https:\/\/www.europesays.com\/es\/154557\/","title":{"rendered":"Muere a los 56 a\u00f1os el actor Javier Manrique"},"content":{"rendered":"<p>El actor <strong>Javier Manrique<\/strong>, conocido por participar en las pel\u00edculas de \u00c1lex de la Iglesia El d\u00eda de la bestia, Las brujas de Zugarramurdi y Mi gran noche, y en series como C\u00e1mera Caf\u00e9, ha <strong>fallecido a los 56 a\u00f1os<\/strong>, seg\u00fan ha informado este viernes la Academia de Cine.<\/p>\n<p>Nacido en 1968 en Lima, trabaj\u00f3 como actor en <strong>cine, televisi\u00f3n y teatro desde que ten\u00eda 20 a\u00f1os<\/strong>, y desde hace m\u00e1s de un decenio compaginaba su trabajo interpretativo con una agencia de representaci\u00f3n de actores, Manrique Management, seg\u00fan su perfil en Linkedin.<\/p>\n<p>En cine le dio tambi\u00e9n rostro a personajes de Todo es mentira, de <strong>\u00c1lvaro Fern\u00e1ndez Armero<\/strong>, As\u00ed en el cielo como en la tierra, de <strong>Jos\u00e9 Luis Cuerda<\/strong>, y M\u00e1s que amor, frenes\u00ed, escrita y dirigida por <strong>Alfonso Albacete, David Menkes y Miguel Bardem<\/strong>. <\/p>\n<p>Cara de la peque\u00f1a pantalla<\/p>\n<p>En TVE protagoniz\u00f3 en el a\u00f1o 2000 <a href=\"https:\/\/www.rtve.es\/play\/videos\/jacinto-durante-representante\/\" rel=\"nofollow noopener\" target=\"_blank\">Jacinto Durante, representante<\/a>, de Antonio del Real, en la que hac\u00eda el papel de un <strong>m\u00e1nager art\u00edstico<\/strong> que representa a artistas an\u00f3nimos y con escasas capacidades.<\/p>\n<p>En la peque\u00f1a pantalla dio sus primeros pasos ante una c\u00e1mara en Farmacia de guardia, de Antonio Mercero, a principios de los a\u00f1os 90, con tres <strong>peque\u00f1os papeles<\/strong> de personajes distintos. <\/p>\n<p>A\u00f1os despu\u00e9s apareci\u00f3 en <strong>varios cap\u00edtulos de <\/strong><strong>Camera caf\u00e9<\/strong>, como Lorenzo, en A las once en casa y Turno de oficio: diez a\u00f1os despu\u00e9s.<\/p>\n","protected":false},"excerpt":{"rendered":"El actor Javier Manrique, conocido por participar en las pel\u00edculas de \u00c1lex de la Iglesia El d\u00eda de&hellip;\n","protected":false},"author":2,"featured_media":154558,"comment_status":"","ping_status":"","sticky":false,"template":"","format":"standard","meta":{"footnotes":""},"categories":[91],"tags":[146,147,25,24,23],"class_list":{"0":"post-154557","1":"post","2":"type-post","3":"status-publish","4":"format-standard","5":"has-post-thumbnail","7":"category-entretenimiento","8":"tag-entertainment","9":"tag-entretenimiento","10":"tag-es","11":"tag-espana","12":"tag-spain"},"share_on_mastodon":{"url":"","error":""},"_links":{"self":[{"href":"https:\/\/www.europesays.com\/es\/wp-json\/wp\/v2\/posts\/154557","targetHints":{"allow":["GET"]}}],"collection":[{"href":"https:\/\/www.europesays.com\/es\/wp-json\/wp\/v2\/posts"}],"about":[{"href":"https:\/\/www.europesays.com\/es\/wp-json\/wp\/v2\/types\/post"}],"author":[{"embeddable":true,"href":"https:\/\/www.europesays.com\/es\/wp-json\/wp\/v2\/users\/2"}],"replies":[{"embeddable":true,"href":"https:\/\/www.europesays.com\/es\/wp-json\/wp\/v2\/comments?post=154557"}],"version-history":[{"count":0,"href":"https:\/\/www.europesays.com\/es\/wp-json\/wp\/v2\/posts\/154557\/revisions"}],"wp:featuredmedia":[{"embeddable":true,"href":"https:\/\/www.europesays.com\/es\/wp-json\/wp\/v2\/media\/154558"}],"wp:attachment":[{"href":"https:\/\/www.europesays.com\/es\/wp-json\/wp\/v2\/media?parent=154557"}],"wp:term":[{"taxonomy":"category","embeddable":true,"href":"https:\/\/www.europesays.com\/es\/wp-json\/wp\/v2\/categories?post=154557"},{"taxonomy":"post_tag","embeddable":true,"href":"https:\/\/www.europesays.com\/es\/wp-json\/wp\/v2\/tags?post=154557"}],"curies":[{"name":"wp","href":"https:\/\/api.w.org\/{rel}","templated":true}]}}