{"id":154563,"date":"2025-10-03T09:01:08","date_gmt":"2025-10-03T09:01:08","guid":{"rendered":"https:\/\/www.europesays.com\/es\/154563\/"},"modified":"2025-10-03T09:01:08","modified_gmt":"2025-10-03T09:01:08","slug":"uno-de-los-barcos-de-la-flotilla-a-gaza-atraca-en-chipre-debido-a-una-emergencia-medica","status":"publish","type":"post","link":"https:\/\/www.europesays.com\/es\/154563\/","title":{"rendered":"Uno de los barcos de la Flotilla a Gaza atraca en Chipre debido a una emergencia m\u00e9dica"},"content":{"rendered":"<p>  Por&amp;nbsp<a href=\"https:\/\/es.euronews.com\/perfiles\/640\" rel=\"nofollow noopener\" target=\"_blank\">Georgios Aivaliotis<\/a>&amp;nbsp&amp;&amp;nbsp<b>Euronews<\/b>&amp;nbspcon&amp;nbsp<b>\u03a7 @letymbiotis<\/b><\/p>\n<p>\n                    Publicado                 03\/10\/2025 &#8211; 9:13 CEST<br \/>\n                \u2022Ultima actualizaci\u00f3n<br \/>\n                                     9:26\n                                        <\/p>\n<p>          <img decoding=\"async\" class=\"c-ad__placeholder__logo\" src=\"https:\/\/static.euronews.com\/website\/images\/logos\/logo-euronews-stacked-outlined-72x72-grey-9.svg\" width=\"72\" height=\"72\" alt=\"\" loading=\"lazy\"\/><br \/>\n          PUBLICIDAD<\/p>\n<p>Uno de los barcos que <a href=\"https:\/\/es.euronews.com\/2025\/10\/02\/israel-intercepta-13-barcos-de-la-flotilla-humanitaria-rumbo-a-gaza-y-desata-protestas-glo\" rel=\"nofollow noopener\" target=\"_blank\">participaban en la flotilla internacional<\/a>, que se dirig\u00eda a <strong>Gaza<\/strong>, se encuentra <strong>en el puerto de Larnaca<\/strong>. El atraque fue posible tras una petici\u00f3n a las autoridades chipriotas competentes, seg\u00fan inform\u00f3 el portavoz del Gobierno de Chipre, Konstantinos Letibiotis, a trav\u00e9s de un mensaje en redes sociales. <\/p>\n<p>El portavoz afirm\u00f3 que la <strong>Rep\u00fablica de Chipre<\/strong> hab\u00eda actuado desde el primer momento con la protecci\u00f3n de la vida humana y el respeto del <strong>derecho internacional humanitario<\/strong>, aplicando de forma coherente las obligaciones que le incumben en virtud de la <strong>legislaci\u00f3n nacional y europea<\/strong>.<\/p>\n<p>Letibiotis afirma que: \u00abdurante el procedimiento de atraque se inform\u00f3 de la presencia de <strong>2 pasajeros con problemas cr\u00f3nicos de salud<\/strong>. Por lo tanto, se aceler\u00f3 el atraque del buque para proporcionarles la atenci\u00f3n necesaria\u00bb.<\/p>\n<p><strong>El Gobierno de Chipre detalla la asistencia consular y m\u00e9dica<\/strong><\/p>\n<p>Hasta <strong>21 pasajeros<\/strong>, ciudadanos de varios Estados, incluidos <strong>Estados miembros de la UE<\/strong>, viajaban en la embarcaci\u00f3n. Las autoridades competentes llevaron a cabo todos los controles de identificaci\u00f3n, <strong>documentaci\u00f3n y seguridad necesarios<\/strong> y se llam\u00f3 a una ambulancia como medida de precauci\u00f3n. Durante los ex\u00e1menes realizados por los param\u00e9dicos, <strong>no se consider\u00f3 necesario trasladarlos a un hospital<\/strong>.<\/p>\n<p>Al mismo tiempo, las autoridades chipriotas han velado por que se atiendan las <strong>necesidades b\u00e1sicas de los pasajeros<\/strong>, al tiempo que se les presta la asistencia necesaria en materia consular y ante cualquier solicitud de nacionales de terceros pa\u00edses.<\/p>\n","protected":false},"excerpt":{"rendered":"Por&amp;nbspGeorgios Aivaliotis&amp;nbsp&amp;&amp;nbspEuronews&amp;nbspcon&amp;nbsp\u03a7 @letymbiotis Publicado 03\/10\/2025 &#8211; 9:13 CEST \u2022Ultima actualizaci\u00f3n 9:26 PUBLICIDAD Uno de los barcos que participaban&hellip;\n","protected":false},"author":2,"featured_media":154564,"comment_status":"","ping_status":"","sticky":false,"template":"","format":"standard","meta":{"footnotes":""},"categories":[42],"tags":[46452,5341,17,18,7413,4576,13,14,11,61,62,63,64,31353,19,20,9,10,15,16,12,21,22,65,66,67],"class_list":{"0":"post-154563","1":"post","2":"type-post","3":"status-publish","4":"format-standard","5":"has-post-thumbnail","7":"category-internacional","8":"tag-ataque-a-la-flota-de-ayuda-para-gaza","9":"tag-ayuda-humanitaria","10":"tag-breaking-news","11":"tag-breakingnews","12":"tag-chipre","13":"tag-emergencia","14":"tag-featured-news","15":"tag-featurednews","16":"tag-headlines","17":"tag-internacional","18":"tag-international","19":"tag-international-news","20":"tag-internationalnews","21":"tag-la-flotilla-de-gaza","22":"tag-latest-news","23":"tag-latestnews","24":"tag-news","25":"tag-noticias","26":"tag-noticias-destacadas","27":"tag-noticiasdestacadas","28":"tag-titulares","29":"tag-ultimas-noticias","30":"tag-ultimasnoticias","31":"tag-world","32":"tag-world-news","33":"tag-worldnews"},"share_on_mastodon":{"url":"","error":""},"_links":{"self":[{"href":"https:\/\/www.europesays.com\/es\/wp-json\/wp\/v2\/posts\/154563","targetHints":{"allow":["GET"]}}],"collection":[{"href":"https:\/\/www.europesays.com\/es\/wp-json\/wp\/v2\/posts"}],"about":[{"href":"https:\/\/www.europesays.com\/es\/wp-json\/wp\/v2\/types\/post"}],"author":[{"embeddable":true,"href":"https:\/\/www.europesays.com\/es\/wp-json\/wp\/v2\/users\/2"}],"replies":[{"embeddable":true,"href":"https:\/\/www.europesays.com\/es\/wp-json\/wp\/v2\/comments?post=154563"}],"version-history":[{"count":0,"href":"https:\/\/www.europesays.com\/es\/wp-json\/wp\/v2\/posts\/154563\/revisions"}],"wp:featuredmedia":[{"embeddable":true,"href":"https:\/\/www.europesays.com\/es\/wp-json\/wp\/v2\/media\/154564"}],"wp:attachment":[{"href":"https:\/\/www.europesays.com\/es\/wp-json\/wp\/v2\/media?parent=154563"}],"wp:term":[{"taxonomy":"category","embeddable":true,"href":"https:\/\/www.europesays.com\/es\/wp-json\/wp\/v2\/categories?post=154563"},{"taxonomy":"post_tag","embeddable":true,"href":"https:\/\/www.europesays.com\/es\/wp-json\/wp\/v2\/tags?post=154563"}],"curies":[{"name":"wp","href":"https:\/\/api.w.org\/{rel}","templated":true}]}}