{"id":154565,"date":"2025-10-03T09:08:10","date_gmt":"2025-10-03T09:08:10","guid":{"rendered":"https:\/\/www.europesays.com\/es\/154565\/"},"modified":"2025-10-03T09:08:10","modified_gmt":"2025-10-03T09:08:10","slug":"carlos-alcaraz-campeon-en-tokio-no-disputara-el-masters-de-shanghai-para-descansar-y-recuperar-tenis","status":"publish","type":"post","link":"https:\/\/www.europesays.com\/es\/154565\/","title":{"rendered":"Carlos Alcaraz, campe\u00f3n en Tokio, no disputar\u00e1 el Masters de Shangh\u00e1i \u00abpara descansar y recuperar\u00bb | Tenis"},"content":{"rendered":"<p>Carlos Alcaraz no disputar\u00e1 el Masters 1.000 de Shangh\u00e1i, uno de los \u00faltimos torneos grandes de la temporada. As\u00ed lo ha confirmado el propio tenista murciano en sus redes sociales: \u00abEstoy muy disgustado por tener que anunciar que no estar\u00e9 disponible para disputar el Masters 1.000 de Shangh\u00e1i este a\u00f1o. Desafortunadamente, he estado sufriendo con algunas dolencias f\u00edsicas y, despu\u00e9s de hablarlo con mi equipo, pensamos que la mejor decisi\u00f3n es descansar y recuperar. Ten\u00eda much\u00edsimas ganas de volver a jugar delante de los incre\u00edbles fans en Shangh\u00e1i otra vez. Espero volver pronto y ver a mis hinchas chinos el pr\u00f3ximo a\u00f1o\u00bb. <\/p>\n<blockquote class=\"twitter-tweet\">\n<p lang=\"es\" dir=\"ltr\">\u274c\ud83d\udea8 <a href=\"https:\/\/twitter.com\/carlosalcaraz?ref_src=twsrc%5Etfw\" rel=\"nofollow noopener\" target=\"_blank\">@carlosalcaraz<\/a> anuncia que NO DISPUTAR\u00c1 el Masters 1.000 de Shangh\u00e1i<\/p>\n<p>\ud83d\udcf2\ud83d\udde8\ufe0f \u00abTras hablarlo con mi equipo, creemos que la mejor decisi\u00f3n es descansar y recuperar\u00bb<\/p>\n<p>\ud83c\udfc6\ud83c\uddef\ud83c\uddf5 Este mismo martes se ha proclamado campe\u00f3n del ATP 500 de Tokio <a href=\"https:\/\/t.co\/e4SMUFzfKG\" rel=\"nofollow\">pic.twitter.com\/e4SMUFzfKG<\/a><\/p>\n<p>\u2014 Carrusel Deportivo (@carrusel) <a href=\"https:\/\/twitter.com\/carrusel\/status\/1973007882385035599?ref_src=twsrc%5Etfw\" rel=\"nofollow noopener\" target=\"_blank\">September 30, 2025<\/a><\/p><\/blockquote>\n<p>Esta decisi\u00f3n ha sido anunciada por el propio Carlitos en sus redes sociales unas horas despu\u00e9s de <a href=\"https:\/\/cadenaser.com\/nacional\/2025\/09\/30\/carlos-alcaraz-taylor-fritz-en-directo-la-final-del-atp-de-tokio-en-vivo-cadena-ser\/\" target=\"_blank\" rel=\"noreferrer nofollow noopener\" title=\"https:\/\/cadenaser.com\/nacional\/2025\/09\/30\/carlos-alcaraz-taylor-fritz-en-directo-la-final-del-atp-de-tokio-en-vivo-cadena-ser\/\">convertirse en campe\u00f3n del ATP 500 de Tokio tras derrotar en la final a Taylor Fritz<\/a> por un doble 6-4. Al finalizar la ceremonia de entrega de trofeos, el murciano se ha reunido junto a su equipo y han decidido que la mejor decisi\u00f3n es tomarse un respiro, no jugar este torneo y as\u00ed poder \u00abrecuperar y descansar\u00bb, tal y como \u00e9l mismo ha anunciado. <\/p>\n<p>M\u00e1s informaci\u00f3n<\/p>\n<p>El tobillo izquierdo de Carlitos ha estado sometido a much\u00edsima presi\u00f3n durante esta semana en Tokio despu\u00e9s de que<a href=\"https:\/\/cadenaser.com\/nacional\/2025\/09\/25\/carlos-alcaraz-enciende-las-alarmas-con-su-tobillo-izquierdo-sigue-jugando-tras-las-asistencias-medicas-cadena-ser\/\" target=\"_blank\" rel=\"noreferrer nofollow noopener\" title=\"https:\/\/cadenaser.com\/nacional\/2025\/09\/25\/carlos-alcaraz-enciende-las-alarmas-con-su-tobillo-izquierdo-sigue-jugando-tras-las-asistencias-medicas-cadena-ser\/\"> el pasado jueves se lesionase en su partido ante el argentino Sebasti\u00e1n B\u00e1ez<\/a> en el torneo de la capital japonesa. Juanjo Moreno, su fisioterapeuta, ha tenido que trabajar mucho para poder llegar hasta el final del torneo sin visibles molestias f\u00edsicas: \u00abLo he dicho antes y lo vuelvo a decir. Tengo al mejor fisioterapeuta del mundo, en el que conf\u00edo al cien por cien. El trabajo que ha hecho con el tobillo ha sido estupendo (&#8230;) He podido jugar con normalidad y eso fue genial\u00bb, dijo el propio Alcaraz en el partido posterior a su lesi\u00f3n en el tobillo. <\/p>\n<p>Pese a haber podido completar el ATP 500 de Tokio al completo, con t\u00edtulo incluido, la decisi\u00f3n est\u00e1 tomada: Alcaraz tendr\u00e1 ahora unas semanas de descanso antes de finalizar la temporada con el objetivo puesto en Par\u00eds-Bercy y en la Copa de Maestros. Adem\u00e1s, tambi\u00e9n est\u00e1 el gran aliciente de la Copa Davis, en donde <a href=\"https:\/\/cadenaser.com\/nacional\/2025\/09\/14\/pablo-carreno-completa-la-epica-remontada-de-espana-ante-dinamarca-y-la-armada-jugara-la-final-8-de-la-copa-davis-cadena-ser\/\" target=\"_blank\" rel=\"noreferrer nofollow noopener\" title=\"https:\/\/cadenaser.com\/nacional\/2025\/09\/14\/pablo-carreno-completa-la-epica-remontada-de-espana-ante-dinamarca-y-la-armada-jugara-la-final-8-de-la-copa-davis-cadena-ser\/\">Espa\u00f1a disputar\u00e1 la final a ocho que tendr\u00e1 lugar en Bolonia<\/a>. Pese a que Carlitos no fue convocado frente a Dinamarca por <a href=\"https:\/\/cadenaser.com\/nacional\/2025\/09\/07\/jannik-sinner-carlos-alcaraz-en-directo-la-final-del-us-open-de-tenis-en-vivo-cadena-ser\/\" target=\"_blank\" rel=\"noreferrer nofollow noopener\" title=\"https:\/\/cadenaser.com\/nacional\/2025\/09\/07\/jannik-sinner-carlos-alcaraz-en-directo-la-final-del-us-open-de-tenis-en-vivo-cadena-ser\/\">haber ganado el US Open<\/a>, todo hace pensar que David Ferrer le llamar\u00e1 para la final a ocho que se celebrar\u00e1 en Italia, en donde Espa\u00f1a jugar\u00e1 los cuartos de final frente a Rep\u00fablica Checa.<\/p>\n<p><script async src=\"https:\/\/platform.twitter.com\/widgets.js\" charset=\"utf-8\"><\/script><\/p>\n","protected":false},"excerpt":{"rendered":"Carlos Alcaraz no disputar\u00e1 el Masters 1.000 de Shangh\u00e1i, uno de los \u00faltimos torneos grandes de la temporada.&hellip;\n","protected":false},"author":2,"featured_media":154566,"comment_status":"","ping_status":"","sticky":false,"template":"","format":"standard","meta":{"footnotes":""},"categories":[274],"tags":[11203,168,25,24,46453,23416,23,167,327,326],"class_list":{"0":"post-154565","1":"post","2":"type-post","3":"status-publish","4":"format-standard","5":"has-post-thumbnail","7":"category-tenis","8":"tag-ball","9":"tag-deportes","10":"tag-es","11":"tag-espana","12":"tag-hardcourt","13":"tag-racket","14":"tag-spain","15":"tag-sports","16":"tag-tenis","17":"tag-tennis"},"share_on_mastodon":{"url":"","error":""},"_links":{"self":[{"href":"https:\/\/www.europesays.com\/es\/wp-json\/wp\/v2\/posts\/154565","targetHints":{"allow":["GET"]}}],"collection":[{"href":"https:\/\/www.europesays.com\/es\/wp-json\/wp\/v2\/posts"}],"about":[{"href":"https:\/\/www.europesays.com\/es\/wp-json\/wp\/v2\/types\/post"}],"author":[{"embeddable":true,"href":"https:\/\/www.europesays.com\/es\/wp-json\/wp\/v2\/users\/2"}],"replies":[{"embeddable":true,"href":"https:\/\/www.europesays.com\/es\/wp-json\/wp\/v2\/comments?post=154565"}],"version-history":[{"count":0,"href":"https:\/\/www.europesays.com\/es\/wp-json\/wp\/v2\/posts\/154565\/revisions"}],"wp:featuredmedia":[{"embeddable":true,"href":"https:\/\/www.europesays.com\/es\/wp-json\/wp\/v2\/media\/154566"}],"wp:attachment":[{"href":"https:\/\/www.europesays.com\/es\/wp-json\/wp\/v2\/media?parent=154565"}],"wp:term":[{"taxonomy":"category","embeddable":true,"href":"https:\/\/www.europesays.com\/es\/wp-json\/wp\/v2\/categories?post=154565"},{"taxonomy":"post_tag","embeddable":true,"href":"https:\/\/www.europesays.com\/es\/wp-json\/wp\/v2\/tags?post=154565"}],"curies":[{"name":"wp","href":"https:\/\/api.w.org\/{rel}","templated":true}]}}