{"id":154575,"date":"2025-10-03T09:14:19","date_gmt":"2025-10-03T09:14:19","guid":{"rendered":"https:\/\/www.europesays.com\/es\/154575\/"},"modified":"2025-10-03T09:14:19","modified_gmt":"2025-10-03T09:14:19","slug":"las-15-mejores-fotos-de-la-gala-con-tematica-egipcia-en-el-museo-nacional-de-bellas-artes-gente-online","status":"publish","type":"post","link":"https:\/\/www.europesays.com\/es\/154575\/","title":{"rendered":"Las 15 mejores fotos de la gala con tem\u00e1tica egipcia en el Museo Nacional de Bellas Artes \u2013 GENTE Online"},"content":{"rendered":"<p>El <strong>Museo Nacional de Bellas Artes<\/strong> se visti\u00f3 de dorado, jerogl\u00edficos y misterio para celebrar una noche inolvidable: \u201c<strong>Una noche en el Antiguo Egipto<\/strong>\u201d, el evento anual de recaudaci\u00f3n organizado por la Asociaci\u00f3n Amigos del Museo. La cita fue el lunes 29 de septiembre en el Pabell\u00f3n de exposiciones temporarias, y reuni\u00f3 a <strong>450 invitados entre empresarios, artistas, coleccionistas, periodistas y referentes del mundo cultural<\/strong>. La ambientaci\u00f3n, inspirada en la civilizaci\u00f3n egipcia, incluy\u00f3 detalles escenogr\u00e1ficos, m\u00fasica envolvente y una propuesta gastron\u00f3mica de primer nivel.<\/p>\n<p>La recaudaci\u00f3n alcanz\u00f3 los <strong>170 mil d\u00f3lares, fondos que ser\u00e1n destinados a obras de infraestructura<\/strong> para ampliar las salas del segundo piso y mejorar la accesibilidad del museo. En ese marco, se anunci\u00f3 una importante donaci\u00f3n de la familia Roemmers, reconocida por su compromiso con el arte y la cultura.<\/p>\n<p>El evento fue tambi\u00e9n una antesala de la exposici\u00f3n \u201c<strong>Fantas\u00eda y ciencia. Egiptofilia y egiptolog\u00eda en la Argentina<\/strong>\u201d, que abrir\u00e1 el 18 de noviembre y se extender\u00e1 hasta marzo de 2026. Curada por<strong> Sergio Baur<\/strong> y <strong>Jos\u00e9 Emilio Buruc\u00faa<\/strong>, la muestra explorar\u00e1 el impacto de la cultura egipcia en el arte, la arquitectura, el cine y la literatura argentina.<\/p>\n<p>Las mejores fotos de la gala egipcia en el Museo de Bellas Artes<\/p>\n<p><img decoding=\"async\" width=\"1000\" height=\"667\" src=\"https:\/\/www.europesays.com\/es\/wp-content\/uploads\/2025\/10\/Julio-Cesar-Crivelli-presidente-de-Amigos-del-Bellas-Artes-y-Tulio-Andreussi-presidente-del-Fondo-Na.webp\" loading=\"lazy\" alt=\"\" class=\"wp-image-613275\"\/>Julio Cesar Crivelli, presidente de Amigos del Bellas Artes y Tulio Andreussi, presidente del Fondo Nacional\u00a0de\u00a0las\u00a0Artes.<\/p>\n<p><img decoding=\"async\" width=\"1000\" height=\"667\" src=\"https:\/\/www.europesays.com\/es\/wp-content\/uploads\/2025\/10\/Gloria-Cesar-y-Gerardo-Acevedo.jpg.webp.webp\" loading=\"lazy\" alt=\"\" class=\"wp-image-613264\"\/>Gloria Cesar y Gerardo Acevedo.<\/p>\n<p><img decoding=\"async\" width=\"1000\" height=\"667\" src=\"https:\/\/www.europesays.com\/es\/wp-content\/uploads\/2025\/10\/Walter-DAloia-Criado-y-Jose-Vaz-Pinto-con-el-representante-diplomatico-de-Chipre-Stelios-Georgiades..webp\" loading=\"lazy\" alt=\"\" class=\"wp-image-613265\"\/>Walter D&#8217;Aloia Criado y Jos\u00e9 Vaz Pinto con el representante diplom\u00e1tico de Chipre, Stelios Georgiades.<\/p>\n<p><img decoding=\"async\" width=\"1000\" height=\"667\" src=\"https:\/\/www.europesays.com\/es\/wp-content\/uploads\/2025\/10\/Gino-Bogani-y-Marina-Achaval-Duhau.jpg.webp.webp\" loading=\"lazy\" alt=\"\" class=\"wp-image-613266\"\/>Gino Bogani y Marina Achaval\u00a0Duhau.<\/p>\n<p><img decoding=\"async\" width=\"1000\" height=\"667\" src=\"https:\/\/www.europesays.com\/es\/wp-content\/uploads\/2025\/10\/Gerard-Grieco-director-del-Teatro-Colon.jpg.webp.webp\" loading=\"lazy\" alt=\"\" class=\"wp-image-613267\"\/>G\u00e9rard Grieco, director del Teatro\u00a0Col\u00f3n.<\/p>\n<p><img decoding=\"async\" width=\"1000\" height=\"667\" src=\"https:\/\/www.europesays.com\/es\/wp-content\/uploads\/2025\/10\/German-Carvajal-Patricia-Nazar-y-Teresa-Zavalia.jpg.webp.webp\" loading=\"lazy\" alt=\"\" class=\"wp-image-613268\"\/>German Carvajal, Patricia Nazar y Teresa\u00a0Zaval\u00eda.<\/p>\n<p><img decoding=\"async\" width=\"1000\" height=\"667\" src=\"https:\/\/www.europesays.com\/es\/wp-content\/uploads\/2025\/10\/Cristiano-Ratazzi-Gabriela-Castellani-Miriam-Levi-y-Gustavo-Weiss.jpg.webp.webp\" loading=\"lazy\" alt=\"\" class=\"wp-image-613269\"\/>Cristiano Ratazzi, Gabriela Castellani, Miriam Levi y Gustavo\u00a0Weiss.<\/p>\n<p><img decoding=\"async\" width=\"1000\" height=\"667\" src=\"https:\/\/www.europesays.com\/es\/wp-content\/uploads\/2025\/10\/Alberto-Roemmers-su-esposa-Gina-Vargas-y-Alejandro-Roemmers.jpg.webp.webp\" loading=\"lazy\" alt=\"\" class=\"wp-image-613270\"\/>Alberto Roemmers, su esposa, Gina Vargas y Alejandro Roemmers.<\/p>\n<p><img decoding=\"async\" width=\"1000\" height=\"667\" src=\"https:\/\/www.europesays.com\/es\/wp-content\/uploads\/2025\/10\/Julio-Cesar-Crivelli-y-Ana-Bustamante.jpg.webp.webp\" loading=\"lazy\" alt=\"\" class=\"wp-image-613271\"\/>Julio Cesar Crivelli y Ana Bustamante.<\/p>\n<p><img decoding=\"async\" width=\"1000\" height=\"667\" src=\"https:\/\/www.europesays.com\/es\/wp-content\/uploads\/2025\/10\/Javier-Iturrioz-y-Julieta-Kemble.jpg.webp.webp\" loading=\"lazy\" alt=\"\" class=\"wp-image-613272\"\/>Javier Iturrioz y Julieta Kemble.<\/p>\n<p><img decoding=\"async\" width=\"1000\" height=\"667\" src=\"https:\/\/www.europesays.com\/es\/wp-content\/uploads\/2025\/10\/Paula-Parisot-y-Natalia-Orlowski.jpg.webp.webp\" loading=\"lazy\" alt=\"\" class=\"wp-image-613273\"\/>Paula Parisot y Natalia Orlowski.<\/p>\n<p><img decoding=\"async\" width=\"1000\" height=\"667\" src=\"https:\/\/www.europesays.com\/es\/wp-content\/uploads\/2025\/10\/Los-galeristas-Amparo-Discoli-y-su-hermano-Teo-Discoli.jpg.webp.webp\" loading=\"lazy\" alt=\"\" class=\"wp-image-613274\"\/>Los hermanos galeristas Amparo Discoli y Teo\u00a0Discoli.<\/p>\n<p><img decoding=\"async\" width=\"1000\" height=\"667\" src=\"https:\/\/www.europesays.com\/es\/wp-content\/uploads\/2025\/10\/Julio-Cesar-Crivelli-con-Santiago-Siri-y-Felisa-Blaquier.jpg.webp.webp\" loading=\"lazy\" alt=\"\" class=\"wp-image-613276\"\/>Julio Cesar Crivelli con Santiago Siri y Felisa\u00a0Blaquier.<\/p>\n<p><img decoding=\"async\" width=\"1000\" height=\"667\" src=\"https:\/\/www.europesays.com\/es\/wp-content\/uploads\/2025\/10\/Embajadores-de-Egipto-Yasser-Mahmoud-Abed-y-Da.-Hebaallah-Hassan-Salem-Mohamed.jpg.webp.webp\" loading=\"lazy\" alt=\"\" class=\"wp-image-613278\"\/>Embajadores de Egipto Yasser Mahmoud Abed y Da. Hebaallah Hassan Salem Mohamed.<\/p>\n<p><img decoding=\"async\" width=\"1000\" height=\"667\" src=\"https:\/\/www.europesays.com\/es\/wp-content\/uploads\/2025\/10\/Aca-los-embajadores-de-Egipto-estan-con-Julio-Crivelli-y-Maria-Irene-Herrero-de-Amigos-del-Bellas-Ar.webp\" loading=\"lazy\" alt=\"\" class=\"wp-image-613277\"\/>Los embajadores de Egipto junto a Julio Crivelli y Mar\u00eda Irene Herrero, de Amigos del\u00a0Bellas\u00a0Artes.<\/p>\n<p>\t\t\t\t\u00a0 <\/p>\n<p>\t\t\t\t\t\t\t\t\tTEMAS<\/p>\n","protected":false},"excerpt":{"rendered":"El Museo Nacional de Bellas Artes se visti\u00f3 de dorado, jerogl\u00edficos y misterio para celebrar una noche inolvidable:&hellip;\n","protected":false},"author":2,"featured_media":154576,"comment_status":"","ping_status":"","sticky":false,"template":"","format":"standard","meta":{"footnotes":""},"categories":[173],"tags":[229,233,231,230,232,234,146,147,25,24,46454,20363,46455,23],"class_list":{"0":"post-154575","1":"post","2":"type-post","3":"status-publish","4":"format-standard","5":"has-post-thumbnail","7":"category-arte-y-diseno","8":"tag-arte","9":"tag-arte-y-diseno","10":"tag-arts","11":"tag-arts-and-design","12":"tag-design","13":"tag-diseno","14":"tag-entertainment","15":"tag-entretenimiento","16":"tag-es","17":"tag-espana","18":"tag-gala-egipcia","19":"tag-galerias","20":"tag-museo-nacional-de-bellas-artes","21":"tag-spain"},"share_on_mastodon":{"url":"","error":""},"_links":{"self":[{"href":"https:\/\/www.europesays.com\/es\/wp-json\/wp\/v2\/posts\/154575","targetHints":{"allow":["GET"]}}],"collection":[{"href":"https:\/\/www.europesays.com\/es\/wp-json\/wp\/v2\/posts"}],"about":[{"href":"https:\/\/www.europesays.com\/es\/wp-json\/wp\/v2\/types\/post"}],"author":[{"embeddable":true,"href":"https:\/\/www.europesays.com\/es\/wp-json\/wp\/v2\/users\/2"}],"replies":[{"embeddable":true,"href":"https:\/\/www.europesays.com\/es\/wp-json\/wp\/v2\/comments?post=154575"}],"version-history":[{"count":0,"href":"https:\/\/www.europesays.com\/es\/wp-json\/wp\/v2\/posts\/154575\/revisions"}],"wp:featuredmedia":[{"embeddable":true,"href":"https:\/\/www.europesays.com\/es\/wp-json\/wp\/v2\/media\/154576"}],"wp:attachment":[{"href":"https:\/\/www.europesays.com\/es\/wp-json\/wp\/v2\/media?parent=154575"}],"wp:term":[{"taxonomy":"category","embeddable":true,"href":"https:\/\/www.europesays.com\/es\/wp-json\/wp\/v2\/categories?post=154575"},{"taxonomy":"post_tag","embeddable":true,"href":"https:\/\/www.europesays.com\/es\/wp-json\/wp\/v2\/tags?post=154575"}],"curies":[{"name":"wp","href":"https:\/\/api.w.org\/{rel}","templated":true}]}}