{"id":154587,"date":"2025-10-03T09:21:08","date_gmt":"2025-10-03T09:21:08","guid":{"rendered":"https:\/\/www.europesays.com\/es\/154587\/"},"modified":"2025-10-03T09:21:08","modified_gmt":"2025-10-03T09:21:08","slug":"los-moriarti-directores-de-maspalomas-padrinos-de-dias-de-cine","status":"publish","type":"post","link":"https:\/\/www.europesays.com\/es\/154587\/","title":{"rendered":"Los Moriarti, directores de &#8216;Maspalomas&#8217;, padrinos de \u2018D\u00edas de Cine&#8217;"},"content":{"rendered":"<p><a href=\"https:\/\/www.rtve.es\/play\/videos\/dias-de-cine\/\" rel=\"nofollow noopener\" target=\"_blank\">\u2018D\u00edas de Cine\u2019<\/a>, a las puertas de cumplir 34 a\u00f1os en antena el 6 de octubre, tendr\u00e1 esta semana como padrinos a <strong>Jos\u00e9 Mari Goenaga, Aitor Arregui<\/strong> y <strong>Jon Gara\u00f1o<\/strong> quienes, junto a Xabier Berzosa, conforman la productora que ha puesto en marcha t\u00edtulos como \u2018Loreak\u2019, \u2018Handia\u2019, \u2018La trinchera infinita\u2019, \u2018Marco\u2019, la serie \u2018Balenciaga\u2019 o, m\u00e1s recientemente, <strong>\u2018Maspalomas\u2019<\/strong>, participada por RTVE, por la que el actor Jos\u00e9 Ram\u00f3n Soroiz se ha llevado la <a href=\"https:\/\/www.rtve.es\/rtve\/20250928\/domingos-alauda-ruiz-azua-participada-por-rtve-concha-oro-festival-cine-san-sebastian\/16747551.shtml\" rel=\"nofollow noopener\" target=\"_blank\">Concha de Plata en el Festival de Cine de San Sebasti\u00e1n<\/a>.<\/p>\n<p>M\u00e1s pel\u00edculas participadas por RTVE llegan esta semana a las salas: <strong>\u2018La sospecha de Sof\u00eda\u2019<\/strong>, un thriller de Imanol Uribe basado en la novela de Paloma S\u00e1nchez-Garnica; <strong>\u2018Extra\u00f1o r\u00edo\u2019 <\/strong>(Estrany riu), dirigida por Jaume Claret Muxart; \u2018<strong>Maleficio (La regla de Osha)\u2019<\/strong>, cine de terror dirigido por \u00c1ngel Gonz\u00e1lez; y <strong>\u2018<\/strong><strong><a href=\"https:\/\/www.rtve.es\/rtve\/20250923\/trepidante-thriller-psicologico-parecido-asesinato-inaugura-galas-rtve-festival-san-sebastian\/16741327.shtml\" rel=\"nofollow noopener\" target=\"_blank\">Parecido a un asesinato\u2019<\/a><\/strong>, protagonizada por Eduardo Noriega y Blanca Su\u00e1rez y dirigida por Antonio Hern\u00e1ndez.<\/p>\n<p>El espacio de cine de La 2 se fijar\u00e1 en m\u00e1s cine espa\u00f1ol: el documental <strong>\u2018Dolores Ibarruri, la Pasionaria&#8217;<\/strong>, dirigido por Amparo Climent; y la nueva pel\u00edcula de Agust\u00edn D\u00edaz Llanes,<strong> \u2018Un fantasma en la batalla\u2019<\/strong>, que cuenta la historia de Amaia, una joven guardia civil, interpretada por Susana Abaitua, que permanece m\u00e1s de una d\u00e9cada trabajando como agente encubierta dentro de ETA.<\/p>\n<p>Tambi\u00e9n destacan entre los estrenos <strong>\u2018The Smashing Machine\u2019<\/strong>, protagonizada por Dwayne Johnson; o el biopic franc\u00e9s \u2018<strong>La divina Sarah Bernhardt\u2019<\/strong>, de Guillaume Nicloux. <\/p>\n<p>\u2018D\u00edas de Cine\u2019 celebrar\u00e1 tambi\u00e9n el cumplea\u00f1os de <strong>Julie Andrews<\/strong>. La actriz, nacida el 1 de octubre de 1935, cumple 90 a\u00f1os, y 80 desde que debut\u00f3 en un escenario. El programa repasar\u00e1 su trayectoria, con personajes c\u00e9lebres en pel\u00edculas como \u2018Mary Poppins\u2019, \u2018Sonrisas y l\u00e1grimas\u2019, \u2018Cortina rasgada\u2019\u2026 o sus trabajos con su marido, Blake Edwards.<\/p>\n<p>Las recomendaciones completan el programa de esta semana.<\/p>\n","protected":false},"excerpt":{"rendered":"\u2018D\u00edas de Cine\u2019, a las puertas de cumplir 34 a\u00f1os en antena el 6 de octubre, tendr\u00e1 esta&hellip;\n","protected":false},"author":2,"featured_media":154588,"comment_status":"","ping_status":"","sticky":false,"template":"","format":"standard","meta":{"footnotes":""},"categories":[91],"tags":[146,147,25,24,23],"class_list":{"0":"post-154587","1":"post","2":"type-post","3":"status-publish","4":"format-standard","5":"has-post-thumbnail","7":"category-entretenimiento","8":"tag-entertainment","9":"tag-entretenimiento","10":"tag-es","11":"tag-espana","12":"tag-spain"},"share_on_mastodon":{"url":"","error":""},"_links":{"self":[{"href":"https:\/\/www.europesays.com\/es\/wp-json\/wp\/v2\/posts\/154587","targetHints":{"allow":["GET"]}}],"collection":[{"href":"https:\/\/www.europesays.com\/es\/wp-json\/wp\/v2\/posts"}],"about":[{"href":"https:\/\/www.europesays.com\/es\/wp-json\/wp\/v2\/types\/post"}],"author":[{"embeddable":true,"href":"https:\/\/www.europesays.com\/es\/wp-json\/wp\/v2\/users\/2"}],"replies":[{"embeddable":true,"href":"https:\/\/www.europesays.com\/es\/wp-json\/wp\/v2\/comments?post=154587"}],"version-history":[{"count":0,"href":"https:\/\/www.europesays.com\/es\/wp-json\/wp\/v2\/posts\/154587\/revisions"}],"wp:featuredmedia":[{"embeddable":true,"href":"https:\/\/www.europesays.com\/es\/wp-json\/wp\/v2\/media\/154588"}],"wp:attachment":[{"href":"https:\/\/www.europesays.com\/es\/wp-json\/wp\/v2\/media?parent=154587"}],"wp:term":[{"taxonomy":"category","embeddable":true,"href":"https:\/\/www.europesays.com\/es\/wp-json\/wp\/v2\/categories?post=154587"},{"taxonomy":"post_tag","embeddable":true,"href":"https:\/\/www.europesays.com\/es\/wp-json\/wp\/v2\/tags?post=154587"}],"curies":[{"name":"wp","href":"https:\/\/api.w.org\/{rel}","templated":true}]}}