{"id":154610,"date":"2025-10-03T09:35:23","date_gmt":"2025-10-03T09:35:23","guid":{"rendered":"https:\/\/www.europesays.com\/es\/154610\/"},"modified":"2025-10-03T09:35:23","modified_gmt":"2025-10-03T09:35:23","slug":"kofane-meteorico-e-imparable-del-juvenil-del-albacete-a-hacer-historia-en-champions-league-en-once-meses","status":"publish","type":"post","link":"https:\/\/www.europesays.com\/es\/154610\/","title":{"rendered":"Kofane, mete\u00f3rico e imparable: del juvenil del Albacete a hacer historia en Champions League en once meses"},"content":{"rendered":"<p>La trayectoria de Christian Kofane apenas cabe en 12 meses. El delantero camerun\u00e9s lleg\u00f3 a Espa\u00f1a en noviembre de 2024 para probarse con el Juvenil Divisi\u00f3n de Honor del Albacete Balompi\u00e9, y anoche firm\u00f3 un gol que ya es historia del Bayer Leverkusen: con <strong>19 a\u00f1os y 67 d\u00edas<\/strong> se convirti\u00f3 en <strong>el jugador m\u00e1s joven del club en anotar en la UEFA Champions League<\/strong>, al hacer el 1-0 ante el PSV en el BayArena. La jugada naci\u00f3 de un error defensivo neerland\u00e9s y Kofane no perdon\u00f3 desde el coraz\u00f3n del \u00e1rea en el 65\u2019. Siete minutos despu\u00e9s, Ismael Saibari igual\u00f3 el marcador para los holandeses.<\/p>\n<blockquote class=\"twitter-tweet\">\n<p lang=\"es\" dir=\"ltr\">Con 19 a\u00f1os, 2 meses y 5 d\u00edas, Christian Kofane se convierte en el goleador m\u00e1s joven en la historia del <a href=\"https:\/\/twitter.com\/hashtag\/Bayer04?src=hash&amp;ref_src=twsrc%5Etfw\" rel=\"nofollow noopener\" target=\"_blank\">#Bayer04<\/a> en la Champions League.<\/p>\n<p>\u00a1Grande, Koffi! \ud83d\udcaa\ud83c\udde8\ud83c\uddf2<\/p>\n<p>\ud83d\udd19 <a href=\"https:\/\/twitter.com\/hashtag\/B04PSV?src=hash&amp;ref_src=twsrc%5Etfw\" rel=\"nofollow noopener\" target=\"_blank\">#B04PSV<\/a> | <a href=\"https:\/\/twitter.com\/hashtag\/SomosBayer04?src=hash&amp;ref_src=twsrc%5Etfw\" rel=\"nofollow noopener\" target=\"_blank\">#SomosBayer04<\/a> \ud83d\udda4\u2764\ufe0f <a href=\"https:\/\/t.co\/6v04hWK4e2\" rel=\"nofollow\">pic.twitter.com\/6v04hWK4e2<\/a><\/p>\n<p>\u2014 Bayer 04 Leverkusen (@bayer04_es) <a href=\"https:\/\/twitter.com\/bayer04_es\/status\/1973500538601062619?ref_src=twsrc%5Etfw\" rel=\"nofollow noopener\" target=\"_blank\">October 1, 2025<\/a><\/p><\/blockquote>\n<p>La diana corona un ascenso fulgurante: Kofane aterriz\u00f3 en Albacete v\u00eda convenio con la academia camerunesa AS Nylon, <strong>marc\u00f3 6 goles en 6 partidos con el Juvenil<\/strong> y, en enero, <strong>debut\u00f3 con el primer equipo en Segunda marcando a los dos minutos<\/strong> de juego ante el Racing de Santander. Cerr\u00f3 la temporada 2024\/25 con <strong>ocho goles en 20 partidos<\/strong> en LaLiga Hypermotion, escaparate que atrajo a media Europa antes de su salto a la Bundesliga.<\/p>\n<p><img loading=\"lazy\" decoding=\"async\" width=\"1200\" height=\"675\" src=\"https:\/\/www.europesays.com\/es\/wp-content\/uploads\/2025\/10\/kofane.jpg\" alt=\"\" class=\"wp-image-1045718\"  \/>Kofane \/ Foto: Albacete Balompi\u00e9<\/p>\n<p>El paso por el Albacete y una venta r\u00e9cord<\/p>\n<p>El <strong>11 de julio<\/strong>, el Albacete anunci\u00f3 el acuerdo con el Leverkusen por <strong>una cantidad superior a la cl\u00e1usula de rescisi\u00f3n (5 millones de euros)<\/strong>, operaci\u00f3n que el propio club manchego calific\u00f3 como <strong>la mayor venta de su historia<\/strong>.<\/p>\n<p>En la ciudad manchega, la irrupci\u00f3n del ariete se explica por su producci\u00f3n inmediata en el juvenil y por la confianza del t\u00e9cnico Alberto Gonz\u00e1lez, que lo promovi\u00f3 al primer equipo en enero. Ese tramo de temporada \u2014goles a M\u00e1laga, Castell\u00f3n, Mirand\u00e9s o Elche\u2014 consolid\u00f3 su cotizaci\u00f3n y allan\u00f3 el traspaso estival.<\/p>\n<p><img loading=\"lazy\" decoding=\"async\" width=\"1200\" height=\"675\" src=\"https:\/\/www.europesays.com\/es\/wp-content\/uploads\/2025\/10\/kofane-lizoain.jpg\" alt=\"\" class=\"wp-image-1028385\"  \/>Kofane \/ Foto: Albacete Balompi\u00e9<\/p>\n<p>\u00bfQui\u00e9n lo trajo al Albacete? El papel de Mario Sim\u00f3n (y el debate interno)<\/p>\n<p>En Albacete se ha discutido <strong>a qui\u00e9n corresponde el m\u00e9rito de su llegada<\/strong>. Aunque en el entorno del club se ha atribuido en ocasiones a distintos miembros de la estructura deportiva como Fran Noguerol, el valedor clave fue <strong>Mario Sim\u00f3n<\/strong>, con quien el representante del camerun\u00e9s guarda gran relaci\u00f3n. En junio, adem\u00e1s, Kofane realiz\u00f3 parte de su pretemporada personalizada en el proyecto de entrenamiento dirigido por Sim\u00f3n en la ciudad de Albacete, algo que cabre\u00f3 mucho al Albacete Balompi\u00e9 y as\u00ed lo hizo saber Jorge Buergo, una de las altas esferas directivas de la entidad propiedad de los hermanos Kabchi bajo el entorchado de SkyLine.<\/p>\n<p><img loading=\"lazy\" decoding=\"async\" width=\"1200\" height=\"676\" src=\"https:\/\/www.europesays.com\/es\/wp-content\/uploads\/2025\/10\/1759484123_626_kofane.jpg\" alt=\"\" class=\"wp-image-1025105\"  \/>Kofane \/ Foto: Albacete Balompi\u00e9<\/p>\n<p>Cr\u00f3nica breve del Leverkusen\u2013PSV (1\u20131)<\/p>\n<p>El duelo entre alemanes y holandeses dej\u00f3 <strong>sensaciones mezcladas<\/strong> para los de Kasper Hjulmand: dominio territorial y ocasiones claras \u2014incluido un disparo de Grimaldo al poste\u2014, pero sin pegada para cerrar el resultado. El PSV avis\u00f3 pronto con un cabezazo anulado a Ivan Peri\u0161i\u0107 por fuera de juego. Tras el 1-0 de Kofane, <strong>Saibari<\/strong> empat\u00f3 a los 72\u2019 en la primera llegada clara de los neerlandeses. En el a\u00f1adido, <strong>Matej Kov\u00e1\u0159<\/strong> salv\u00f3 el punto visitante con una parada decisiva ante Grimaldo. Los datos de rendimiento apuntan a superioridad local en ocasiones, pero falt\u00f3 colmillo. Con el empate, <strong>Leverkusen suma su segundo punto<\/strong> en la liguilla; <strong>PSV<\/strong> estrena su casillero.<\/p>\n<p>\t\t<script async src=\"https:\/\/platform.twitter.com\/widgets.js\" charset=\"utf-8\"><\/script><\/p>\n","protected":false},"excerpt":{"rendered":"La trayectoria de Christian Kofane apenas cabe en 12 meses. El delantero camerun\u00e9s lleg\u00f3 a Espa\u00f1a en noviembre&hellip;\n","protected":false},"author":2,"featured_media":154611,"comment_status":"","ping_status":"","sticky":false,"template":"","format":"standard","meta":{"footnotes":""},"categories":[268],"tags":[2545,168,25,24,280,282,281,23,167],"class_list":{"0":"post-154610","1":"post","2":"type-post","3":"status-publish","4":"format-standard","5":"has-post-thumbnail","7":"category-futbol","8":"tag-albacete","9":"tag-deportes","10":"tag-es","11":"tag-espana","12":"tag-football","13":"tag-futbol","14":"tag-soccer","15":"tag-spain","16":"tag-sports"},"share_on_mastodon":{"url":"","error":""},"_links":{"self":[{"href":"https:\/\/www.europesays.com\/es\/wp-json\/wp\/v2\/posts\/154610","targetHints":{"allow":["GET"]}}],"collection":[{"href":"https:\/\/www.europesays.com\/es\/wp-json\/wp\/v2\/posts"}],"about":[{"href":"https:\/\/www.europesays.com\/es\/wp-json\/wp\/v2\/types\/post"}],"author":[{"embeddable":true,"href":"https:\/\/www.europesays.com\/es\/wp-json\/wp\/v2\/users\/2"}],"replies":[{"embeddable":true,"href":"https:\/\/www.europesays.com\/es\/wp-json\/wp\/v2\/comments?post=154610"}],"version-history":[{"count":0,"href":"https:\/\/www.europesays.com\/es\/wp-json\/wp\/v2\/posts\/154610\/revisions"}],"wp:featuredmedia":[{"embeddable":true,"href":"https:\/\/www.europesays.com\/es\/wp-json\/wp\/v2\/media\/154611"}],"wp:attachment":[{"href":"https:\/\/www.europesays.com\/es\/wp-json\/wp\/v2\/media?parent=154610"}],"wp:term":[{"taxonomy":"category","embeddable":true,"href":"https:\/\/www.europesays.com\/es\/wp-json\/wp\/v2\/categories?post=154610"},{"taxonomy":"post_tag","embeddable":true,"href":"https:\/\/www.europesays.com\/es\/wp-json\/wp\/v2\/tags?post=154610"}],"curies":[{"name":"wp","href":"https:\/\/api.w.org\/{rel}","templated":true}]}}