{"id":154614,"date":"2025-10-03T09:38:27","date_gmt":"2025-10-03T09:38:27","guid":{"rendered":"https:\/\/www.europesays.com\/es\/154614\/"},"modified":"2025-10-03T09:38:27","modified_gmt":"2025-10-03T09:38:27","slug":"la-insolita-opinion-de-enrique-iglesias-sobre-las-memorias-de-isabel-preysler","status":"publish","type":"post","link":"https:\/\/www.europesays.com\/es\/154614\/","title":{"rendered":"La ins\u00f3lita opini\u00f3n de Enrique Iglesias sobre las memorias de Isabel Preysler"},"content":{"rendered":"<p>Mucho ruido ha generado el libro de memorias de <a title=\"Mar Flores\" href=\"https:\/\/www.larazon.es\/gente\/famosos\/fin-semana-desconexion-mar-flores-ibiza-recordar_2025092968da7b52f10d3f06782457d7.html\" target=\"_blank\" rel=\"nofollow noopener\">Mar Flores<\/a>, donde no solo hace repaso de su vida profesional, sino tambi\u00e9n la sentimental. Ponen en jaque a algunos de sus exparejas, saliendo especialmente mal parados <a title=\"Carlo Costanzia\" href=\"https:\/\/www.larazon.es\/gente\/famosos\/carlo-paso-frente-aclara-posicion-guerra-mar-flores-carlo-costanzia-team-mama-team-papa_2025092368d2724d31b8a3479b77324d.html\" target=\"_blank\" rel=\"nofollow noopener\">Carlo Costanzia<\/a> y <a title=\"Alessandro Lequio\" href=\"https:\/\/www.larazon.es\/gente\/famosos\/antonia-dellatte-lequio-hacen-pasar-playboy-que-olviden-que-maltratador_2025100168dd44556c793a7e6987760b.html\" target=\"_blank\" rel=\"nofollow noopener\">Alessandro Lequio<\/a>. Algo a lo que se ha animado tambi\u00e9n <a title=\"Isabel Preysler\" href=\"https:\/\/www.larazon.es\/gente\/famosos\/isabel-preysler-ceba-sus-memorias-era-hora-que-supiese-verdad_2025092368d25ebd5f87ee0831f85b88.html\" target=\"_blank\" rel=\"nofollow noopener\">Isabel Preysler<\/a>. La socialit\u00e9 ha decidido redactar los cap\u00edtulos m\u00e1s escabrosos de su vida, tambi\u00e9n aquellos marcados por su aplaudida elegancia y su poder en la alta sociedad espa\u00f1ola. <b>Un repaso a sus 74 a\u00f1os de vida que promete estar en boca de todos. <\/b><\/p>\n<p>Ya se est\u00e1 haciendo la <b>promoci\u00f3n de \u2018Mi verdadera historia\u2019<\/b>, libro de la considerada como reina de corazones por su perpetua presencia en el papel cuch\u00e9. No solo por las v\u00edas habituales, sino tambi\u00e9n contando como altavoz con el llamamiento de los fans de algunos de sus hijos. Es el caso ahora de <a title=\"Enrique Iglesias\" href=\"https:\/\/www.larazon.es\/gente\/famosos\/enrique-iglesias-anna-kournikova-rumores-embarazo-regresan-espana_20250704686831a35e724b62f0695a67.html\" target=\"_blank\" rel=\"nofollow noopener\">Enrique Iglesias<\/a>, siempre alejado de la atenci\u00f3n medi\u00e1tica y mudo sobre los movimientos que da su familia en el \u2018star system\u2019. Pero toca remar a favor de obra, de ah\u00ed que haya decidido <b>romper su silencio y animar a todos a acudir a las librer\u00edas para conocer a su madre m\u00e1s y mejor<\/b>. <\/p>\n<p>Enrique Iglesias promociona la autobiograf\u00eda de Isabel Preysler<\/p>\n<p>No ser\u00e1 hasta <b>el pr\u00f3ximo 22 de octubre cuando el libro que prepara Isabel Preysler ocupe un lugar destacado en los estantes de las librer\u00edas<\/b>. La exmujer de Julio Iglesias ha entendido necesario dar su versi\u00f3n sobre algunos sucesos de su vida que, desde siempre, han sido contados por terceros. Sus pasos siempre han sido seguidos por la prensa y han ocupado importantes huecos en las portadas del kiosco rosa, pero tambi\u00e9n hay episodios de los que poco se ha hablado. Ahora ella arroja luz sobre algunos de ellos.<\/p>\n<p>Las reacciones a su iniciativa literaria no se han hecho esperar. Entre ellas, quiz\u00e1 la m\u00e1s inusual sea la llevada a cabo ahora por Enrique Iglesias, que ha querido hablar sobre la autobiograf\u00eda de su madre. \u00c9l siempre guarda silencio y no quiere que la atenci\u00f3n medi\u00e1tica que arrastran los miembros m\u00e1s notorios de su familia se pose en \u00e9l, de ah\u00ed que incluso cause baja en acontecimientos familiares tan importantes como las bodas de sus hermanos. Pero ahora <b>ha entendido necesario mostrar su opini\u00f3n sobre la aventura que prepara quien le dio la vida<\/b>. <\/p>\n<p>A modo de felicitaci\u00f3n, el cantante, que <a title=\"espera la llegada de su cuarto hijo junto a la extenista Anna Kournikova\" href=\"https:\/\/www.larazon.es\/gente\/famosos\/enrique-iglesias-anna-kournikova-cuarto-hijo-pareja-mas-discreta-star-system_2025082768aec459506ef67d06e28a64.html\" target=\"_blank\" rel=\"nofollow noopener\">espera la llegada de su cuarto hijo junto a la extenista Anna Kournikova<\/a>, se ha pronunciado. Lo hace para demostrar el orgullo que siente por su progenitora, rescatando del olvido una instant\u00e1nea del pasado. Una fotograf\u00eda que guardaba como un tesoro en su \u00e1lbum privado y que ahora ha compartido con el mundo a trav\u00e9s de su cuenta de Instagram: <b>\u201cFelicidades a mi madre por su autobiograf\u00eda. Qu\u00e9 vida tan incre\u00edble\u201d<\/b>, destaca, en un movimiento que ha sorprendido a propios y extra\u00f1os. <\/p>\n<p><img decoding=\"async\" loading=\"lazy\" src=\"https:\/\/www.europesays.com\/es\/wp-content\/uploads\/2025\/10\/story-tamara-falco-promocionando-memorias-isabel-preysler_123.jpg\" alt=\"Story de Tamara Falc\u00f3 promocionando las memorias de Isabel Preysler\" width=\"563\" height=\"836\"\/><b>Story de Tamara Falc\u00f3 promocionando las memorias de Isabel Preysler<\/b>Instagram<\/p>\n<p>No es el \u00fanico, pues su hermana Tamara Falc\u00f3 tambi\u00e9n ha ayudado a Isabel Preysler a promocionar sus memorias. Aunque reconoce que su madre tan solo le ha dejado leer algunos de los extractos de su libro y que no ser\u00e1 hasta que se publique cuando podr\u00e1 conocer en profundidad toda su historia, s\u00ed que ha querido dejar constancia de lo incre\u00edble que le parece lo le\u00eddo hasta ahora. <b>\u201cMe ha sorprendido descubrir tantas cosas que o conoc\u00eda de ella. Han sido m\u00e1s de dos a\u00f1os de trabajo incansable, con noches sin dormir y una dedicaci\u00f3n absoluta para contar su propia verdad, despu\u00e9s de que tanto se haya escrito sobre su vida.<\/b> Estoy deseando que salga para que todos pod\u00e1is conocerla de verdad. Te quiero mucho mami\u201d, escrib\u00eda la marquesa de Gri\u00f1\u00f3n. <\/p>\n","protected":false},"excerpt":{"rendered":"Mucho ruido ha generado el libro de memorias de Mar Flores, donde no solo hace repaso de su&hellip;\n","protected":false},"author":2,"featured_media":154615,"comment_status":"","ping_status":"","sticky":false,"template":"","format":"standard","meta":{"footnotes":""},"categories":[172],"tags":[224,146,147,25,24,225,23],"class_list":{"0":"post-154614","1":"post","2":"type-post","3":"status-publish","4":"format-standard","5":"has-post-thumbnail","7":"category-libros","8":"tag-books","9":"tag-entertainment","10":"tag-entretenimiento","11":"tag-es","12":"tag-espana","13":"tag-libros","14":"tag-spain"},"share_on_mastodon":{"url":"","error":""},"_links":{"self":[{"href":"https:\/\/www.europesays.com\/es\/wp-json\/wp\/v2\/posts\/154614","targetHints":{"allow":["GET"]}}],"collection":[{"href":"https:\/\/www.europesays.com\/es\/wp-json\/wp\/v2\/posts"}],"about":[{"href":"https:\/\/www.europesays.com\/es\/wp-json\/wp\/v2\/types\/post"}],"author":[{"embeddable":true,"href":"https:\/\/www.europesays.com\/es\/wp-json\/wp\/v2\/users\/2"}],"replies":[{"embeddable":true,"href":"https:\/\/www.europesays.com\/es\/wp-json\/wp\/v2\/comments?post=154614"}],"version-history":[{"count":0,"href":"https:\/\/www.europesays.com\/es\/wp-json\/wp\/v2\/posts\/154614\/revisions"}],"wp:featuredmedia":[{"embeddable":true,"href":"https:\/\/www.europesays.com\/es\/wp-json\/wp\/v2\/media\/154615"}],"wp:attachment":[{"href":"https:\/\/www.europesays.com\/es\/wp-json\/wp\/v2\/media?parent=154614"}],"wp:term":[{"taxonomy":"category","embeddable":true,"href":"https:\/\/www.europesays.com\/es\/wp-json\/wp\/v2\/categories?post=154614"},{"taxonomy":"post_tag","embeddable":true,"href":"https:\/\/www.europesays.com\/es\/wp-json\/wp\/v2\/tags?post=154614"}],"curies":[{"name":"wp","href":"https:\/\/api.w.org\/{rel}","templated":true}]}}