{"id":154629,"date":"2025-10-03T09:46:07","date_gmt":"2025-10-03T09:46:07","guid":{"rendered":"https:\/\/www.europesays.com\/es\/154629\/"},"modified":"2025-10-03T09:46:07","modified_gmt":"2025-10-03T09:46:07","slug":"torres-asegura-que-el-bbva-esta-recibiendo-muchas-aceptaciones-de-accionistas-del-sabadell-en-la-opa-economia","status":"publish","type":"post","link":"https:\/\/www.europesays.com\/es\/154629\/","title":{"rendered":"Torres asegura que el BBVA est\u00e1 recibiendo \u201cmuchas aceptaciones\u201d de accionistas del Sabadell en la opa | Econom\u00eda"},"content":{"rendered":"<p class=\"\">El presidente de <a href=\"https:\/\/elpais.com\/noticias\/bbva-banco-bilbao-vizcaya-argentaria\/\" target=\"_blank\" rel=\"noreferrer nofollow noopener\" title=\"https:\/\/elpais.com\/noticias\/bbva-banco-bilbao-vizcaya-argentaria\/\">BBVA<\/a>, Carlos Torres, ha afirmado este viernes que el banco est\u00e1 recibiendo \u201cmuchas aceptaciones\u201d de accionistas del Banco Sabadell en la oferta p\u00fablica de adquisici\u00f3n (opa) lanzada sobre la entidad catalana y ha asegurado que est\u00e1 \u201cconvencido\u201d de que superar\u00e1n el umbral del 50% de aceptaci\u00f3n.<\/p>\n<p class=\"\">En una entrevista en TV3, Torres ha se\u00f1alado que el proceso de aceptaci\u00f3n de la oferta \u2014que finaliza el pr\u00f3ximo 10 de octubre\u2014 va \u201cmuy por delante de lo que ten\u00edamos previsto\u201d y <a href=\"https:\/\/elpais.com\/economia\/2025-10-01\/torres-invita-a-los-accionistas-del-sabadell-a-seguir-el-ejemplo-de-david-martinez-en-la-opa-y-confia-en-superar-el-50.html\" target=\"_blank\" rel=\"noreferrer nofollow noopener\" title=\"https:\/\/elpais.com\/economia\/2025-10-01\/torres-invita-a-los-accionistas-del-sabadell-a-seguir-el-ejemplo-de-david-martinez-en-la-opa-y-confia-en-superar-el-50.html\">ha instado a los accionistas a seguir el ejemplo del mayor inversor individual del Sabadell, David Mart\u00ednez<\/a>, con un 3,8%, quien recientemente ha anunciado su intenci\u00f3n de acudir a la opa.<\/p>\n<p class=\"\">\u201cHa sido muy claro en su opini\u00f3n favorable a la opa, a la oferta que hemos presentado. Su opini\u00f3n favorable al proyecto tambi\u00e9n, por razones estrat\u00e9gicas, tambi\u00e9n por razones financieras. Y digo yo que lo que es bueno para el mayor accionista individual necesariamente tiene que ser bueno para todos los accionistas de Banco Sabadell\u201d, ha dicho.<\/p>\n<p class=\"\">Preguntado por la <a href=\"https:\/\/elpais.com\/economia\/2025-10-03\/el-bbva-y-el-sabadell-presionan-a-la-cnmv-para-determinar-el-precio-de-una-segunda-opa.html\" target=\"_blank\" rel=\"noreferrer nofollow noopener\" title=\"https:\/\/elpais.com\/economia\/2025-10-03\/el-bbva-y-el-sabadell-presionan-a-la-cnmv-para-determinar-el-precio-de-una-segunda-opa.html\">posibilidad de una segunda opa<\/a> \u2014de la cual el Sabadell cree que ser\u00eda a un precio superior al actual\u2014, Torres ha asegurado que esta es incierta y que \u201cno tiene sentido que nadie\u201d la espere, porque ser\u00eda al mismo precio de la actual, tal como marca la ley, seg\u00fan ha dicho.<\/p>\n<p class=\"\">\u201cLa operaci\u00f3n est\u00e1 condicionada a alcanzar el 50%. Si lo alcanzamos, tenemos \u00e9xito. Si no lo alcanzamos, tenemos la posibilidad legal de renunciar a la condici\u00f3n. No tenemos intenci\u00f3n de renunciar, pero podemos. Si renunci\u00e1ramos, estar\u00edamos obligados a hacer una segunda operaci\u00f3n a todos los accionistas, y \u00bfc\u00f3mo ser\u00eda esa segunda operaci\u00f3n? Al mismo precio\u201d, ha dicho.<\/p>\n<p class=\"\">Preguntado por si el proceso de la opa hab\u00eda sido duro, ha afirmado que \u201cha sido sobre todo largo, m\u00e1s que duro\u201d, y que, en sus palabras, ha sido m\u00e1s largo de lo que esperaban en la entidad.<\/p>\n<p class=\"\">Ha incidido en que han conseguido todas las autorizaciones de la Comisi\u00f3n Nacional del Mercado de Valores (CNMV) y que la Comisi\u00f3n Nacional de los Mercados y la Competencia (CNMC) aprob\u00f3 la operaci\u00f3n \u201cpor unanimidad\u201d.<\/p>\n<p>Gonz\u00e1lez-Bueno ve imposible superar el 50% del capital<\/p>\n<p class=\"\">Por su parte, el consejero delegado del Banco Sabadell, C\u00e9sar Gonz\u00e1lez-Bueno, ha afirmado este viernes que tras reunirse con inversores en Londres <a href=\"https:\/\/elpais.com\/economia\/2025-10-01\/las-cuatro-veces-que-el-sabadell-dijo-no-al-bbva.html\" target=\"_blank\" rel=\"noreferrer nofollow noopener\" title=\"https:\/\/elpais.com\/economia\/2025-10-01\/las-cuatro-veces-que-el-sabadell-dijo-no-al-bbva.html\">ve \u201cimposible\u201d que la opa del BBVA supere el 50% de aceptaci\u00f3n en su primer intento<\/a>.<\/p>\n<p class=\"\">Gonz\u00e1lez-Bueno ha subrayado en una entrevista con Bloomberg que si la operaci\u00f3n queda por debajo de ese umbral se abrir\u00e1 un escenario \u201ctremendamente complejo\u201d, ante la posibilidad de que el BBVA lance una segunda opa, lo que en su opini\u00f3n ir\u00eda ligado a \u201cmuchos riesgos\u201d.<\/p>\n<p class=\"\">Dada la \u201cpersistencia\u201d que ha demostrado el banco que preside Carlos Torres durante este proceso, que en ocasiones ha ido \u201cm\u00e1s all\u00e1 de lo esperado\u201d, el directivo ha sostenido que existe una \u201calta probabilidad\u201d de que el BBVA decida rebajar el l\u00edmite de aceptaci\u00f3n al 30% si no logra alcanzar el 50%.<\/p>\n<p class=\"\">Superar la mitad del capital en una primera opa es un objetivo \u201cinalcanzable\u201d debido, entre otras razones, a que el 40 % est\u00e1 formado por minoristas, entre los cuales, seg\u00fan ha afirmado, el nivel de aceptaci\u00f3n se sit\u00faa a d\u00eda de hoy por debajo del 1%.<\/p>\n<p class=\"\">El consejero delegado no espera que los inversores minoristas est\u00e9n esperando al \u00faltimo d\u00eda para tomar la decisi\u00f3n de acudir o no a la opa, sino que los que han decidido aceptar el canje propuesto por el BBVA lo han hecho de manera \u201cgradual\u201d.<\/p>\n","protected":false},"excerpt":{"rendered":"El presidente de BBVA, Carlos Torres, ha afirmado este viernes que el banco est\u00e1 recibiendo \u201cmuchas aceptaciones\u201d de&hellip;\n","protected":false},"author":2,"featured_media":154630,"comment_status":"","ping_status":"","sticky":false,"template":"","format":"standard","meta":{"footnotes":""},"categories":[80],"tags":[5219,3287,3285,82,10654,7899,95,94,25,24,3284,6558,23],"class_list":{"0":"post-154629","1":"post","2":"type-post","3":"status-publish","4":"format-standard","5":"has-post-thumbnail","7":"category-economia","8":"tag-banca","9":"tag-banco-sabadell","10":"tag-bbva","11":"tag-business","12":"tag-carlos-torres-vila","13":"tag-cnmv","14":"tag-economia","15":"tag-economy","16":"tag-es","17":"tag-espana","18":"tag-opa","19":"tag-opa-hostil","20":"tag-spain"},"share_on_mastodon":{"url":"","error":""},"_links":{"self":[{"href":"https:\/\/www.europesays.com\/es\/wp-json\/wp\/v2\/posts\/154629","targetHints":{"allow":["GET"]}}],"collection":[{"href":"https:\/\/www.europesays.com\/es\/wp-json\/wp\/v2\/posts"}],"about":[{"href":"https:\/\/www.europesays.com\/es\/wp-json\/wp\/v2\/types\/post"}],"author":[{"embeddable":true,"href":"https:\/\/www.europesays.com\/es\/wp-json\/wp\/v2\/users\/2"}],"replies":[{"embeddable":true,"href":"https:\/\/www.europesays.com\/es\/wp-json\/wp\/v2\/comments?post=154629"}],"version-history":[{"count":0,"href":"https:\/\/www.europesays.com\/es\/wp-json\/wp\/v2\/posts\/154629\/revisions"}],"wp:featuredmedia":[{"embeddable":true,"href":"https:\/\/www.europesays.com\/es\/wp-json\/wp\/v2\/media\/154630"}],"wp:attachment":[{"href":"https:\/\/www.europesays.com\/es\/wp-json\/wp\/v2\/media?parent=154629"}],"wp:term":[{"taxonomy":"category","embeddable":true,"href":"https:\/\/www.europesays.com\/es\/wp-json\/wp\/v2\/categories?post=154629"},{"taxonomy":"post_tag","embeddable":true,"href":"https:\/\/www.europesays.com\/es\/wp-json\/wp\/v2\/tags?post=154629"}],"curies":[{"name":"wp","href":"https:\/\/api.w.org\/{rel}","templated":true}]}}