{"id":154637,"date":"2025-10-03T09:51:09","date_gmt":"2025-10-03T09:51:09","guid":{"rendered":"https:\/\/www.europesays.com\/es\/154637\/"},"modified":"2025-10-03T09:51:09","modified_gmt":"2025-10-03T09:51:09","slug":"escribano-pepe-moral-y-esau-fernandez-reciben-el-detalle-para-el-recuerdo","status":"publish","type":"post","link":"https:\/\/www.europesays.com\/es\/154637\/","title":{"rendered":"Escribano, Pepe Moral y Esa\u00fa Fern\u00e1ndez reciben el \u201cDetalle para el recuerdo\u201d"},"content":{"rendered":"<p>El hotel Vincci La R\u00e1bida de Sevilla ha hecho entrega del XXI Premio Taurino \u201cAl detalle para el recuerdo\u201d, que este a\u00f1o ha ido a parar a los toreros sevillanos <strong>Manuel Escribano, Pepe Moral y Esa\u00fa Fern\u00e1ndez<\/strong> por su \u201cgesto hist\u00f3rico e ins\u00f3lito\u201d en la pasada Feria de Abril de Sevilla de recibir a portagayola a los seis toros de Miura.<\/p>\n<p><a href=\"https:\/\/www.europesays.com\/es\/wp-content\/uploads\/2025\/10\/WhatsApp-Image-2025-10-03-at-07.45.17.jpeg\"><img loading=\"lazy\" decoding=\"async\" class=\"alignnone wp-image-551588 size-full lazy\" src=\"https:\/\/www.europesays.com\/es\/wp-content\/uploads\/2025\/10\/WhatsApp-Image-2025-10-03-at-07.45.17.jpeg\" alt=\"\" width=\"1280\" height=\"792\"  data-\/><\/a><\/p>\n<p><strong>Pepe Moral<\/strong> asegur\u00f3 en su intervenci\u00f3n al recoger el galard\u00f3n, que aquella tarde de Sevilla fue una de las m\u00e1s importantes de su vida. Por su parte, <strong>Esa\u00fa Fern\u00e1ndez<\/strong> ensalz\u00f3 la ganader\u00eda de Miura, que tantos \u00e9xitos le ha dado en su carrera y lanz\u00f3 el guante a la empresa para que el pr\u00f3ximo a\u00f1o se repita el mismo cartel. En nombre del ausente <strong>Manuel Escribano<\/strong> recogi\u00f3 el premio Rafael Villanueva.<\/p>\n<p>Este galard\u00f3n, impulsado por Vincci Hoteles, busca cada a\u00f1o rendir homenaje a los momentos m\u00e1s memorables de la Feria de Abril. En ediciones anteriores han sido premiados ganader\u00edas como Garcigrande, Victorino Mart\u00edn o Miura, y figuras de la talla de <strong>Morante de la Puebla, El Juli, Enrique Ponce <\/strong>o<strong> Pablo Aguado.<\/strong><\/p>\n","protected":false},"excerpt":{"rendered":"El hotel Vincci La R\u00e1bida de Sevilla ha hecho entrega del XXI Premio Taurino \u201cAl detalle para el&hellip;\n","protected":false},"author":2,"featured_media":154638,"comment_status":"","ping_status":"","sticky":false,"template":"","format":"standard","meta":{"footnotes":""},"categories":[277],"tags":[373,168,25,24,46458,23,167,374,444],"class_list":{"0":"post-154637","1":"post","2":"type-post","3":"status-publish","4":"format-standard","5":"has-post-thumbnail","7":"category-toreo","8":"tag-bullfighting","9":"tag-deportes","10":"tag-es","11":"tag-espana","12":"tag-hotel-vincci-la-rabida","13":"tag-spain","14":"tag-sports","15":"tag-toreo","16":"tag-toros"},"share_on_mastodon":{"url":"","error":""},"_links":{"self":[{"href":"https:\/\/www.europesays.com\/es\/wp-json\/wp\/v2\/posts\/154637","targetHints":{"allow":["GET"]}}],"collection":[{"href":"https:\/\/www.europesays.com\/es\/wp-json\/wp\/v2\/posts"}],"about":[{"href":"https:\/\/www.europesays.com\/es\/wp-json\/wp\/v2\/types\/post"}],"author":[{"embeddable":true,"href":"https:\/\/www.europesays.com\/es\/wp-json\/wp\/v2\/users\/2"}],"replies":[{"embeddable":true,"href":"https:\/\/www.europesays.com\/es\/wp-json\/wp\/v2\/comments?post=154637"}],"version-history":[{"count":0,"href":"https:\/\/www.europesays.com\/es\/wp-json\/wp\/v2\/posts\/154637\/revisions"}],"wp:featuredmedia":[{"embeddable":true,"href":"https:\/\/www.europesays.com\/es\/wp-json\/wp\/v2\/media\/154638"}],"wp:attachment":[{"href":"https:\/\/www.europesays.com\/es\/wp-json\/wp\/v2\/media?parent=154637"}],"wp:term":[{"taxonomy":"category","embeddable":true,"href":"https:\/\/www.europesays.com\/es\/wp-json\/wp\/v2\/categories?post=154637"},{"taxonomy":"post_tag","embeddable":true,"href":"https:\/\/www.europesays.com\/es\/wp-json\/wp\/v2\/tags?post=154637"}],"curies":[{"name":"wp","href":"https:\/\/api.w.org\/{rel}","templated":true}]}}