{"id":154639,"date":"2025-10-03T09:55:16","date_gmt":"2025-10-03T09:55:16","guid":{"rendered":"https:\/\/www.europesays.com\/es\/154639\/"},"modified":"2025-10-03T09:55:16","modified_gmt":"2025-10-03T09:55:16","slug":"pedaleando-entre-abadias-castillos-y-preciosos-campos-de-cultivo","status":"publish","type":"post","link":"https:\/\/www.europesays.com\/es\/154639\/","title":{"rendered":"pedaleando entre abad\u00edas, castillos y preciosos campos de cultivo"},"content":{"rendered":"<p>Realmente nuestra ruta elegida para pedalear ese d\u00eda por Flandes, por esta provincia del Brabante Flamenco, fue la Horstroute, pero quisimos desviarnos para hacerle nuestro peque\u00f1o homenaje a Merckx cuando acaba de cumplir 80 a\u00f1os (el belga cuenta con su propia ruta, que desde junio ha duplicado su distancia: 150 km con m\u00e1s de 1.000 altimetr\u00edas).<strong> La ruta del Horst es una de las tantas que Flandes tiene preparada para el ciclista. <\/strong>El itinerario conduce, como su nombre indica, al castillo de Horst (del siglo XIII, rodeado de un bello estanque y un foso) en el este de Lovaina. Estamos en el llamado Hageland, una regi\u00f3n de frondosos bosques de hayas y robles, vi\u00f1edos, frutales, campos de trigo, ma\u00edz y cebada, cuervos planeando a lo Van Gogh y rincones de serenidad, como la antigua abad\u00eda benedictina de Vlierbeek, cuya historia se remonta al siglo XII. Es una de las muchas abad\u00edas con las que nos encontraremos en este viaje, formadas por recintos en los que se dispone una iglesia, huertos y jardines, un cementerio, posadas\u2026 Lugares en los que hacer un alto en el camino y relajarse a ritmo de carill\u00f3n, el instrumento omnipresente en toda B\u00e9lgica que es Patrimonio Cultural Inmaterial de la Humanidad y que, al parecer, tuvo sus or\u00edgenes en Flandes.<\/p>\n","protected":false},"excerpt":{"rendered":"Realmente nuestra ruta elegida para pedalear ese d\u00eda por Flandes, por esta provincia del Brabante Flamenco, fue la&hellip;\n","protected":false},"author":2,"featured_media":154640,"comment_status":"","ping_status":"","sticky":false,"template":"","format":"standard","meta":{"footnotes":""},"categories":[273],"tags":[46460,313,312,168,262,25,24,700,46461,46459,23,167],"class_list":{"0":"post-154639","1":"post","2":"type-post","3":"status-publish","4":"format-standard","5":"has-post-thumbnail","7":"category-ciclismo","8":"tag-castillos-y-preciosos-campos-de-cultivo","9":"tag-ciclismo","10":"tag-cycling","11":"tag-deportes","12":"tag-destinos","13":"tag-es","14":"tag-espana","15":"tag-europa","16":"tag-flandes","17":"tag-flandes-en-bici-pedaleando-entre-abadias","18":"tag-spain","19":"tag-sports"},"share_on_mastodon":{"url":"","error":""},"_links":{"self":[{"href":"https:\/\/www.europesays.com\/es\/wp-json\/wp\/v2\/posts\/154639","targetHints":{"allow":["GET"]}}],"collection":[{"href":"https:\/\/www.europesays.com\/es\/wp-json\/wp\/v2\/posts"}],"about":[{"href":"https:\/\/www.europesays.com\/es\/wp-json\/wp\/v2\/types\/post"}],"author":[{"embeddable":true,"href":"https:\/\/www.europesays.com\/es\/wp-json\/wp\/v2\/users\/2"}],"replies":[{"embeddable":true,"href":"https:\/\/www.europesays.com\/es\/wp-json\/wp\/v2\/comments?post=154639"}],"version-history":[{"count":0,"href":"https:\/\/www.europesays.com\/es\/wp-json\/wp\/v2\/posts\/154639\/revisions"}],"wp:featuredmedia":[{"embeddable":true,"href":"https:\/\/www.europesays.com\/es\/wp-json\/wp\/v2\/media\/154640"}],"wp:attachment":[{"href":"https:\/\/www.europesays.com\/es\/wp-json\/wp\/v2\/media?parent=154639"}],"wp:term":[{"taxonomy":"category","embeddable":true,"href":"https:\/\/www.europesays.com\/es\/wp-json\/wp\/v2\/categories?post=154639"},{"taxonomy":"post_tag","embeddable":true,"href":"https:\/\/www.europesays.com\/es\/wp-json\/wp\/v2\/tags?post=154639"}],"curies":[{"name":"wp","href":"https:\/\/api.w.org\/{rel}","templated":true}]}}