{"id":154645,"date":"2025-10-03T09:58:06","date_gmt":"2025-10-03T09:58:06","guid":{"rendered":"https:\/\/www.europesays.com\/es\/154645\/"},"modified":"2025-10-03T09:58:06","modified_gmt":"2025-10-03T09:58:06","slug":"el-barca-a-por-la-cuarta-seguida-para-ponerse-lider","status":"publish","type":"post","link":"https:\/\/www.europesays.com\/es\/154645\/","title":{"rendered":"El Bar\u00e7a, a por la cuarta seguida para ponerse l\u00edder"},"content":{"rendered":"<p class=\"ft-text\">El <strong>Bar\u00e7a <\/strong>visita Tudela este viernes a las 20:30 horas para enfrentarse al <strong>Ribera Navarra<\/strong> con el liderato liguero en juego. Tras conseguir una victoria de car\u00e1cter en su \u00faltimo partido en <strong>Alzira<\/strong>, los azulgranas aspiran a sumar los tres puntos para asaltar la primera posici\u00f3n de la clasificaci\u00f3n de manera moment\u00e1nea a la espera de lo que pueda hacer <strong>Jimbee Cartagena<\/strong> este s\u00e1bado, con quien comparte liderato.<\/p>\n<p class=\"ft-text\">Es un duelo trampa el que afrontar\u00e1 el conjunto de <strong>Javi Rodr\u00edguez<\/strong> en el <strong>Ciudad de Tudela<\/strong>. A pesar de que <strong>Ribera Navarra<\/strong> solamente ha podido sumar dos puntos en sus primeros cuatro encuentros, la pista del equipo navarro es una de las m\u00e1s complicadas de la categor\u00eda con una afici\u00f3n que apretar\u00e1 desde el primer minuto. Ser\u00e1 trabajo del <strong>Bar\u00e7a <\/strong>saber jugar su partido sin caer en el ambiente hostil que le esperar\u00e1 en <strong>Tudela<\/strong>.<\/p>\n<p>Un equipo de dos caras<\/p>\n<p class=\"ft-text\">Los azulgranas, por su parte, llegan con buenas sensaciones tras conseguir <strong>tres victorias y un empate<\/strong> en el arranque de temporada en liga. El equipo tiene claro que debe mejorar en el apartado defensivo -ha concedido 14 goles en apenas cuatro encuentros-, aunque por ahora el poder\u00edo en ataque del equipo de <strong>Javi Rodr\u00edguez<\/strong> ha opacado las carencias atr\u00e1s.<\/p>\n<p class=\"ft-text\">Y buena parte de esa culpa la tiene <strong>Pito<\/strong>, pichichi del campeonato con seis goles. El brasile\u00f1o acapara el juego ofensivo de su equipo, aunque <strong>Javi Rodr\u00edguez<\/strong> tampoco se olvida del resto de sus jugadores: \u00abTodo el mundo lo conocemos, es un jugador incre\u00edble. Pero para que \u00e9l pueda hacer estas cosas, <strong>hay otros jugadores que tienen que hacer otras cosas para que \u00e9l pueda sobresalir<\/strong>\u00ab, reconoci\u00f3 el t\u00e9cnico azulgrana en la previa del encuentro.<\/p>\n","protected":false},"excerpt":{"rendered":"El Bar\u00e7a visita Tudela este viernes a las 20:30 horas para enfrentarse al Ribera Navarra con el liderato&hellip;\n","protected":false},"author":2,"featured_media":154646,"comment_status":"","ping_status":"","sticky":false,"template":"","format":"standard","meta":{"footnotes":""},"categories":[268],"tags":[2296,8621,168,25,24,280,282,17648,5564,15622,46462,281,23,167],"class_list":{"0":"post-154645","1":"post","2":"type-post","3":"status-publish","4":"format-standard","5":"has-post-thumbnail","7":"category-futbol","8":"tag-barca","9":"tag-cuarta","10":"tag-deportes","11":"tag-es","12":"tag-espana","13":"tag-football","14":"tag-futbol","15":"tag-futbol-sala","16":"tag-lider","17":"tag-ponerse","18":"tag-seguida","19":"tag-soccer","20":"tag-spain","21":"tag-sports"},"share_on_mastodon":{"url":"","error":""},"_links":{"self":[{"href":"https:\/\/www.europesays.com\/es\/wp-json\/wp\/v2\/posts\/154645","targetHints":{"allow":["GET"]}}],"collection":[{"href":"https:\/\/www.europesays.com\/es\/wp-json\/wp\/v2\/posts"}],"about":[{"href":"https:\/\/www.europesays.com\/es\/wp-json\/wp\/v2\/types\/post"}],"author":[{"embeddable":true,"href":"https:\/\/www.europesays.com\/es\/wp-json\/wp\/v2\/users\/2"}],"replies":[{"embeddable":true,"href":"https:\/\/www.europesays.com\/es\/wp-json\/wp\/v2\/comments?post=154645"}],"version-history":[{"count":0,"href":"https:\/\/www.europesays.com\/es\/wp-json\/wp\/v2\/posts\/154645\/revisions"}],"wp:featuredmedia":[{"embeddable":true,"href":"https:\/\/www.europesays.com\/es\/wp-json\/wp\/v2\/media\/154646"}],"wp:attachment":[{"href":"https:\/\/www.europesays.com\/es\/wp-json\/wp\/v2\/media?parent=154645"}],"wp:term":[{"taxonomy":"category","embeddable":true,"href":"https:\/\/www.europesays.com\/es\/wp-json\/wp\/v2\/categories?post=154645"},{"taxonomy":"post_tag","embeddable":true,"href":"https:\/\/www.europesays.com\/es\/wp-json\/wp\/v2\/tags?post=154645"}],"curies":[{"name":"wp","href":"https:\/\/api.w.org\/{rel}","templated":true}]}}