{"id":154675,"date":"2025-10-03T10:15:08","date_gmt":"2025-10-03T10:15:08","guid":{"rendered":"https:\/\/www.europesays.com\/es\/154675\/"},"modified":"2025-10-03T10:15:08","modified_gmt":"2025-10-03T10:15:08","slug":"joel-alvarez-ufc-joel-alvarez-de-ufc-tiene-gasolina-para-rato-me-quedan-unos-cinco-o-seis-anos-mas-como-peleador","status":"publish","type":"post","link":"https:\/\/www.europesays.com\/es\/154675\/","title":{"rendered":"JOEL ALVAREZ UFC | Joel \u00c1lvarez, de UFC, tiene gasolina para rato: \u00abMe quedan unos cinco o seis a\u00f1os m\u00e1s como peleador\u00bb"},"content":{"rendered":"<p class=\"ft-text ft-helper-closenews\">Joel \u00c1lvarez est\u00e1 de vuelta. El Peleador gijon\u00e9s volver\u00e1 a subirse a una jaula de UFC, pero esta vez, tal y como muchos de sus fans le ped\u00edan, har\u00e1 su debut en el peso welter, una categor\u00eda de peso superior a la que sol\u00eda competir, el peso ligero. Lo har\u00e1 contra Vicente Luque, una leyenda de la compa\u00f1\u00eda norte americana de artes marciales mixtas. Sus caracter\u00edsticas f\u00edsicas hacen que ahora, El Fen\u00f3meno no tenga tantos problemas a la hora de recortar el peso, lo que le permitir\u00e1 pelear con mayor regularidad y seguir ayudando econ\u00f3micamente a los suyos. Y lo har\u00e1 por a\u00f1os, porque al gijon\u00e9s le queda gasolina para rato: \u00abQuiero pelear cinco o seis a\u00f1os m\u00e1s\u00bb.<\/p>\n<p class=\"ft-text\"><strong>-Debuta en el peso Welter. \u00bfC\u00f3mo se encuentra?<\/strong><\/p>\n<p class=\"ft-text\">-Nos encontramos muy&#8230; Muy naturales, dir\u00eda yo. M\u00e1s que c\u00f3modos y en nuestro lugar, muy naturales. Es algo muy positivo puesto que ahora creo que vamos a disfrutar m\u00e1s del deporte.<\/p>\n<p class=\"ft-text\"><strong>-Vuelve a subirse a una jaula, esta vez en corto aviso.<\/strong><\/p>\n<p class=\"ft-text\">S\u00ed, es una pelea de riesgo, pero es un sitio bonito para pelear (R\u00edo de Janeiro). Adem\u00e1s nos medimos a un gran rival, con mucho nombre. Pero la noticia no nos pill\u00f3 sin otra alternativa, siempre estamos metidos en la agenda. Me mantengo bien f\u00edsicamente y siempre estoy preparado para algo as\u00ed.<\/p>\n<p class=\"ft-text\"><strong>-\u00bfC\u00f3mo recibi\u00f3 la noticia de su salto a welter y su nuevo oponente?<\/strong><\/p>\n<p class=\"ft-text\">-Me llam\u00f3 mi m\u00e1nager (Ali Abdelaziz) y me pregunt\u00f3 si quer\u00eda pelear con Vicente Luque. Me dijo que Santiago Ponzinibbio, argentino con el que Luque iba a pelear, se hab\u00eda lesionado. Tard\u00e9 como una hora en decir que s\u00ed porque ten\u00eda que mirar dudas y dem\u00e1s, es una pelea que hay que estudiar bien.<\/p>\n<p class=\"ft-text\"><strong>-\u00bfY el recorte de peso? \u00bfHa variado al subir esos siete kilos y algo?<\/strong><\/p>\n<p class=\"ft-text\">-Mucho, esta vez es bastante m\u00e1s natural. Aunque sea en corto aviso, hemos bajado ya unos kilos y la verdad que creo sinceramente que el recorte va a ser algo m\u00e1s sencillo, que nunca lo es del todo. No va a tener nada que ver que como cuando peleaba en 70 kilos. No es que haya tenido que ganar masa, sino que me he puesto m\u00e1s natural, lo que deber\u00eda pesar por mi constituci\u00f3n. Ahora tengo m\u00e1s calidad de entreno y m\u00e1s calidad de vida, sobre todo. Antes siempre viv\u00eda en un d\u00e9ficit continuo, y manteni\u00e9ndome en un peso bastante ligero para estar m\u00e1s o menos preparado. Era duro y no era vida. Ahora es todo m\u00e1s llevadero.<\/p>\n<p class=\"ft-text\"><strong>-Acostumbra a decir que es un jornalero de la UFC, pero ahora, al tener m\u00e1s regularidad, \u00bfvuelve a ser ambicioso respecto a un t\u00edtulo?<\/strong><\/p>\n<p class=\"ft-text\">-La misi\u00f3n sigue siendo la misma, que es hacer peleas y disfrutar del deporte que tanto me gusta, que al final es mi trabajo. Quiero traer calidad de vida a casa, traer un sueldo como todo buen trabajador.<\/p>\n<p class=\"ft-text\"><strong>-Esta vez pelea en R\u00edo. \u00bfC\u00f3mo lleva el tema de los visados que tantos problemas le han dado?<\/strong><\/p>\n<p class=\"ft-text\">-La verdad que es una pasada, una aut\u00e9ntica pasada. Estamos jugando en la cuna de este deporte, que es R\u00edo de Janeiro. Es un sitio inmejorable para pelear. Y adem\u00e1s esta vez, por el tema del viaje, todo es mucho m\u00e1s c\u00f3modo. Es un viaje directo desde Madrid, no hay escalas, no hay historias. La diferencia horaria es de cinco horas, entonces tampoco nos afecta mucho. No tengo que andar con papeles de visados, no tengo que irme muchos d\u00edas antes por el tema de la diferencia horaria.<\/p>\n<p class=\"ft-text\"><strong>-Van pasando los a\u00f1os. \u00bfTodav\u00eda tiene el tanque de gasolina lleno?<\/strong><\/p>\n<p class=\"ft-text\">-La verdad es que yo creo que me quedan como otros cinco o seis a\u00f1os peleando. Seguramente m\u00e1s cinco que seis, pero sobre todo quiero disfrutar estos a\u00f1os que quedan. Me gustar\u00eda, como digo, ser un gran activo de la empresa, un luchador en activo en esta nueva divisi\u00f3n. Y este peso me permite, adem\u00e1s, coger reemplazos sin problema, en corto aviso.<\/p>\n<p class=\"ft-text\"><strong>-Hace poco, el Palacio de Deportes de La Gu\u00eda se llen\u00f3 para ver un evento de MMA. \u00bfHa notado ese crecimiento en el seguimiento de su deporte?<\/strong><\/p>\n<p class=\"ft-text\">-El crecimiento ahora mismo es tremendo, pero tanto aqu\u00ed en Asturias como a nivel nacional. Y encima es que estoy convencido de que va a crecer much\u00edsimo m\u00e1s.<\/p>\n<p class=\"ft-text\"><strong>-Volviendo a su pelea, es favorito en las apuestas.<\/strong><\/p>\n<p class=\"ft-text\">-S\u00ed, pero es un rival dur\u00edsimo. Yo dir\u00eda que es de mis peleadores favoritos y ser\u00e1 una aut\u00e9ntica guerra. No voy para nada confiado, todo lo contrario.Soy yo el que llega de reemplazo y el que llega en una nueva divisi\u00f3n de peso. Creo que Luque deber\u00eda ser el favorito. Ser\u00e1 una pelea complicada y debemos salir muy centrados.<\/p>\n<p class=\"ft-text\"><strong>-Gracias y suerte.<\/strong><\/p>\n<p class=\"ft-text\">-A usted.<\/p>\n<p data-close=\"closedContent\" class=\"subscribeHideForDisplay\">Suscr\u00edbete para seguir leyendo<\/p>\n","protected":false},"excerpt":{"rendered":"Joel \u00c1lvarez est\u00e1 de vuelta. El Peleador gijon\u00e9s volver\u00e1 a subirse a una jaula de UFC, pero esta&hellip;\n","protected":false},"author":2,"featured_media":154676,"comment_status":"","ping_status":"","sticky":false,"template":"","format":"standard","meta":{"footnotes":""},"categories":[276],"tags":[4458,8112,168,25,24,11037,4457,18954,2450,23,167,343,46468],"class_list":{"0":"post-154675","1":"post","2":"type-post","3":"status-publish","4":"format-standard","5":"has-post-thumbnail","7":"category-ufc","8":"tag-alvarez","9":"tag-crecimiento","10":"tag-deportes","11":"tag-es","12":"tag-espana","13":"tag-gasolina","14":"tag-joel","15":"tag-rio-de-janeiro","16":"tag-santiago","17":"tag-spain","18":"tag-sports","19":"tag-ufc","20":"tag-vicenteluque"},"share_on_mastodon":{"url":"","error":""},"_links":{"self":[{"href":"https:\/\/www.europesays.com\/es\/wp-json\/wp\/v2\/posts\/154675","targetHints":{"allow":["GET"]}}],"collection":[{"href":"https:\/\/www.europesays.com\/es\/wp-json\/wp\/v2\/posts"}],"about":[{"href":"https:\/\/www.europesays.com\/es\/wp-json\/wp\/v2\/types\/post"}],"author":[{"embeddable":true,"href":"https:\/\/www.europesays.com\/es\/wp-json\/wp\/v2\/users\/2"}],"replies":[{"embeddable":true,"href":"https:\/\/www.europesays.com\/es\/wp-json\/wp\/v2\/comments?post=154675"}],"version-history":[{"count":0,"href":"https:\/\/www.europesays.com\/es\/wp-json\/wp\/v2\/posts\/154675\/revisions"}],"wp:featuredmedia":[{"embeddable":true,"href":"https:\/\/www.europesays.com\/es\/wp-json\/wp\/v2\/media\/154676"}],"wp:attachment":[{"href":"https:\/\/www.europesays.com\/es\/wp-json\/wp\/v2\/media?parent=154675"}],"wp:term":[{"taxonomy":"category","embeddable":true,"href":"https:\/\/www.europesays.com\/es\/wp-json\/wp\/v2\/categories?post=154675"},{"taxonomy":"post_tag","embeddable":true,"href":"https:\/\/www.europesays.com\/es\/wp-json\/wp\/v2\/tags?post=154675"}],"curies":[{"name":"wp","href":"https:\/\/api.w.org\/{rel}","templated":true}]}}