{"id":154687,"date":"2025-10-03T10:25:12","date_gmt":"2025-10-03T10:25:12","guid":{"rendered":"https:\/\/www.europesays.com\/es\/154687\/"},"modified":"2025-10-03T10:25:12","modified_gmt":"2025-10-03T10:25:12","slug":"el-hormiguero-pablo-motos-al-rescate-de-luis-zahera-por-un-hilarante-lapsus-al-hablar-de-su-nueva-serie-me-puse-nervioso","status":"publish","type":"post","link":"https:\/\/www.europesays.com\/es\/154687\/","title":{"rendered":"El Hormiguero: Pablo Motos, al rescate de Luis Zahera por un hilarante lapsus al hablar de su nueva serie: \u00abMe puse nervioso\u00bb"},"content":{"rendered":"<p>30\/09\/2025<br \/>\n<br \/><strong><br \/>\nActualizado a las 22:54h.<br \/>\n<\/strong><\/p>\n<p class=\"voc-p\" style=\"\"><strong>&#8216;El Hormiguero&#8217;<\/strong> despidi\u00f3 septiembre con absoluto protagonismo del mundo de la interpretaci\u00f3n. Tras<a href=\"https:\/\/www.abc.es\/play\/television\/noticias\/carmen-maura-20250929215030-nt.html\" target=\"_self\" data-voc-vtm-id=\"in-text-traffic\" title=\" la visita de Carmen Maura\" data-mrf-link=\"www.abc.es\" rel=\"nofollow noopener\"> la visita de Carmen Maura<\/a>, este martes 30 el programa de <strong>Antena 3<\/strong> recibi\u00f3 a otro laureado actor espa\u00f1ol, rostro habitual del plantel de invitados de <strong>Pablo Motos<\/strong>. <a href=\"https:\/\/www.abc.es\/play\/cine\/luis-zahera-prefiero-trate-animales-bebes-volver-20250923112447-nt.html\" target=\"_self\" data-voc-vtm-id=\"in-text-traffic\" title=\"Luis Zahera protagoniza &#039;Animal\" data-mrf-link=\"www.abc.es\" rel=\"nofollow noopener\">Luis Zahera protagoniza &#8216;Animal<\/a>&#8216;, la nueva serie espa\u00f1ola de <strong>Netflix<\/strong>, junto a <strong>Luc\u00eda Caraballo<\/strong>. La ficci\u00f3n se incorpora al cat\u00e1logo del gigante del streaming el pr\u00f3ximo 3 de octubre con el sello de calidad del cineasta <strong>V\u00edctor Garc\u00eda Le\u00f3n<\/strong> (<strong>&#8216;Vete de mi&#8217;<\/strong>), creador y director. <\/p>\n<p class=\"voc-p\" style=\"\">Pese al extenso curriculum del actor gallego, que incluye dos premios Goya, se trata de su primer papel co-protagonista. \u00ab\u00a1Ya era hora!\u00bb, cont\u00f3 euf\u00f3rico. Motos le record\u00f3 que sol\u00eda comentar que prefer\u00eda ser secundario. \u00abEs m\u00e1s c\u00f3modo porque est\u00e1n menos pendiente de ti y puedes hacer m\u00e1s trampas, cambiar el guion\u2026 Cuando eres protagonista te tienen m\u00e1s vigilado \u00bfQu\u00e9 te voy a contar a ti?\u00bb, le justific\u00f3 Zahera. No obstante, afirm\u00f3 sentirse encantado con el reto y la oportunidad que le ha vuelto a brindar <strong>Alea Media<\/strong>, productora de<strong> \u2018Entrev\u00edas<\/strong>\u2019 y <strong>\u2018<strong>Vivir sin permiso<\/strong>\u2019<\/strong>.<\/p>\n<p class=\"voc-p\" style=\"\">A petici\u00f3n del presentador, el invitado intent\u00f3 resumir el argumento de la serie, una tarea que le cost\u00f3 bastante. \u00abEs en el rural en Galicia.. Un veterinario que se llama Ant\u00f3n. Y el rural se desvanece, todo es macro, lo de antes acaba. Entonces \u00e9l se tiene que ir\u00bb, explic\u00f3 a duras penas. Motos le tuvo que echar un cable, en vista de que se estaba haciendo un l\u00edo. \u00abEs que cuento muy mal las pel\u00edculas\u00bb, lamentaba el int\u00e9rprete. \u00abA mi me gusta, lo cuentas as\u00ed como con desidia\u00bb, acotaron con humo <strong>Trancas y Barrancas<\/strong>. <\/p>\n<p>\nLa experiencia de rodar con animales\n<\/p>\n<p class=\"voc-p\" style=\"\">\u00abLe llevan a una tienda a la ciudad, donde est\u00e1 su sobrina. Le tiene que pedir trabajo a su sobrina con la que no tiene mucha relaci\u00f3n. Es muy violento para \u00e9l, es de esas tienda en las que a los animales se les trata como personitas. A \u00e9l le cuesta adaptarse porque es un profesional de los de antes\u00bb, prosigui\u00f3 avanzando<strong> Luis Zahera<\/strong>. \u00abLo estoy contando fatal\u00bb, admit\u00eda llev\u00e1ndose las manos a la cabeza. \u00abCu\u00e9ntalo t\u00fa, por favor\u00bb, le ped\u00eda al conductor de <strong>\u2018El Hormiguero\u2019<\/strong>. <\/p>\n<p class=\"voc-p\" style=\"\">El de Requena acud\u00eda al rescate del actor y contaba el argumento en pocas palabras. \u00abEres un veterinario de pueblo. Pero las cosas van fatal y tienes que pagar las facturas. Te hacen una oferta que no puedes rechazar. Vas a la ciudad y te encuentras con los tiquismiquis de la ciudad\u00bb, concretaba. \u00abLo iba a contar yo as\u00ed, pero me puse nervioso\u00bb, aclaraba entre risas el invitado.<\/p>\n<p class=\"voc-p\" style=\"\">Adem\u00e1s de estrenarse como protagonista, tambi\u00e9n era la primera vez que el gallego rodaba con animales. Una experiencia nueva que le ha dejado para el recuerdo un mont\u00f3n de an\u00e9cdotas y una nueva visi\u00f3n sobre el mundo animal. Comparti\u00f3 con los espectadores del programa la vivencia con una cobaya embarazada,<strong> Lesli<\/strong>e. \u00abGrab\u00e1bamos con ella, yo la ten\u00eda que manipular. Y te juro por la memoria de mi madre que empec\u00e9 a notar que me miraba como diciendo \u2018d\u00e9jame en paz, estoy embarazada. A la quinta vez me empez\u00f3 a morder para advertirte. Me impresion\u00f3 mogoll\u00f3n, porque luego ya nacieron las criaturas y era otra onda. Me pareci\u00f3 incre\u00edble lo de la naturaleza\u00bb.<\/p>\n<p class=\"voc-p\" style=\"\">Aunque no le es ajeno el mundo de Ant\u00f3n en <strong>&#8216;Animal<\/strong>&#8216;, al contrario que su co-protagonista, <strong>Luc\u00eda Caraballo<\/strong>. \u00abYo he flipado porque mi compa\u00f1era nunca hab\u00eda visto una vaca. Yo s\u00ed tuve la fortuna\u00bb. \u00abEn nada cumplo 60 a\u00f1os, conoc\u00ed las aldeas de Galicia. Mis padres alquilaban una casa al lado de Padr\u00f3n e \u00edbamos en verano. La se\u00f1ora Rosa me montaba en el carro de vacas, uno de madera que pasaba el r\u00edo, daba de comer a los cerdos, cog\u00eda las trampas de las palomas&#8230;\u00bb, relat\u00f3. Y un d\u00eda casi pierde la vida. \u00abHac\u00edan un cocido con entra\u00f1as para los cerdos y se lo echaban. Lo devoraban y yo de ni\u00f1o, un d\u00eda que no estaba la se\u00f1ora, tir\u00e9 toda la comida y me puse a recogerlo con las manos. Tuve una suerte\u2026 porque los cerdos tienen una mordida de 150 kilos por cent\u00edmetro cuadrado\u00bb. <\/p>\n<p>Reportar un error<\/p>\n","protected":false},"excerpt":{"rendered":"30\/09\/2025 Actualizado a las 22:54h. &#8216;El Hormiguero&#8217; despidi\u00f3 septiembre con absoluto protagonismo del mundo de la interpretaci\u00f3n. Tras&hellip;\n","protected":false},"author":2,"featured_media":154688,"comment_status":"","ping_status":"","sticky":false,"template":"","format":"standard","meta":{"footnotes":""},"categories":[171],"tags":[146,147,25,24,7820,23,214,24238],"class_list":{"0":"post-154687","1":"post","2":"type-post","3":"status-publish","4":"format-standard","5":"has-post-thumbnail","7":"category-tv","8":"tag-entertainment","9":"tag-entretenimiento","10":"tag-es","11":"tag-espana","12":"tag-luis","13":"tag-spain","14":"tag-tv","15":"tag-zahera"},"share_on_mastodon":{"url":"","error":""},"_links":{"self":[{"href":"https:\/\/www.europesays.com\/es\/wp-json\/wp\/v2\/posts\/154687","targetHints":{"allow":["GET"]}}],"collection":[{"href":"https:\/\/www.europesays.com\/es\/wp-json\/wp\/v2\/posts"}],"about":[{"href":"https:\/\/www.europesays.com\/es\/wp-json\/wp\/v2\/types\/post"}],"author":[{"embeddable":true,"href":"https:\/\/www.europesays.com\/es\/wp-json\/wp\/v2\/users\/2"}],"replies":[{"embeddable":true,"href":"https:\/\/www.europesays.com\/es\/wp-json\/wp\/v2\/comments?post=154687"}],"version-history":[{"count":0,"href":"https:\/\/www.europesays.com\/es\/wp-json\/wp\/v2\/posts\/154687\/revisions"}],"wp:featuredmedia":[{"embeddable":true,"href":"https:\/\/www.europesays.com\/es\/wp-json\/wp\/v2\/media\/154688"}],"wp:attachment":[{"href":"https:\/\/www.europesays.com\/es\/wp-json\/wp\/v2\/media?parent=154687"}],"wp:term":[{"taxonomy":"category","embeddable":true,"href":"https:\/\/www.europesays.com\/es\/wp-json\/wp\/v2\/categories?post=154687"},{"taxonomy":"post_tag","embeddable":true,"href":"https:\/\/www.europesays.com\/es\/wp-json\/wp\/v2\/tags?post=154687"}],"curies":[{"name":"wp","href":"https:\/\/api.w.org\/{rel}","templated":true}]}}