{"id":154699,"date":"2025-10-03T10:32:09","date_gmt":"2025-10-03T10:32:09","guid":{"rendered":"https:\/\/www.europesays.com\/es\/154699\/"},"modified":"2025-10-03T10:32:09","modified_gmt":"2025-10-03T10:32:09","slug":"la-once-dedica-un-cupon-al-dia-mundial-de-la-salud-mental-2025","status":"publish","type":"post","link":"https:\/\/www.europesays.com\/es\/154699\/","title":{"rendered":"la ONCE dedica un cup\u00f3n al D\u00eda Mundial de la Salud Mental 2025"},"content":{"rendered":"<p>&#13;<br \/>\n&#13;<br \/>\n\tWP_Post Object<br \/>\n(<br \/>\n    [ID] =&gt; 139654<br \/>\n    [post_author] =&gt; 2<br \/>\n    [post_date] =&gt; 2025-10-03 12:09:39<br \/>\n    [post_date_gmt] =&gt; 2025-10-03 10:09:39<br \/>\n    [post_content] =&gt; [vc_row][vc_column width=\u00bb1\/2&#8243;][vc_single_image image=\u00bb139777&#8243; img_size=\u00bbfull\u00bb onclick=\u00bbcustom_link\u00bb img_link_target=\u00bb_blank\u00bb css=\u00bb\u00bb][\/vc_column][vc_column width=\u00bb1\/2&#8243;][vc_column_text css=\u00bb\u00bb]<strong>La <a href=\"https:\/\/www.once.es\/\" target=\"_blank\" rel=\"noopener nofollow\">ONCE<\/a> <\/strong><strong>ha puesto a la venta cinco millones y medio de cupones del Sueldazo Fin de Semana del s\u00e1bado 11 de octubre<\/strong><strong>, con el que rinde homenaje al <a href=\"https:\/\/consaludmental.org\/sala-prensa\/dia-mundial-de-la-salud-mental-2025-identidad-visual\/\" target=\"_blank\" rel=\"noopener nofollow\">D\u00eda Mundial de la Salud Mental 2025<\/a><\/strong>, que se conmemora cada a\u00f1o el 10 de octubre. <a href=\"https:\/\/consaludmental.org\/\" target=\"_blank\" rel=\"noopener nofollow\">SALUD MENTAL ESPA\u00d1A<\/a> agradece el apoyo de la ONCE a lo largo de los a\u00f1os a una causa tan relevante como la salud mental, recordando que la colaboraci\u00f3n entre entidades del tercer sector resulta esencial para seguir avanzando en la garant\u00eda de derechos. Este a\u00f1o,<strong> la Confederaci\u00f3n centra la conmemoraci\u00f3n del d\u00eda mundial en el impacto psicol\u00f3gico que provocan las emergencias y cat\u00e1strofes en la salud mental individual y colectiva<\/strong>.&#13;<br \/>\n&#13;<br \/>\nBajo el lema elegido por votaci\u00f3n popular <strong><a href=\"https:\/\/consaludmental.org\/sala-prensa\/elegido-lema-dia-mundial-salud-mental-2025-votacion-popular\/\" target=\"_blank\" rel=\"noopener nofollow\">\u2018Compartimos vulnerabilidad, defendamos nuestra salud mental\u2019<\/a><\/strong>, SALUD MENTAL ESPA\u00d1A alza la voz para recordar la importancia de que lo invisible a los ojos no pase desapercibido. <strong>Cat\u00e1strofes<\/strong> como la DANA, los incendios de Castilla y Le\u00f3n, Extremadura o Galicia, el terremoto de Lorca o el volc\u00e1n de La Palma no solo causan da\u00f1os materiales, sino que tambi\u00e9n <strong>afectan profundamente al bienestar psicosocial de las personas<\/strong>, generando consecuencias emocionales y psicol\u00f3gicas que pueden perdurar en el tiempo. [\/vc_column_text][\/vc_column][\/vc_row][vc_row][vc_column][vc_column_text css=\u00bb\u00bb]Es fundamental ofrecer apoyo y acompa\u00f1amiento a quienes sufren estas secuelas, garantizando que reciban la atenci\u00f3n necesaria. <strong>Nel Gonz\u00e1lez Zapico, presidente de <a href=\"https:\/\/consaludmental.org\/como-nos-organizamos\/\" target=\"_blank\" rel=\"noopener nofollow\">SALUD MENTAL ESPA\u00d1A<\/a>, recibi\u00f3 una l\u00e1mina enmarcada con el cup\u00f3n conmemorativo<\/strong>, entregada por Jos\u00e9 Luis Mart\u00ednez Donoso, director general de la Fundaci\u00f3n ONCE.&#13;<br \/>\n&#13;<br \/>\nDurante el acto de entrega, el presidente de la Confederaci\u00f3n aprovech\u00f3 para agradecer, en un breve discurso, el respaldo mutuo entre ambas entidades y destac\u00f3 que \u201c<strong>la salud mental es un derecho<\/strong> que nos pertenece a todas y todos, y su cuidado nos fortalece como comunidad\u201d.&#13;<br \/>\n&#13;<br \/>\nEn el acto de presentaci\u00f3n del cup\u00f3n ha intervenido tambi\u00e9n Victoriano Redondo, jefe del Departamento de Salud y Bienestar Laboral de la ONCE, para presentar <a href=\"https:\/\/portal.once.es\/empleado\/publicaciones\/asi-somos\/asi-somos-1\/asi-somos-337\/politica-interna\/conmente-por-la-salud-y-el-bienestar-de-todas-las-personas-que-integran-el-grupo-social-once\" target=\"_blank\" rel=\"noopener nofollow\"><strong>ConMente<\/strong><\/a>, la iniciativa del Grupo Social ONCE <strong>destinada a cuidar y mejorar la salud mental y el bienestar de todas las personas que forman parte de la ONCE, Fundaci\u00f3n ONCE e ILUNION<\/strong>.&#13;<br \/>\n&#13;<br \/>\nEl cup\u00f3n, con un precio de 2 euros, muestra en su dise\u00f1o la fecha de la efem\u00e9ride junto al logotipo de SALUD MENTAL ESPA\u00d1A.<strong> La Confederaci\u00f3n es una entidad sin \u00e1nimo de lucro, de inter\u00e9s social y de utilidad p\u00fablica<\/strong> que surgi\u00f3 en 1983. Integra a 18 entidades socias numerarias, que a\u00fanan a m\u00e1s de 360 entidades y cuenta con m\u00e1s de 60.000 socios y socias en todo el territorio nacional.\u00a0&#13;<br \/>\n&#13;<br \/>\n<strong>El Sueldazo del Fin de Semana de la ONCE ofrece<\/strong>, todos los s\u00e1bados y domingos, <strong>un premio principal a las cinco cifras y serie de 300.000 euros,<\/strong> m\u00e1s 5.000 euros al mes durante 20 a\u00f1os consecutivos a un solo cup\u00f3n. Y premios de 2.000 euros al mes durante 10 a\u00f1os consecutivos, a otros cuatro cupones.&#13;<br \/>\n&#13;<br \/>\nCon esta edici\u00f3n especial, la ONCE pone en valor la importancia de situar a la salud mental en el centro de la prevenci\u00f3n, la intervenci\u00f3n y la reconstrucci\u00f3n ante cualquier situaci\u00f3n de emergencia. As\u00ed,<strong> el cup\u00f3n no solo brinda la posibilidad de ganar un gran premio, sino tambi\u00e9n de reflexionar sobre la importancia de cuidar nuestro bienestar psicosocial<\/strong>.\u00a0&#13;<br \/>\n&#13;<br \/>\nLos cupones de la ONCE los comercializan sus m\u00e1s de 20.700 vendedores y vendedoras de la Organizaci\u00f3n. Adem\u00e1s, <strong>se pueden adquirir desde <a href=\"https:\/\/www.juegosonce.es\/\" target=\"_blank\" rel=\"noopener nofollow\">www.juegosonce.es<\/a>, y en establecimientos colaboradores autorizados.<\/strong>[\/vc_column_text][\/vc_column][\/vc_row][vc_row][vc_column width=\u00bb1\/2&#8243;][vc_single_image image=\u00bb139773&#8243; img_size=\u00bbfull\u00bb onclick=\u00bbcustom_link\u00bb img_link_target=\u00bb_blank\u00bb css=\u00bb\u00bb][\/vc_column][vc_column width=\u00bb1\/2&#8243;][vc_single_image image=\u00bb139776&#8243; img_size=\u00bbfull\u00bb onclick=\u00bbcustom_link\u00bb img_link_target=\u00bb_blank\u00bb css=\u00bb\u00bb][\/vc_column][\/vc_row][vc_row][vc_column width=\u00bb1\/4&#8243;][vc_btn title=\u00bbVOLVER A NOTICIAS\u00bb style=\u00bbgradient-custom\u00bb gradient_custom_color_1=\u00bb#ffffff\u00bb gradient_custom_color_2=\u00bb#ffffff\u00bb gradient_text_color=\u00bb#005b50&#8243; shape=\u00bbsquare\u00bb align=\u00bbcenter\u00bb i_icon_fontawesome=\u00bbfa fa-chevron-circle-left\u00bb add_icon=\u00bbtrue\u00bb link=\u00bburl:%2Fnoticias%2F|title:NOTICIAS||\u00bb][\/vc_column][vc_column width=\u00bb1\/4&#8243;][\/vc_column][vc_column width=\u00bb1\/4&#8243;][\/vc_column][vc_column width=\u00bb1\/4&#8243;][\/vc_column][\/vc_row]<br \/>\n    la ONCE dedica un cup\u00f3n al D\u00eda Mundial de la Salud Mental 2025 =&gt; Concienciaci\u00f3n e ilusi\u00f3n: la ONCE dedica un cup\u00f3n al D\u00eda Mundial de la Salud Mental 2025<br \/>\n    [post_excerpt] =&gt; Cinco millones y medio de cupones del Sueldazo Fin de Semana de la ONCE, correspondiente al s\u00e1bado 11 de octubre de 2025, ya est\u00e1n a la venta rindiendo homenaje al D\u00eda Mundial de la Salud Mental, que se celebra cada 10 de octubre.<br \/>\n    [post_status] =&gt; publish<br \/>\n    [comment_status] =&gt; closed<br \/>\n    [ping_status] =&gt; open<br \/>\n    [post_password] =&gt;<br \/>\n    [post_name] =&gt; once-cupon-dia-mundial-salud-mental-2025<br \/>\n    [to_ping] =&gt;<br \/>\n    [pinged] =&gt; https:\/\/consaludmental.org\/sala-prensa\/dia-mundial-de-la-salud-mental-2025-identidad-visual\/<\/p>\n<blockquote class=\"wp-embedded-content\" data-secret=\"Vmo5VTF48n\"><p><a href=\"https:\/\/consaludmental.org\/sala-prensa\/elegido-lema-dia-mundial-salud-mental-2025-votacion-popular\/\" rel=\"nofollow noopener\" target=\"_blank\">Elegido el lema del D\u00eda Mundial de la Salud Mental 2025 por votaci\u00f3n popular<\/a><\/p><\/blockquote>\n<p><iframe loading=\"lazy\" class=\"wp-embedded-content\" sandbox=\"allow-scripts\" security=\"restricted\" style=\"position: absolute; visibility: hidden;\" title=\"\u00abElegido el lema del D\u00eda Mundial de la Salud Mental 2025 por votaci\u00f3n popular\u00bb \u2014 Confederaci\u00f3n Salud Mental Espa\u00f1a\" src=\"https:\/\/consaludmental.org\/sala-prensa\/elegido-lema-dia-mundial-salud-mental-2025-votacion-popular\/embed\/#?secret=fVZ21RgN22#?secret=Vmo5VTF48n\" data-secret=\"Vmo5VTF48n\" width=\"600\" height=\"338\" frameborder=\"0\" marginwidth=\"0\" marginheight=\"0\" scrolling=\"no\"><\/iframe><br \/>\n    [post_modified] =&gt; 2025-10-03 12:26:22<br \/>\n    [post_modified_gmt] =&gt; 2025-10-03 10:26:22<br \/>\n    [post_content_filtered] =&gt;<br \/>\n    [post_parent] =&gt; 0<br \/>\n    CBMihwFBVV95cUxPUmJ2T0ZldHFjenVhcV9rZ2Vhbmh0di1rNGcyeHpJN2U3cUNkWkt0VjNlTlpiLXNSOEVNekhLc0EwTXRPUXlXdC1GU3d2WnhLM0MtTTR2cWkydUhfczg5enFGdkRvbzY4QlI1Y1hib1dTS1Izb0hJNWMxM09ub1RrWEkzanVnWHc =&gt; https:\/\/consaludmental.org\/?p=139654<br \/>\n    [menu_order] =&gt; 0<br \/>\n    [post_type] =&gt; post<br \/>\n    [post_mime_type] =&gt;<br \/>\n    [comment_count] =&gt; 0<br \/>\n    [filter] =&gt; raw<br \/>\n)<\/p>\n<p>&#13;<br \/>\n\t\t\t\t\t\tConcienciaci\u00f3n e ilusi\u00f3n: la ONCE dedica un cup\u00f3n al D\u00eda Mundial de la Salud Mental 2025\t\t&#13;\n\t\t\t\t\t<\/p>\n<p>&#13;<br \/>\n\t\t\t\t\t\tCinco millones y medio de cupones del Sueldazo Fin de Semana de la ONCE, correspondiente al s\u00e1bado 11 de octubre de 2025, ya est\u00e1n a la venta rindiendo homenaje al D\u00eda Mundial de la Salud Mental, que se celebra cada 10 de octubre.&#13;\n\t\t\t\t\t<\/p>\n<p>\t\t\t<img fetchpriority=\"high\" decoding=\"async\" width=\"1600\" height=\"900\" src=\"https:\/\/www.europesays.com\/es\/wp-content\/uploads\/2025\/10\/Cupon-DMSM-RRSS.jpg\" class=\"vc_single_image-img attachment-full\" alt=\"\" title=\"Cup\u00f3n DMSM RRSS\"   data-dt-location=\"https:\/\/consaludmental.org\/sala-prensa\/once-cupon-dia-mundial-salud-mental-2025\/attachment\/cupon-dmsm-rrss\/\"\/><\/p>\n<p><strong>La <a href=\"https:\/\/www.once.es\/\" target=\"_blank\" rel=\"noopener nofollow\">ONCE<\/a> <\/strong><strong>ha puesto a la venta cinco millones y medio de cupones del Sueldazo Fin de Semana del s\u00e1bado 11 de octubre<\/strong><strong>, con el que rinde homenaje al <a href=\"https:\/\/consaludmental.org\/sala-prensa\/dia-mundial-de-la-salud-mental-2025-identidad-visual\/\" target=\"_blank\" rel=\"noopener nofollow\">D\u00eda Mundial de la Salud Mental 2025<\/a><\/strong>, que se conmemora cada a\u00f1o el 10 de octubre. <a href=\"https:\/\/consaludmental.org\/\" target=\"_blank\" rel=\"noopener nofollow\">SALUD MENTAL ESPA\u00d1A<\/a> agradece el apoyo de la ONCE a lo largo de los a\u00f1os a una causa tan relevante como la salud mental, recordando que la colaboraci\u00f3n entre entidades del tercer sector resulta esencial para seguir avanzando en la garant\u00eda de derechos. Este a\u00f1o,<strong> la Confederaci\u00f3n centra la conmemoraci\u00f3n del d\u00eda mundial en el impacto psicol\u00f3gico que provocan las emergencias y cat\u00e1strofes en la salud mental individual y colectiva<\/strong>.<\/p>\n<p>Bajo el lema elegido por votaci\u00f3n popular <strong><a href=\"https:\/\/consaludmental.org\/sala-prensa\/elegido-lema-dia-mundial-salud-mental-2025-votacion-popular\/\" target=\"_blank\" rel=\"noopener nofollow\">\u2018Compartimos vulnerabilidad, defendamos nuestra salud mental\u2019<\/a><\/strong>, SALUD MENTAL ESPA\u00d1A alza la voz para recordar la importancia de que lo invisible a los ojos no pase desapercibido. <strong>Cat\u00e1strofes<\/strong> como la DANA, los incendios de Castilla y Le\u00f3n, Extremadura o Galicia, el terremoto de Lorca o el volc\u00e1n de La Palma no solo causan da\u00f1os materiales, sino que tambi\u00e9n <strong>afectan profundamente al bienestar psicosocial de las personas<\/strong>, generando consecuencias emocionales y psicol\u00f3gicas que pueden perdurar en el tiempo. <\/p>\n<p>Es fundamental ofrecer apoyo y acompa\u00f1amiento a quienes sufren estas secuelas, garantizando que reciban la atenci\u00f3n necesaria. <strong>Nel Gonz\u00e1lez Zapico, presidente de <a href=\"https:\/\/consaludmental.org\/como-nos-organizamos\/\" target=\"_blank\" rel=\"noopener nofollow\">SALUD MENTAL ESPA\u00d1A<\/a>, recibi\u00f3 una l\u00e1mina enmarcada con el cup\u00f3n conmemorativo<\/strong>, entregada por Jos\u00e9 Luis Mart\u00ednez Donoso, director general de la Fundaci\u00f3n ONCE.<\/p>\n<p>Durante el acto de entrega, el presidente de la Confederaci\u00f3n aprovech\u00f3 para agradecer, en un breve discurso, el respaldo mutuo entre ambas entidades y destac\u00f3 que \u201c<strong>la salud mental es un derecho<\/strong> que nos pertenece a todas y todos, y su cuidado nos fortalece como comunidad\u201d.<\/p>\n<p>En el acto de presentaci\u00f3n del cup\u00f3n ha intervenido tambi\u00e9n Victoriano Redondo, jefe del Departamento de Salud y Bienestar Laboral de la ONCE, para presentar <a href=\"https:\/\/portal.once.es\/empleado\/publicaciones\/asi-somos\/asi-somos-1\/asi-somos-337\/politica-interna\/conmente-por-la-salud-y-el-bienestar-de-todas-las-personas-que-integran-el-grupo-social-once\" target=\"_blank\" rel=\"noopener nofollow\"><strong>ConMente<\/strong><\/a>, la iniciativa del Grupo Social ONCE <strong>destinada a cuidar y mejorar la salud mental y el bienestar de todas las personas que forman parte de la ONCE, Fundaci\u00f3n ONCE e ILUNION<\/strong>.<\/p>\n<p>El cup\u00f3n, con un precio de 2 euros, muestra en su dise\u00f1o la fecha de la efem\u00e9ride junto al logotipo de SALUD MENTAL ESPA\u00d1A.<strong> La Confederaci\u00f3n es una entidad sin \u00e1nimo de lucro, de inter\u00e9s social y de utilidad p\u00fablica<\/strong> que surgi\u00f3 en 1983. Integra a 18 entidades socias numerarias, que a\u00fanan a m\u00e1s de 360 entidades y cuenta con m\u00e1s de 60.000 socios y socias en todo el territorio nacional.\u00a0<\/p>\n<p><strong>El Sueldazo del Fin de Semana de la ONCE ofrece<\/strong>, todos los s\u00e1bados y domingos, <strong>un premio principal a las cinco cifras y serie de 300.000 euros,<\/strong> m\u00e1s 5.000 euros al mes durante 20 a\u00f1os consecutivos a un solo cup\u00f3n. Y premios de 2.000 euros al mes durante 10 a\u00f1os consecutivos, a otros cuatro cupones.<\/p>\n<p>Con esta edici\u00f3n especial, la ONCE pone en valor la importancia de situar a la salud mental en el centro de la prevenci\u00f3n, la intervenci\u00f3n y la reconstrucci\u00f3n ante cualquier situaci\u00f3n de emergencia. As\u00ed,<strong> el cup\u00f3n no solo brinda la posibilidad de ganar un gran premio, sino tambi\u00e9n de reflexionar sobre la importancia de cuidar nuestro bienestar psicosocial<\/strong>.\u00a0<\/p>\n<p>Los cupones de la ONCE los comercializan sus m\u00e1s de 20.700 vendedores y vendedoras de la Organizaci\u00f3n. Adem\u00e1s, <strong>se pueden adquirir desde <a href=\"https:\/\/www.juegosonce.es\/\" target=\"_blank\" rel=\"noopener nofollow\">www.juegosonce.es<\/a>, y en establecimientos colaboradores autorizados.<\/strong><\/p>\n<p>\t\t\t<img loading=\"lazy\" decoding=\"async\" width=\"1620\" height=\"1080\" src=\"https:\/\/www.europesays.com\/es\/wp-content\/uploads\/2025\/10\/cupon-once.jpg\" class=\"vc_single_image-img attachment-full\" alt=\"\" title=\"cupon once\"   data-dt-location=\"https:\/\/consaludmental.org\/sala-prensa\/once-cupon-dia-mundial-salud-mental-2025\/attachment\/cupon-once-2\/\"\/><\/p>\n<p>\t\t\t<img loading=\"lazy\" decoding=\"async\" width=\"1620\" height=\"1080\" src=\"https:\/\/www.europesays.com\/es\/wp-content\/uploads\/2025\/10\/cupon-DMSM-2025.jpg\" class=\"vc_single_image-img attachment-full\" alt=\"\" title=\"cupon DMSM 2025\"   data-dt-location=\"https:\/\/consaludmental.org\/sala-prensa\/once-cupon-dia-mundial-salud-mental-2025\/attachment\/cupon-dmsm-2025\/\"\/><\/p>\n<p>\tCompartir esta publicaci\u00f3n<\/p>\n<p>&#13;<\/p>\n","protected":false},"excerpt":{"rendered":"&#13; &#13; WP_Post Object ( [ID] =&gt; 139654 [post_author] =&gt; 2 [post_date] =&gt; 2025-10-03 12:09:39 [post_date_gmt] =&gt; 2025-10-03&hellip;\n","protected":false},"author":2,"featured_media":154700,"comment_status":"","ping_status":"","sticky":false,"template":"","format":"standard","meta":{"footnotes":""},"categories":[80],"tags":[82,22178,95,94,25,24,46470,531,46471,23],"class_list":{"0":"post-154699","1":"post","2":"type-post","3":"status-publish","4":"format-standard","5":"has-post-thumbnail","7":"category-economia","8":"tag-business","9":"tag-cupon","10":"tag-economia","11":"tag-economy","12":"tag-es","13":"tag-espana","14":"tag-fundacion-once","15":"tag-once","16":"tag-salud-mental-espana","17":"tag-spain"},"share_on_mastodon":{"url":"","error":""},"_links":{"self":[{"href":"https:\/\/www.europesays.com\/es\/wp-json\/wp\/v2\/posts\/154699","targetHints":{"allow":["GET"]}}],"collection":[{"href":"https:\/\/www.europesays.com\/es\/wp-json\/wp\/v2\/posts"}],"about":[{"href":"https:\/\/www.europesays.com\/es\/wp-json\/wp\/v2\/types\/post"}],"author":[{"embeddable":true,"href":"https:\/\/www.europesays.com\/es\/wp-json\/wp\/v2\/users\/2"}],"replies":[{"embeddable":true,"href":"https:\/\/www.europesays.com\/es\/wp-json\/wp\/v2\/comments?post=154699"}],"version-history":[{"count":0,"href":"https:\/\/www.europesays.com\/es\/wp-json\/wp\/v2\/posts\/154699\/revisions"}],"wp:featuredmedia":[{"embeddable":true,"href":"https:\/\/www.europesays.com\/es\/wp-json\/wp\/v2\/media\/154700"}],"wp:attachment":[{"href":"https:\/\/www.europesays.com\/es\/wp-json\/wp\/v2\/media?parent=154699"}],"wp:term":[{"taxonomy":"category","embeddable":true,"href":"https:\/\/www.europesays.com\/es\/wp-json\/wp\/v2\/categories?post=154699"},{"taxonomy":"post_tag","embeddable":true,"href":"https:\/\/www.europesays.com\/es\/wp-json\/wp\/v2\/tags?post=154699"}],"curies":[{"name":"wp","href":"https:\/\/api.w.org\/{rel}","templated":true}]}}