{"id":154717,"date":"2025-10-03T10:46:25","date_gmt":"2025-10-03T10:46:25","guid":{"rendered":"https:\/\/www.europesays.com\/es\/154717\/"},"modified":"2025-10-03T10:46:25","modified_gmt":"2025-10-03T10:46:25","slug":"ese-hueco-bajo-el-lavabo-podria-tener-muchos-usos","status":"publish","type":"post","link":"https:\/\/www.europesays.com\/es\/154717\/","title":{"rendered":"Ese hueco bajo el lavabo podr\u00eda tener muchos usos"},"content":{"rendered":"<p class=\"paragraph\" id=\"paragraph_1\">Desde Buenos Aires hasta Europa,<strong> <a href=\"https:\/\/www.elespanol.com\/mujer\/interiorismo\/20250920\/arquitecto-sin-rodeos-jamas-recomiendo-clientes-comprar-casas-autentico-dolor-cabeza\/1003743924118_0.html?utm_cmp_rs=linksinline\" rel=\"nofollow noopener\" target=\"_blank\">el arquitecto<\/a> Marcelo Seia ha viajado por hoteles y viviendas<\/strong>, fijando su mirada en los detalles que pasan desapercibidos. Seg\u00fan \u00e9l, tal y como cuenta en <strong>sus videos de YouTube<\/strong>, muchos<strong> <a href=\"https:\/\/www.elespanol.com\/mujer\/interiorismo\/20250924\/columna-ducha-buscada-leroy-merlin-convierte-diaria-experiencia-spa-lujo\/1003743938426_0.html?utm_cmp_rs=linksinline\" rel=\"nofollow noopener\" target=\"_blank\">ba\u00f1os europeos<\/a> caen en el error<\/strong> de privilegiar la est\u00e9tica minimalista sobre la funcionalidad.<\/p>\n<p class=\"paragraph\" id=\"paragraph_2\">Uno de los puntos problem\u00e1ticos: ese espacio vac\u00edo bajo el lavabo. Seg\u00fan Seia, <strong>\u00abse desaprovecha el espacio debajo de la pica\u00bb<\/strong>, y ese rinc\u00f3n podr\u00eda servir para un cesto m\u00f3vil de ropa, estantes extra o almacenamiento simplemente.<\/p>\n<p class=\"paragraph\" id=\"paragraph_3\"><strong>Para Seia, el dise\u00f1o no debe sacrificar utilidad<\/strong>. En uno de sus v\u00eddeos, analiza un ba\u00f1o hotelero donde el vano bajo el lavamanos est\u00e1 vac\u00edo. \u00c9l propone diferentes soluciones con mobiliario ligero, cajas extra\u00edbles o baskets con ruedas, una estrategia inteligente que no altera el dise\u00f1o general pero s\u00ed maximiza su uso.<\/p>\n<p><img loading=\"lazy\" decoding=\"async\" alt=\"Una cocina reformada.\" height=\"180\" src=\"https:\/\/www.europesays.com\/es\/wp-content\/uploads\/2025\/10\/1003743916863_258549295_320x180.jpg\" width=\"320\" data-lazy-status=\"processed\" data-lazy-info=\"remove loading item 1\"\/><\/p>\n<p class=\"paragraph\" id=\"paragraph_4\"><strong>Adem\u00e1s, el arquitecto subraya que este tipo de errores de dise\u00f1o<\/strong> no ocurren solo en hoteles: muchas viviendas adoptan esos modelos sin cuestionar su eficiencia. Su enfoque invita a repensar c\u00f3mo se dispone el mobiliario y qu\u00e9 tanto se prioriza la usabilidad frente al puro decorado.<\/p>\n<p class=\"paragraph\" id=\"paragraph_5\"><strong><a href=\"https:\/\/www.elespanol.com\/mujer\/moda\/20220914\/cuentas-instagram-amaras-estilo-minimalista\/700930266_0.html?utm_cmp_rs=linksinline\" rel=\"nofollow noopener\" target=\"_blank\">El estilo minimalista<\/a>, que ha dominado el dise\u00f1o europeo<\/strong>, busca l\u00edneas limpias, superficies neutras y pocos elementos visibles. Eso puede resultar elegante, pero tambi\u00e9n puede eliminar oportunidades de uso.<\/p>\n<p><img decoding=\"async\" alt=\"Vivienda de estilo retro.\" height=\"180\" loading=\"lazy\" width=\"320\" data-lazy-status=\"processed\" id=\"507adb080c\" src=\"https:\/\/www.elespanol.com\/mujer\/interiorismo\/20250930\/importante-arquitecto-analiza-banos-europeos-hueco-lavabo-podria-tener-usos\/[\" https:=\"\" data-lazy-info=\"changed src\"\/><\/p>\n<p class=\"paragraph\" id=\"paragraph_6\">En consecuencia, Seia identifica que la presi\u00f3n por parecer<strong> \u00abun ba\u00f1o de revista\u00bb<\/strong> lleva al dise\u00f1o a ignorar necesidades pr\u00e1cticas.<\/p>\n<p class=\"paragraph\" id=\"paragraph_7\">Por ejemplo, muchos lavabos suspendidos tienen estructura que deja un hueco libre en la parte inferior. Ese espacio podr\u00eda transformarse en un compartimiento oculto, cajonera discreta o mesita auxiliar. <strong>Seia lo considera una \u00abzona desaprovechada\u00bb<\/strong>, justamente en los lugares donde menos atenci\u00f3n se pone.<\/p>\n<p><img decoding=\"async\" alt=\"Vivienda antigua.\" height=\"180\" loading=\"lazy\" width=\"320\" data-lazy-status=\"processed\" id=\"c23aeda8b5\" src=\"https:\/\/www.elespanol.com\/mujer\/interiorismo\/20250930\/importante-arquitecto-analiza-banos-europeos-hueco-lavabo-podria-tener-usos\/[\" https:=\"\" data-lazy-info=\"changed src\"\/><\/p>\n<p class=\"paragraph\" id=\"paragraph_8\">Para \u00e9l, no se trata de recargar el ba\u00f1o con trastos, sino de <strong>plantear usos con elegancia<\/strong>: almacenar productos de limpieza, toallas enrolladas o una cesta discreta. S\u00f3lo con ajustes sutiles se empata est\u00e9tica y funci\u00f3n sin que el dise\u00f1o pierda aire minimalista.<\/p>\n<p class=\"paragraph\" id=\"paragraph_9\">Una alternativa sugerida por Seia <a href=\"https:\/\/www.elespanol.com\/mujer\/interiorismo\/20250817\/creen-firma-exclusiva-ultima-creacion-ikea-parece-lujo-cuesta\/1003743873648_0.html?utm_cmp_rs=linksinline\" rel=\"nofollow noopener\" target=\"_blank\">es un mueble<\/a> de <strong>cajones dise\u00f1ado a medida que encaje<\/strong> justo debajo del lavabo. Ese m\u00f3dulo puede tener ruedas o gu\u00edas y quedar oculto a la vista. As\u00ed, el ba\u00f1o sigue limpio visualmente.<\/p>\n<p><img decoding=\"async\" alt=\"Un terreno.\" height=\"180\" loading=\"lazy\" width=\"320\" data-lazy-status=\"processed\" id=\"0f5c0e09cf\" src=\"https:\/\/www.elespanol.com\/mujer\/interiorismo\/20250930\/importante-arquitecto-analiza-banos-europeos-hueco-lavabo-podria-tener-usos\/[\" https:=\"\" data-lazy-info=\"changed src\"\/><\/p>\n<p class=\"paragraph\" id=\"paragraph_10\"><strong>Otra opci\u00f3n son las bandejas extra\u00edbles, peque\u00f1as baldas o \u00abcajones flotantes\u00bb<\/strong> que se fijen a los laterales del mueble principal. Pueden salir solo cuando se usan y desaparecer cuando no. Esa idea combina discreci\u00f3n con practicidad.<\/p>\n<p class=\"paragraph\" id=\"paragraph_11\"><strong>Tambi\u00e9n recomienda pensar en accesorios m\u00f3viles<\/strong>: cestas con ruedas, cajas apilables o soluciones modulares que no requieren obra. As\u00ed, el intento de aprovechar ese espacio no se vuelve costoso ni invasivo.<\/p>\n<p class=\"paragraph\" id=\"paragraph_12\">Seia insiste en que<strong> el ba\u00f1o es una de las estancias m\u00e1s caras de la casa<\/strong>, por eso no conviene escatimar en tuber\u00edas, desag\u00fces o provisi\u00f3n de agua. Esa inversi\u00f3n t\u00e9cnica no es visible pero es clave para la durabilidad.<\/p>\n<p class=\"paragraph\" id=\"paragraph_13\">Para \u00e9l,<strong> <a href=\"https:\/\/www.elespanol.com\/mujer\/salud-bienestar\/20230202\/eterno-debate-bano-ducha-pros-contras-opcion\/729927041_0.html?utm_cmp_rs=linksinline\" rel=\"nofollow noopener\" target=\"_blank\">la ducha suele ser preferible a la ba\u00f1era<\/a><\/strong> en muchas reformas: ocupa menos espacio, implica menor costo y facilidad de accesibilidad. Esa estrategia permite ahorrar metros y recursos sin perder estilo.<\/p>\n<p class=\"paragraph\" id=\"paragraph_14\"><strong>Tambi\u00e9n aconseja no dejar que las modas inflen precios<\/strong>: elegir sanitarios de buena calidad, comparar dise\u00f1os y preferir materiales naturales accesibles. Con criterio es posible un ba\u00f1o moderno, funcional y duradero, sin que el espacio bajo el lavabo quede olvidado.<\/p>\n<p class=\"paragraph\" id=\"paragraph_15\">En definitiva, <strong>el an\u00e1lisis de Marcelo Seia a los ba\u00f1os en Europa<\/strong> no es solo un se\u00f1alamiento: es una invitaci\u00f3n a redise\u00f1ar con conciencia. Ese hueco bajo el lavabo puede convertirse en aliado si lo vemos como una oportunidad. M\u00e1s all\u00e1 del minimalismo extremo, arquitectura e interiorismo deben dialogar en la vida diaria.<\/p>\n","protected":false},"excerpt":{"rendered":"Desde Buenos Aires hasta Europa, el arquitecto Marcelo Seia ha viajado por hoteles y viviendas, fijando su mirada&hellip;\n","protected":false},"author":2,"featured_media":154718,"comment_status":"","ping_status":"","sticky":false,"template":"","format":"standard","meta":{"footnotes":""},"categories":[173],"tags":[801,229,233,231,230,46481,232,234,146,147,25,24,12234,17079,23],"class_list":{"0":"post-154717","1":"post","2":"type-post","3":"status-publish","4":"format-standard","5":"has-post-thumbnail","7":"category-arte-y-diseno","8":"tag-arquitectura","9":"tag-arte","10":"tag-arte-y-diseno","11":"tag-arts","12":"tag-arts-and-design","13":"tag-banos-publicos","14":"tag-design","15":"tag-diseno","16":"tag-entertainment","17":"tag-entretenimiento","18":"tag-es","19":"tag-espana","20":"tag-interiorismo","21":"tag-soft","22":"tag-spain"},"share_on_mastodon":{"url":"","error":""},"_links":{"self":[{"href":"https:\/\/www.europesays.com\/es\/wp-json\/wp\/v2\/posts\/154717","targetHints":{"allow":["GET"]}}],"collection":[{"href":"https:\/\/www.europesays.com\/es\/wp-json\/wp\/v2\/posts"}],"about":[{"href":"https:\/\/www.europesays.com\/es\/wp-json\/wp\/v2\/types\/post"}],"author":[{"embeddable":true,"href":"https:\/\/www.europesays.com\/es\/wp-json\/wp\/v2\/users\/2"}],"replies":[{"embeddable":true,"href":"https:\/\/www.europesays.com\/es\/wp-json\/wp\/v2\/comments?post=154717"}],"version-history":[{"count":0,"href":"https:\/\/www.europesays.com\/es\/wp-json\/wp\/v2\/posts\/154717\/revisions"}],"wp:featuredmedia":[{"embeddable":true,"href":"https:\/\/www.europesays.com\/es\/wp-json\/wp\/v2\/media\/154718"}],"wp:attachment":[{"href":"https:\/\/www.europesays.com\/es\/wp-json\/wp\/v2\/media?parent=154717"}],"wp:term":[{"taxonomy":"category","embeddable":true,"href":"https:\/\/www.europesays.com\/es\/wp-json\/wp\/v2\/categories?post=154717"},{"taxonomy":"post_tag","embeddable":true,"href":"https:\/\/www.europesays.com\/es\/wp-json\/wp\/v2\/tags?post=154717"}],"curies":[{"name":"wp","href":"https:\/\/api.w.org\/{rel}","templated":true}]}}