{"id":15472,"date":"2025-07-31T04:17:11","date_gmt":"2025-07-31T04:17:11","guid":{"rendered":"https:\/\/www.europesays.com\/es\/15472\/"},"modified":"2025-07-31T04:17:11","modified_gmt":"2025-07-31T04:17:11","slug":"polemica-en-francia-por-una-aparente-felacion-de-una-espectadora-a-un-conocido-cantante-en-pleno-concierto","status":"publish","type":"post","link":"https:\/\/www.europesays.com\/es\/15472\/","title":{"rendered":"Pol\u00e9mica en Francia por una aparente felaci\u00f3n de una espectadora a un conocido cantante en pleno concierto"},"content":{"rendered":"<p>La localidad de Cap d&#8217;Agde (sudeste) es conocida por sus playas nudistas y clubes de libertinaje. Esta ciudad, situada a unos 160 kil\u00f3metros de  &#8230; la frontera con Espa\u00f1a, ha sido el escenario de la pol\u00e9mica veraniega de esta semana en Francia. Ha suscitado una gran controversia en el pa\u00eds galo las im\u00e1genes del conocido cantante Patrick S\u00e9bastien recibiendo aparentemente una felaci\u00f3n por una espectadora encima del escenario. <\/p>\n<p class=\"v-p\">Los hechos ocurrieron la semana pasada durante una actuaci\u00f3n en un campin nudista en Cap d&#8217;Agde. M\u00e1s de 2.000 personas asistieron a ese espect\u00e1culo, presentado como un acto festivo, familiar y \u00ababierto a todos los p\u00fablicos\u00bb. Antes de interpretar &#8216;Les Sardines&#8217;, una de sus canciones m\u00e1s conocidas, S\u00e9bastien pidi\u00f3 a algunos espectadores que subieran al escenario. \u00abSolo quiero a mujeres. (\u2026) Ostia, puta, hay muy buen material esta noche\u00bb, se felicit\u00f3 el cantante, de 71 a\u00f1os, muy conocido en Francia y con bastante menos relumbr\u00f3n internacional. <\/p>\n<p class=\"v-p\">Pocos minutos despu\u00e9s, una de las espectadoras se arrodill\u00f3 ante \u00e9l y le hizo una felaci\u00f3n durante unos segundos. En los v\u00eddeos publicados en TikTok y X, sin embargo, no queda claro si le lleg\u00f3 a agarrar y succionar el miembro. Robin Binsard, abogado del cantante, lo defendi\u00f3 asegurando que no hubo ning\u00fan acto sexual y que, en realidad, ella \u00absimul\u00f3\u00bb el gesto de una felaci\u00f3n, en declaraciones al diario progresista Mediapart, el primero en hacerse eco el martes de este incidente. \u00abNo cometi\u00f3 ninguna infracci\u00f3n\u00bb, insisti\u00f3 el representante legal del int\u00e9rprete, conocido por su comportamiento grosero y por su antipat\u00eda hac\u00eda el movimiento feminista, que ha calificado m\u00e1s de una vez de \u00abintegrista\u00bb e \u00abintolerante\u00bb.<\/p>\n<p class=\"v-p\">Pese a las declaraciones de su abogado, estos hechos han suscitado cr\u00edticas, sobre todo debido a la presencia de numerosos menores de edad en el concierto. La direcci\u00f3n del campin ha reconocido que \u00abhubo un breve comportamiento sexual de manera totalmente imprevisible\u00bb. Y uno de los espectadores dijo que tuvo \u00abla impresi\u00f3n de que (S\u00e9bastien) se dej\u00f3 llevar por la euforia de ese momento y que olvid\u00f3 que estaba en un show en un campin, donde hab\u00eda muchos ni\u00f1os, en lugar de una discoteca libertina\u00bb.<\/p>\n","protected":false},"excerpt":{"rendered":"La localidad de Cap d&#8217;Agde (sudeste) es conocida por sus playas nudistas y clubes de libertinaje. Esta ciudad,&hellip;\n","protected":false},"author":2,"featured_media":15473,"comment_status":"","ping_status":"","sticky":false,"template":"","format":"standard","meta":{"footnotes":""},"categories":[91],"tags":[10263,4328,2339,4389,146,147,25,24,10265,10264,317,2464,1526,23],"class_list":{"0":"post-15472","1":"post","2":"type-post","3":"status-publish","4":"format-standard","5":"has-post-thumbnail","7":"category-entretenimiento","8":"tag-aparente","9":"tag-cantante","10":"tag-concierto","11":"tag-conocido","12":"tag-entertainment","13":"tag-entretenimiento","14":"tag-es","15":"tag-espana","16":"tag-espectadora","17":"tag-felacion","18":"tag-francia","19":"tag-pleno","20":"tag-polemica","21":"tag-spain"},"share_on_mastodon":{"url":"","error":""},"_links":{"self":[{"href":"https:\/\/www.europesays.com\/es\/wp-json\/wp\/v2\/posts\/15472","targetHints":{"allow":["GET"]}}],"collection":[{"href":"https:\/\/www.europesays.com\/es\/wp-json\/wp\/v2\/posts"}],"about":[{"href":"https:\/\/www.europesays.com\/es\/wp-json\/wp\/v2\/types\/post"}],"author":[{"embeddable":true,"href":"https:\/\/www.europesays.com\/es\/wp-json\/wp\/v2\/users\/2"}],"replies":[{"embeddable":true,"href":"https:\/\/www.europesays.com\/es\/wp-json\/wp\/v2\/comments?post=15472"}],"version-history":[{"count":0,"href":"https:\/\/www.europesays.com\/es\/wp-json\/wp\/v2\/posts\/15472\/revisions"}],"wp:featuredmedia":[{"embeddable":true,"href":"https:\/\/www.europesays.com\/es\/wp-json\/wp\/v2\/media\/15473"}],"wp:attachment":[{"href":"https:\/\/www.europesays.com\/es\/wp-json\/wp\/v2\/media?parent=15472"}],"wp:term":[{"taxonomy":"category","embeddable":true,"href":"https:\/\/www.europesays.com\/es\/wp-json\/wp\/v2\/categories?post=15472"},{"taxonomy":"post_tag","embeddable":true,"href":"https:\/\/www.europesays.com\/es\/wp-json\/wp\/v2\/tags?post=15472"}],"curies":[{"name":"wp","href":"https:\/\/api.w.org\/{rel}","templated":true}]}}