{"id":154720,"date":"2025-10-03T10:48:21","date_gmt":"2025-10-03T10:48:21","guid":{"rendered":"https:\/\/www.europesays.com\/es\/154720\/"},"modified":"2025-10-03T10:48:21","modified_gmt":"2025-10-03T10:48:21","slug":"dos-consejeros-de-la-ccma-piden-una-reunion-extraordinaria-sobre-la-deriva-de-tv3-y-catalunya-radio","status":"publish","type":"post","link":"https:\/\/www.europesays.com\/es\/154720\/","title":{"rendered":"Dos consejeros de la CCMA piden una reuni\u00f3n extraordinaria sobre \u00abla deriva\u00bb de TV3 y Catalunya R\u00e0dio"},"content":{"rendered":"<p>Los consejeros de la Corporaci\u00f3 Catalana de Mitjans Audiovisuals (CCMA) \u00c0ngels Ponsa y Pep Riera han pedido a la presidenta Rosa Rom\u00e0 una reuni\u00f3n extraordinaria y monogr\u00e1fica del Consell de Govern para \u00abanalizar la deriva de TV3 y Catalunya R\u00e0dio en los \u00faltimos meses\u00bb, informa Junts este lunes en un comunicado.<\/p>\n<p>La formaci\u00f3n explica que los dos consejeros, elegidos a propuesta de Junts, lo piden por la \u00abalarma social que se ha generado en Catalunya\u00bb tras la decisi\u00f3n de Rom\u00e0 de suprimir marcas e incorporar programas que distan de lo que es un servicio p\u00fablico y de calidad, textualmente.<\/p>\n<p>\u00abDetectamos una creciente banalizaci\u00f3n de la programaci\u00f3n y una creciente desnacionalizaci\u00f3n en los contenidos informativos y de entretenimiento, especialmente en TV3\u00bb, ha dicho Junts, que expresa preocupaci\u00f3n al agruparse marcas bajo el paraguas 3CatInfo.<\/p>\n<p>Albert Batet<\/p>\n<p>Adem\u00e1s, el presidente de Junts en el Parlament, Albert Batet, ha pedido este martes al presidente de la Generalitat, Salvador Illa, \u00abuna rectificaci\u00f3n\u00bb en este asunto durante la sesi\u00f3n de control al Govern en el Parlament, as\u00ed como un retorno al esp\u00edritu fundacional de TV3 y Catalunya R\u00e0dio y al acuerdo marco, seg\u00fan \u00e9l.<\/p>\n<p>Illa ha respondido que lo \u00fanico que pide a los medios p\u00fablicos es \u00abrigor\u00bb porque son un servicio fundamental en tiempos de desinformaci\u00f3n, y Batet le ha replicado textualmente que los cambios en TV3 son la punta del iceberg de una estrategia de desnacionalizaci\u00f3n del PSC.<\/p>\n<p>Documental en TV3<\/p>\n<p>Fuentes de 3Cat consultadas por Europa Press han negado censurar la emisi\u00f3n este martes por la noche del documental &#8216;Alerta inundable&#8217; sobre proyectos de construcci\u00f3n en zonas de Catalunya con riesgo de inundaci\u00f3n, y han asegurado que la direcci\u00f3n de Informativos de TV3 ha instado al equipo a seguir trabajando en el documental para acabar haciendo un gran trabajo period\u00edstico.<\/p>\n<p>Preguntada por esta cuesti\u00f3n tras la reuni\u00f3n del Consell Executiu, la consellera de Territorio, Vivienda y Transici\u00f3n Ecol\u00f3gica y portavoz de la Generalitat, S\u00edlvia Paneque, ha respondido en rueda de prensa que no conoce el contenido del documental y ha dicho que su departamento \u00abpuso a disposici\u00f3n de los periodistas los t\u00e9cnicos de la Ag\u00e8ncia Catalana de l&#8217;Aigua (ACA) para que se escuchara su criterio\u00bb.<\/p>\n","protected":false},"excerpt":{"rendered":"Los consejeros de la Corporaci\u00f3 Catalana de Mitjans Audiovisuals (CCMA) \u00c0ngels Ponsa y Pep Riera han pedido a&hellip;\n","protected":false},"author":2,"featured_media":154721,"comment_status":"","ping_status":"","sticky":false,"template":"","format":"standard","meta":{"footnotes":""},"categories":[171],"tags":[146,147,25,24,23,214],"class_list":{"0":"post-154720","1":"post","2":"type-post","3":"status-publish","4":"format-standard","5":"has-post-thumbnail","7":"category-tv","8":"tag-entertainment","9":"tag-entretenimiento","10":"tag-es","11":"tag-espana","12":"tag-spain","13":"tag-tv"},"share_on_mastodon":{"url":"","error":""},"_links":{"self":[{"href":"https:\/\/www.europesays.com\/es\/wp-json\/wp\/v2\/posts\/154720","targetHints":{"allow":["GET"]}}],"collection":[{"href":"https:\/\/www.europesays.com\/es\/wp-json\/wp\/v2\/posts"}],"about":[{"href":"https:\/\/www.europesays.com\/es\/wp-json\/wp\/v2\/types\/post"}],"author":[{"embeddable":true,"href":"https:\/\/www.europesays.com\/es\/wp-json\/wp\/v2\/users\/2"}],"replies":[{"embeddable":true,"href":"https:\/\/www.europesays.com\/es\/wp-json\/wp\/v2\/comments?post=154720"}],"version-history":[{"count":0,"href":"https:\/\/www.europesays.com\/es\/wp-json\/wp\/v2\/posts\/154720\/revisions"}],"wp:featuredmedia":[{"embeddable":true,"href":"https:\/\/www.europesays.com\/es\/wp-json\/wp\/v2\/media\/154721"}],"wp:attachment":[{"href":"https:\/\/www.europesays.com\/es\/wp-json\/wp\/v2\/media?parent=154720"}],"wp:term":[{"taxonomy":"category","embeddable":true,"href":"https:\/\/www.europesays.com\/es\/wp-json\/wp\/v2\/categories?post=154720"},{"taxonomy":"post_tag","embeddable":true,"href":"https:\/\/www.europesays.com\/es\/wp-json\/wp\/v2\/tags?post=154720"}],"curies":[{"name":"wp","href":"https:\/\/api.w.org\/{rel}","templated":true}]}}