{"id":154724,"date":"2025-10-03T10:50:15","date_gmt":"2025-10-03T10:50:15","guid":{"rendered":"https:\/\/www.europesays.com\/es\/154724\/"},"modified":"2025-10-03T10:50:15","modified_gmt":"2025-10-03T10:50:15","slug":"se-va-de-netflix-la-pelicula-con-ethan-hawke-que-tienes-que-ver-antes-de-que-se-estrene-su-secuela","status":"publish","type":"post","link":"https:\/\/www.europesays.com\/es\/154724\/","title":{"rendered":"Se va de Netflix la pel\u00edcula con Ethan Hawke que tienes que ver antes de que se estrene su secuela"},"content":{"rendered":"\n<ul class=\"bodyList bodyList--unordered\">\n<li class=\"bodyList__item\"><strong><a href=\"https:\/\/www.elconfidencial.com\/cultura\/2025-09-28\/memorias-africa-40-anos-historia-rodaje-1qrt_4214942\/\" target=\"_self\" rel=\"nofollow noopener\">Memorias de \u00c1frica cumple 40 a\u00f1os: la historia detr\u00e1s de un rodaje que pudo haber sido muy diferente<\/a><\/strong><\/li>\n<li class=\"bodyList__item\"><strong><a href=\"https:\/\/www.elconfidencial.com\/cultura\/2023-11-13\/brillante-rayo-oscuridad-ethan-hawke_3770406\/\" target=\"_self\" rel=\"nofollow noopener\">Ethan Hawke, novelista: \u00bfqu\u00e9 pasar\u00eda con tu vida cuando una infidelidad se ha hecho viral?<\/a><\/strong><\/li>\n<\/ul>\n<p> Una de las pel\u00edculas de terror estadounidense m\u00e1s comentadas de los \u00faltimos a\u00f1os, con <a href=\"https:\/\/www.elconfidencial.com\/cultura\/2023-11-13\/brillante-rayo-oscuridad-ethan-hawke_3770406\/\" target=\"_self\" rel=\"nofollow noopener\">Ethan Hawke<\/a> en un aplaudido papel, ha conquistado a millones de espectadores en <a href=\"https:\/\/www.elconfidencial.com\/tags\/temas\/peliculas-de-netflix-19496\/\" target=\"_self\" rel=\"nofollow noopener\">Netflix<\/a>, pero ahora se prepara para abandonar la plataforma <strong>en cuesti\u00f3n de 24 horas<\/strong>. La eliminaci\u00f3n del contenido en la popular plataforma de streaming llega justo cuando su esperada secuela ya tiene fecha de estreno en cines. <\/p>\n<p> Dirigida por Scott Derrickson y basada en un relato de Joe Hill, Black Phone se convirti\u00f3 en uno de los t\u00edtulos de terror m\u00e1s comentados en 2021, y dejar\u00e1 de estar disponible en Netflix<strong> este 30 de septiembre<\/strong>, por lo que es la \u00faltima oportunidad para disfrutarla antes del estreno de Black Phone 2, el pr\u00f3ximo 17 de octubre de 2025. <\/p>\n<p>              <img decoding=\"async\" class=\"inTextNews__img\" alt=\"Foto: pelicula-superheroes-netflix-top10-fracaso-taquilla-1qrt\" src=\"https:\/\/www.europesays.com\/es\/wp-content\/uploads\/2025\/10\/f.elconfidencial.com\/original\/acf\/8f0\/743\/acf8f074302a2bfd7fa3dcb1e2a333c8.jpg\"  \/>     <\/p>\n<p>TE PUEDE INTERESAR<\/p>\n<p>      <a class=\"inTextNews__title\" href=\"https:\/\/www.elconfidencial.com\/cultura\/cine\/2025-09-29\/pelicula-superheroes-netflix-top10-fracaso-taquilla-1qrt_4218292\/\" onclick=\"window.ECCO.emit(&#039;amplitude&#039;, { dataEventName: &#039;click_related_article_module&#039;, data: { related_article_url: &#039;https:\/\/www.elconfidencial.com\/cultura\/cine\/2025-09-29\/pelicula-superheroes-netflix-top10-fracaso-taquilla-1qrt_4218292\/&#039;, related_article_author: &#039;Alberto Richart&#039;, related_article_section: &#039;cine&#039; } })\" rel=\"nofollow noopener\" target=\"_blank\"> Fue un fracaso en taquilla, pero esta pel\u00edcula de superh\u00e9roes se ha convertido en una de las m\u00e1s vistas de Netflix <\/a>   <\/p>\n<p>    A. R.   <\/p>\n<p> La primera parte consolid\u00f3 a Ethan Hawke como un villano enmascarado inolvidable y abri\u00f3 la puerta a una franquicia que ya genera debate sobre si la secuela lograr\u00e1 superar a la original. La historia sigue a Finney Shaw, <strong>un adolescente que es secuestrado<\/strong> y encerrado en un s\u00f3tano insonorizado por un asesino enmascarado. Su \u00fanica esperanza surge cuando un viejo tel\u00e9fono roto empieza a sonar y, a trav\u00e9s de \u00e9l, puede comunicarse con las anteriores v\u00edctimas. <\/p>\n<p> Este giro sobrenatural, unido a la atm\u00f3sfera claustrof\u00f3bica y a la interpretaci\u00f3n de Hawke, lleg\u00f3 a posicionar la obra de Derrickson como un referente del cine de terror reciente. El mismo 17 de octubre, <strong>el director en persona presentar\u00e1 la secuela<\/strong> en el marco del <a href=\"https:\/\/www.elconfidencial.com\/empresas\/2024-10-21\/festival-cine-sitges-reduce-emisiones-energia-renovable_3987497\/\" target=\"_self\" rel=\"nofollow noopener\">Festival Internacional de Cine Fant\u00e1stico de Catalu\u00f1a<\/a>, en Sitges. <\/p>\n<p>Tr\u00e1iler de &#8216;Black Phone&#8217;. (Universal Spain)<\/p>\n<p> Para quienes a\u00fan no han visto la primera entrega o desean revisitarla, esta es la \u00faltima oportunidad de hacerlo en Netflix antes de su retirada. Su secuela promete retomar el suspense y el terror, cuando<strong> el Raptor se decida a tomarse la venganza<\/strong> con la hermana peque\u00f1a de Finney, Gwen. Juntos, los dos hermanos deber\u00e1n enfrentarse a un asesino a\u00fan m\u00e1s poderoso desde la muerte. <\/p>\n","protected":false},"excerpt":{"rendered":"Memorias de \u00c1frica cumple 40 a\u00f1os: la historia detr\u00e1s de un rodaje que pudo haber sido muy diferente&hellip;\n","protected":false},"author":2,"featured_media":154725,"comment_status":"","ping_status":"","sticky":false,"template":"","format":"standard","meta":{"footnotes":""},"categories":[169],"tags":[177,146,147,25,24,176,175,23],"class_list":{"0":"post-154724","1":"post","2":"type-post","3":"status-publish","4":"format-standard","5":"has-post-thumbnail","7":"category-cine","8":"tag-cine","9":"tag-entertainment","10":"tag-entretenimiento","11":"tag-es","12":"tag-espana","13":"tag-film","14":"tag-movies","15":"tag-spain"},"share_on_mastodon":{"url":"","error":""},"_links":{"self":[{"href":"https:\/\/www.europesays.com\/es\/wp-json\/wp\/v2\/posts\/154724","targetHints":{"allow":["GET"]}}],"collection":[{"href":"https:\/\/www.europesays.com\/es\/wp-json\/wp\/v2\/posts"}],"about":[{"href":"https:\/\/www.europesays.com\/es\/wp-json\/wp\/v2\/types\/post"}],"author":[{"embeddable":true,"href":"https:\/\/www.europesays.com\/es\/wp-json\/wp\/v2\/users\/2"}],"replies":[{"embeddable":true,"href":"https:\/\/www.europesays.com\/es\/wp-json\/wp\/v2\/comments?post=154724"}],"version-history":[{"count":0,"href":"https:\/\/www.europesays.com\/es\/wp-json\/wp\/v2\/posts\/154724\/revisions"}],"wp:featuredmedia":[{"embeddable":true,"href":"https:\/\/www.europesays.com\/es\/wp-json\/wp\/v2\/media\/154725"}],"wp:attachment":[{"href":"https:\/\/www.europesays.com\/es\/wp-json\/wp\/v2\/media?parent=154724"}],"wp:term":[{"taxonomy":"category","embeddable":true,"href":"https:\/\/www.europesays.com\/es\/wp-json\/wp\/v2\/categories?post=154724"},{"taxonomy":"post_tag","embeddable":true,"href":"https:\/\/www.europesays.com\/es\/wp-json\/wp\/v2\/tags?post=154724"}],"curies":[{"name":"wp","href":"https:\/\/api.w.org\/{rel}","templated":true}]}}