{"id":154728,"date":"2025-10-03T10:52:09","date_gmt":"2025-10-03T10:52:09","guid":{"rendered":"https:\/\/www.europesays.com\/es\/154728\/"},"modified":"2025-10-03T10:52:09","modified_gmt":"2025-10-03T10:52:09","slug":"la-fundacion-jimenez-diaz-participa-un-ano-mas-en-madrid-respira-iniciativa-de-neumomadrid-y-el-ayuntamiento-para-concienciar-sobre-la-salud-respiratoria-lider-en-informacion-social","status":"publish","type":"post","link":"https:\/\/www.europesays.com\/es\/154728\/","title":{"rendered":"La Fundaci\u00f3n Jim\u00e9nez D\u00edaz participa un a\u00f1o m\u00e1s en Madrid Respira, iniciativa de Neumomadrid y el Ayuntamiento para concienciar sobre la salud respiratoria | L\u00edder en Informaci\u00f3n Social"},"content":{"rendered":"<p>\n      El Hospital Universitario Fundaci\u00f3n Jim\u00e9nez D\u00edaz colabora tambi\u00e9n este a\u00f1o con Madrid Respira, una iniciativa de la Sociedad Madrile\u00f1a de Neumolog\u00eda y Cirug\u00eda Tor\u00e1cica (Neumomadrid) y el Ayuntamiento de Madrid que se celebra este s\u00e1bado, 4 de octubre, en distintos puntos de los Jardines del Buen Retiro.\n    <\/p>\n<p>El objetivo de esta acci\u00f3n es \u201cconcienciar a la poblaci\u00f3n sobe la importancia y necesidad de cuidar la salud respiratoria y preservar el medio ambiente\u201d, explica el doctor Felipe Villar, jefe asociado del Servicio de Neumolog\u00eda del centro madrile\u00f1o, se\u00f1alando que se trata de \u201cun acto divulgativo, educativo y sostenible, se realizar\u00e1 una llamada a la acci\u00f3n y se podr\u00e1 disfrutar de una actividad l\u00fadica y familiar\u201d.<\/p>\n<p>Bajo el lema &#8216;Una llamada a la acci\u00f3n sobre la importancia de la salud respiratoria&#8217;, la jornada consiste en un circuito por el Retiro -con acceso por la \u201cPuerta de Madrid\u201d del parque- con una serie de actividades l\u00fadico-formativas en las que los asistentes podr\u00e1n participar de 1100  a 14.00 horas, y de 16.00 a 19.00 horas, en cuya salida recibir\u00e1n el &#8216;Pasaporte Madrid Respira&#8217; que tendr\u00e1n que cumplimentar con los correspondientes sellos a medida que avanzan en el recorrido, y en cuya meta podr\u00e1n conseguir una camiseta u otros obsequios conmemorativos del evento.<\/p>\n<p>En el caso concreto de la Fundaci\u00f3n Jim\u00e9nez D\u00edaz, y bajo el nombre &#8216;Marca y gol. Deja el tabaco en el banquillo&#8217;, el hospital patrocina la zona de concienciaci\u00f3n sobre tabaquismo y contaminaci\u00f3n del aire, cambio clim\u00e1tico en general y c\u00f3mo esto afecta a la salud respiratoria. Para ello, y con la colaboraci\u00f3n de la Liga Profesional de F\u00fatbol Femenino, esta parada contar\u00e1 con una porter\u00eda y panel y mensajes motivacionales sobre dejar de fumar y llevar una vida sana; as\u00ed como con un puesto de informaci\u00f3n y un espacio de concienciaci\u00f3n con mensajes contra el c\u00e1ncer, gracias a la colaboraci\u00f3n de la Asociaci\u00f3n Espa\u00f1ola Contra el C\u00e1ncer (AECC).<\/p>\n<p>El hospital tambi\u00e9n patrocina las paradas &#8216;Resp\u00edrate. Gana el desaf\u00edo respiratorio&#8217;, en la que se mide el nivel ox\u00edgeno en sangre y la capacidad respiratoria mediante espirometr\u00edas, adem\u00e1s de dar consejos m\u00e9dicos sobre salud respiratoria para concienciar a la poblaci\u00f3n de la detecci\u00f3n temprana de la EPOC (enfermedad pulmonar obstructiva cr\u00f3nica) y otras enfermedades; y &#8216;Vida activa. H\u00e1bitos para una vida plena&#8217;, una zona para medir nuestra capacidad de ejercicio a trav\u00e9s de un test de esfuerzo y ofrecer recomendaciones sobre la actividad f\u00edsica y la fisioterapia como estilo de vida. <\/p>\n<p>La Fundaci\u00f3n Jim\u00e9nez D\u00edaz colabora, adem\u00e1s, en una de las otras cuatro paradas del circuito: &#8216;Oxineta. Ox\u00edgeno y dispositivos&#8217;, una furgoneta habilitada como consulta y dotada con diferentes dispositivos, cuyo uso explicar\u00e1n los neum\u00f3logos, y en la que tambi\u00e9n informar\u00e1n sobre la higiene del sue\u00f1o. En ella tambi\u00e9n se organizar\u00e1 una serie de miniconciertos.<\/p>\n<p>El doctor Villar invit\u00f3 a toda la poblaci\u00f3n a participar en la iniciativa \u00aba trav\u00e9s de una serie de actividades did\u00e1cticas, pero tambi\u00e9n divertidas, queremos que los ciudadanos se sientan involucrados en la prevenci\u00f3n de las enfermedades respiratorias y, para ello, ofreceremos informaci\u00f3n, formaci\u00f3n y concienciaci\u00f3n relacionadas con medidas que eviten la aparici\u00f3n o la agudizaci\u00f3n de las patolog\u00edas de las v\u00edas respiratorias\u201d.<\/p>\n<p>Respecto al Programa MAS+, MedioAmbiente y Salud, la participaci\u00f3n de la Fundaci\u00f3n Jim\u00e9nez D\u00edaz en esta iniciativa muestra, seg\u00fan explic\u00f3, su compromiso \u00abcon el cuidado del medioambiente y la reducci\u00f3n de la huella de carbono, en el marco del cual en 2020 se adhiri\u00f3 a la declaraci\u00f3n de emergencia clim\u00e1tica para concienciar de la necesidad de poner en marcha un modelo sostenible y con amplia repercusi\u00f3n que ayude a disminuir la huella de carbono, y que concret\u00f3 con su particular aportaci\u00f3n: la puesta en marcha del programa MAS+, MedioAmbiente y Salud\u00bb.<\/p>\n<p>Dirigido a dise\u00f1ar y desarrollar iniciativas en distintos \u00e1mbitos de la actividad del hospital para la reducir el impacto sobre el medio ambiente generado por la asistencia sanitaria, el proyecto abarca desde la implementaci\u00f3n de sistemas sostenibles de energ\u00eda y mejoras en el uso de gases anest\u00e9sicos e inhaladores, hasta la aplicaci\u00f3n de protocolos de reciclado y esfuerzos en investigaci\u00f3n, concienciaci\u00f3n, comunicaci\u00f3n y promoci\u00f3n de la digitalizaci\u00f3n.<\/p>\n<p>\u201cEsta declaraci\u00f3n por parte del hospital supone, por un lado, el reconocimiento de que el cambio clim\u00e1tico afecta a la salud de la poblaci\u00f3n y, por otro, un acto de responsabilidad, tanto de la instituci\u00f3n como de su personal, para ser los primeros en abogar y contribuir a mejorar el cambio clim\u00e1tico y as\u00ed proteger la salud de nuestros pacientes\u201d, explica el doctor Villar, principal promotor de la iniciativa.<\/p>\n<p>ENFERMEDADES RESPIRATORIAS<\/p>\n<p>La prevalencia de las patolog\u00edas relacionadas con las v\u00edas respiratorias es cada vez mayor, y los expertos consideran que un mejor conocimiento de los factores de riesgo puede prevenir la aparici\u00f3n y evoluci\u00f3n de las mismas. Entre los principales consejos de los neum\u00f3logos, destacan la realizaci\u00f3n de ejercicio f\u00edsico, evitar el tabaco, seguir una dieta adecuada y mantener unos buenos h\u00e1bitos de sue\u00f1o. Igualmente, recomiendan la vacunaci\u00f3n y cuidar la calidad del aire. En este sentido, el doctor Villar apunta a \u201cla contaminaci\u00f3n del aire y el cambio clim\u00e1tico\u201d como uno de los principales riesgos medioambientales para la salud de la poblaci\u00f3n. <\/p>\n<p>Las patolog\u00edas agudas m\u00e1s frecuentes son la bronquitis y la neumon\u00eda, y entre las m\u00e1s graves destaca el c\u00e1ncer de pulm\u00f3n. Otras dolencias, como el asma o la EPOC, afectan de forma muy directa a la calidad de vida de los pacientes y sus cuidadores. \u201cEstas patolog\u00edas condicionan la vida de quienes las sufren. El hecho de mantener unos h\u00e1bitos saludables y medidas de prevenci\u00f3n supone un mejor control de esas enfermedades cr\u00f3nicas ya existentes\u201d, apostilla.<\/p>\n","protected":false},"excerpt":{"rendered":"El Hospital Universitario Fundaci\u00f3n Jim\u00e9nez D\u00edaz colabora tambi\u00e9n este a\u00f1o con Madrid Respira, una iniciativa de la Sociedad&hellip;\n","protected":false},"author":2,"featured_media":154729,"comment_status":"","ping_status":"","sticky":false,"template":"","format":"standard","meta":{"footnotes":""},"categories":[92],"tags":[6848,25,24,165,46483,46482,166,23],"class_list":{"0":"post-154728","1":"post","2":"type-post","3":"status-publish","4":"format-standard","5":"has-post-thumbnail","7":"category-salud","8":"tag-autonomias","9":"tag-es","10":"tag-espana","11":"tag-health","12":"tag-jimenez-diaz","13":"tag-madris-respira","14":"tag-salud","15":"tag-spain"},"share_on_mastodon":{"url":"","error":""},"_links":{"self":[{"href":"https:\/\/www.europesays.com\/es\/wp-json\/wp\/v2\/posts\/154728","targetHints":{"allow":["GET"]}}],"collection":[{"href":"https:\/\/www.europesays.com\/es\/wp-json\/wp\/v2\/posts"}],"about":[{"href":"https:\/\/www.europesays.com\/es\/wp-json\/wp\/v2\/types\/post"}],"author":[{"embeddable":true,"href":"https:\/\/www.europesays.com\/es\/wp-json\/wp\/v2\/users\/2"}],"replies":[{"embeddable":true,"href":"https:\/\/www.europesays.com\/es\/wp-json\/wp\/v2\/comments?post=154728"}],"version-history":[{"count":0,"href":"https:\/\/www.europesays.com\/es\/wp-json\/wp\/v2\/posts\/154728\/revisions"}],"wp:featuredmedia":[{"embeddable":true,"href":"https:\/\/www.europesays.com\/es\/wp-json\/wp\/v2\/media\/154729"}],"wp:attachment":[{"href":"https:\/\/www.europesays.com\/es\/wp-json\/wp\/v2\/media?parent=154728"}],"wp:term":[{"taxonomy":"category","embeddable":true,"href":"https:\/\/www.europesays.com\/es\/wp-json\/wp\/v2\/categories?post=154728"},{"taxonomy":"post_tag","embeddable":true,"href":"https:\/\/www.europesays.com\/es\/wp-json\/wp\/v2\/tags?post=154728"}],"curies":[{"name":"wp","href":"https:\/\/api.w.org\/{rel}","templated":true}]}}