{"id":154730,"date":"2025-10-03T10:53:09","date_gmt":"2025-10-03T10:53:09","guid":{"rendered":"https:\/\/www.europesays.com\/es\/154730\/"},"modified":"2025-10-03T10:53:09","modified_gmt":"2025-10-03T10:53:09","slug":"supervivientes-expulsion-sonia-monroy-sonia-monroy-expulsada-de-supervivientes-las-lagrimas-de-miri-quedada-en-hollywood-y-la-propuesta-de-tom-cruise","status":"publish","type":"post","link":"https:\/\/www.europesays.com\/es\/154730\/","title":{"rendered":"SUPERVIVIENTES EXPULSI\u00d3N SONIA MONROY | Sonia Monroy expulsada de &#8216;Supervivientes&#8217;: las l\u00e1grimas de Miri, quedada en Hollywood y la propuesta de Tom Cruise"},"content":{"rendered":"<p>Eso s\u00ed, sabe que en su regreso podr\u00e1 vivir experiencias preciosas: \u00ab<strong>Me voy superfeliz con una sonrisa y s\u00e9 que fuera me esperan cosas superbonitas<\/strong>\u00ab. Era entonces cuando, en medio de la despedida, Miri, su gran amiga en la playa, le daba un emocionante abrazo con el que se le saltaban las l\u00e1grimas: \u00ab<strong>Me quedo sola. No pensaba que se pudiera ir en alg\u00fan momento y me has dado mucha vida<\/strong>\u00ab, aseguraba muy triste con la despedida.<\/p>\n","protected":false},"excerpt":{"rendered":"Eso s\u00ed, sabe que en su regreso podr\u00e1 vivir experiencias preciosas: \u00abMe voy superfeliz con una sonrisa y&hellip;\n","protected":false},"author":2,"featured_media":154731,"comment_status":"","ping_status":"","sticky":false,"template":"","format":"standard","meta":{"footnotes":""},"categories":[91],"tags":[146,147,25,24,46484,23],"class_list":{"0":"post-154730","1":"post","2":"type-post","3":"status-publish","4":"format-standard","5":"has-post-thumbnail","7":"category-entretenimiento","8":"tag-entertainment","9":"tag-entretenimiento","10":"tag-es","11":"tag-espana","12":"tag-sonia-monroy-expulsada-de","13":"tag-spain"},"share_on_mastodon":{"url":"","error":""},"_links":{"self":[{"href":"https:\/\/www.europesays.com\/es\/wp-json\/wp\/v2\/posts\/154730","targetHints":{"allow":["GET"]}}],"collection":[{"href":"https:\/\/www.europesays.com\/es\/wp-json\/wp\/v2\/posts"}],"about":[{"href":"https:\/\/www.europesays.com\/es\/wp-json\/wp\/v2\/types\/post"}],"author":[{"embeddable":true,"href":"https:\/\/www.europesays.com\/es\/wp-json\/wp\/v2\/users\/2"}],"replies":[{"embeddable":true,"href":"https:\/\/www.europesays.com\/es\/wp-json\/wp\/v2\/comments?post=154730"}],"version-history":[{"count":0,"href":"https:\/\/www.europesays.com\/es\/wp-json\/wp\/v2\/posts\/154730\/revisions"}],"wp:featuredmedia":[{"embeddable":true,"href":"https:\/\/www.europesays.com\/es\/wp-json\/wp\/v2\/media\/154731"}],"wp:attachment":[{"href":"https:\/\/www.europesays.com\/es\/wp-json\/wp\/v2\/media?parent=154730"}],"wp:term":[{"taxonomy":"category","embeddable":true,"href":"https:\/\/www.europesays.com\/es\/wp-json\/wp\/v2\/categories?post=154730"},{"taxonomy":"post_tag","embeddable":true,"href":"https:\/\/www.europesays.com\/es\/wp-json\/wp\/v2\/tags?post=154730"}],"curies":[{"name":"wp","href":"https:\/\/api.w.org\/{rel}","templated":true}]}}