{"id":154738,"date":"2025-10-03T10:58:12","date_gmt":"2025-10-03T10:58:12","guid":{"rendered":"https:\/\/www.europesays.com\/es\/154738\/"},"modified":"2025-10-03T10:58:12","modified_gmt":"2025-10-03T10:58:12","slug":"vuelven-este-mes-de-octubre-los-foros-de-participacion-de-infancia-adolescencia-y-juventud-de-mostoles-con-mas-actividades-y-propuestas","status":"publish","type":"post","link":"https:\/\/www.europesays.com\/es\/154738\/","title":{"rendered":"Vuelven este mes de octubre los foros de participaci\u00f3n de infancia, adolescencia y juventud de M\u00f3stoles con m\u00e1s actividades y propuestas"},"content":{"rendered":"<ul>\n<li class=\" cmAlignjustify\"><strong>Los foros de participaci\u00f3n de infancia, adolescencia y juventud buscan promover la participaci\u00f3n activa de los menores<\/strong> <strong>en las decisiones municipales que les afectan.<\/strong><\/li>\n<\/ul>\n<ul>\n<li class=\" cmAlignjustify\"><strong>Los participantes reflexionar\u00e1n acerca de la realidad del municipio, recogiendo sus inquietudes, preocupaciones y propuestas de mejora.<\/strong><\/li>\n<\/ul>\n<p class=\"cmParagraph cmAlignjustify\"><img loading=\"lazy\" decoding=\"async\" src=\"https:\/\/www.europesays.com\/es\/wp-content\/uploads\/2025\/10\/1392509-destacada Coloquio sobre Ciberseguridad con alumnos del IES Juan Gris (3) copia.jpg\" width=\"400\" height=\"225\" alt=\"destacada Coloquio sobre Ciberseguridad con alumnos del IES Juan Gris (3) copia\"\/>El Ayuntamiento de M\u00f3stoles, a trav\u00e9s de la Concejal\u00eda de Juventud, Familia, Igualdad y Cooperaci\u00f3n, inicia este mes de octubre los foros de participaci\u00f3n de infancia, adolescencia y juventud del nuevo mandato 2025-2027. <\/p>\n<p class=\"cmParagraph cmAlignjustify\">En este curso, se constituir\u00e1n el foro de participaci\u00f3n de infancia, de 8 a 12 a\u00f1os, y el foro de participaci\u00f3n de adolescencia y juventud, de 13 a 17 a\u00f1os. En ellos, los participantes reflexionar\u00e1n acerca de la realidad del municipio, recogiendo sus inquietudes, preocupaciones y propuestas de mejora. <\/p>\n<p class=\"cmParagraph cmAlignjustify\">Tambi\u00e9n realizar\u00e1n talleres sobre los derechos de la infancia y la adolescencia, c\u00f3mo presentar sus ideas con confianza y claridad, liderazgo, comunicaci\u00f3n asertiva, lenguaje no verbal, creatividad y trabajo en equipo, entre otros.  <\/p>\n<p class=\"cmParagraph cmAlignjustify\">Los participantes podr\u00e1n conversar sobre los temas que les interesen o preocupen, con el objetivo de desarrollar el di\u00e1logo cr\u00edtico y constructivo y la escucha activa. <\/p>\n<p class=\"cmParagraph cmAlignjustify\">Las sesiones de ambos foros se realizar\u00e1n quincenalmente durante el curso escolar, de lunes a jueves en horario de 17:30 h a 19:00 h en el Centro de Juventud y de Infancia Pablo R\u00e1ez Mart\u00ednez, ubicado en la calle Pintor Ribera, 15. <\/p>\n<p class=\"cmParagraph cmAlignjustify\">Asimismo, a lo largo del curso se organizar\u00e1n tambi\u00e9n diferentes eventos como exposiciones de sus creaciones y propuestas, as\u00ed como excursiones grupales (gymkhanas, actividades al aire libre y encuentros con otros municipios). <\/p>\n<p class=\"cmParagraph cmAlignjustify\">Estos foros desarrollan un conjunto de actuaciones que promueven la participaci\u00f3n activa de los ni\u00f1os, adolescentes y j\u00f3venes en la actividad municipal. En ellos, los participantes aprenden sobre el desarrollo de habilidades para expresar democr\u00e1ticamente sus intereses y necesidades en un espacio com\u00fan de referencia donde pueden ejercer sus derechos. <\/p>\n<p class=\"cmParagraph cmAlignjustify\">El Plan de Infancia y Adolescencia del Ayuntamiento de M\u00f3stoles busca promover la participaci\u00f3n activa de los ni\u00f1os y adolescentes en las decisiones que les afectan, asumiendo el compromiso recogido en el art\u00edculo 12 de la Convenci\u00f3n de Derechos del Ni\u00f1o (ONU, 1989) para garantizar la participaci\u00f3n infantil y adolescente.<\/p>\n","protected":false},"excerpt":{"rendered":"Los foros de participaci\u00f3n de infancia, adolescencia y juventud buscan promover la participaci\u00f3n activa de los menores en&hellip;\n","protected":false},"author":2,"featured_media":154739,"comment_status":"","ping_status":"","sticky":false,"template":"","format":"standard","meta":{"footnotes":""},"categories":[5],"tags":[1201,6853,1250,17,18,6854,777,2800,5509,25,24,13,14,11,6852,1928,6850,19,20,6849,9,10,15,16,4111,6851,23,12,21,22,6855],"class_list":{"0":"post-154738","1":"post","2":"type-post","3":"status-publish","4":"format-standard","5":"has-post-thumbnail","7":"category-titulares","8":"tag-alcalde","9":"tag-atencioacuten-ciudadana","10":"tag-ayuntamiento","11":"tag-breaking-news","12":"tag-breakingnews","13":"tag-callejero","14":"tag-ciudad","15":"tag-distritos","16":"tag-empleo","17":"tag-es","18":"tag-espana","19":"tag-featured-news","20":"tag-featurednews","21":"tag-headlines","22":"tag-inversioacuten","23":"tag-joven","24":"tag-juventud","25":"tag-latest-news","26":"tag-latestnews","27":"tag-moacutestoles","28":"tag-news","29":"tag-noticias","30":"tag-noticias-destacadas","31":"tag-noticiasdestacadas","32":"tag-presupuestos","33":"tag-sede-electroacutenica","34":"tag-spain","35":"tag-titulares","36":"tag-ultimas-noticias","37":"tag-ultimasnoticias","38":"tag-webs-municipales"},"share_on_mastodon":{"url":"","error":""},"_links":{"self":[{"href":"https:\/\/www.europesays.com\/es\/wp-json\/wp\/v2\/posts\/154738","targetHints":{"allow":["GET"]}}],"collection":[{"href":"https:\/\/www.europesays.com\/es\/wp-json\/wp\/v2\/posts"}],"about":[{"href":"https:\/\/www.europesays.com\/es\/wp-json\/wp\/v2\/types\/post"}],"author":[{"embeddable":true,"href":"https:\/\/www.europesays.com\/es\/wp-json\/wp\/v2\/users\/2"}],"replies":[{"embeddable":true,"href":"https:\/\/www.europesays.com\/es\/wp-json\/wp\/v2\/comments?post=154738"}],"version-history":[{"count":0,"href":"https:\/\/www.europesays.com\/es\/wp-json\/wp\/v2\/posts\/154738\/revisions"}],"wp:featuredmedia":[{"embeddable":true,"href":"https:\/\/www.europesays.com\/es\/wp-json\/wp\/v2\/media\/154739"}],"wp:attachment":[{"href":"https:\/\/www.europesays.com\/es\/wp-json\/wp\/v2\/media?parent=154738"}],"wp:term":[{"taxonomy":"category","embeddable":true,"href":"https:\/\/www.europesays.com\/es\/wp-json\/wp\/v2\/categories?post=154738"},{"taxonomy":"post_tag","embeddable":true,"href":"https:\/\/www.europesays.com\/es\/wp-json\/wp\/v2\/tags?post=154738"}],"curies":[{"name":"wp","href":"https:\/\/api.w.org\/{rel}","templated":true}]}}