{"id":154742,"date":"2025-10-03T11:00:22","date_gmt":"2025-10-03T11:00:22","guid":{"rendered":"https:\/\/www.europesays.com\/es\/154742\/"},"modified":"2025-10-03T11:00:22","modified_gmt":"2025-10-03T11:00:22","slug":"el-ayamontino-carlos-tirado-competira-en-la-gran-final-de-la-liga-nacional-de-novilladas","status":"publish","type":"post","link":"https:\/\/www.europesays.com\/es\/154742\/","title":{"rendered":"El ayamontino Carlos Tirado competir\u00e1 en la gran final de la Liga Nacional de Novilladas"},"content":{"rendered":"<p data-start=\"270\" data-end=\"605\">El novillero ayamontino Carlos Tirado ha sido anunciado como uno de los finalistas de la Liga Nacional de Novilladas. La Junta de Andaluc\u00eda y la Fundaci\u00f3n Toro de Lidia han presentado este viernes el cartel oficial de la gran final, que tendr\u00e1 lugar el pr\u00f3ximo 19 de octubre en Sanl\u00facar de Barrameda.<\/p>\n<p data-start=\"607\" data-end=\"974\">Tirado se ha ganado su puesto tras destacar en el Circuito de Novilladas de Andaluc\u00eda, donde logr\u00f3 triunfos que le han permitido situarse entre los nombres m\u00e1s prometedores del escalaf\u00f3n. Su presencia en esta cita nacional lo convierte en el representante de toda la comunidad andaluza en un festejo que re\u00fane a los j\u00f3venes valores m\u00e1s destacados de la tauromaquia.<\/p>\n<p data-start=\"976\" data-end=\"1150\">El Ayuntamiento de Ayamonte ha mostrado su respaldo al novillero y le ha deseado suerte en esta final, subrayando que su trayectoria es motivo de orgullo para la localidad.<\/p>\n","protected":false},"excerpt":{"rendered":"El novillero ayamontino Carlos Tirado ha sido anunciado como uno de los finalistas de la Liga Nacional de&hellip;\n","protected":false},"author":2,"featured_media":154743,"comment_status":"","ping_status":"","sticky":false,"template":"","format":"standard","meta":{"footnotes":""},"categories":[277],"tags":[373,168,25,24,23,167,374,444],"class_list":{"0":"post-154742","1":"post","2":"type-post","3":"status-publish","4":"format-standard","5":"has-post-thumbnail","7":"category-toreo","8":"tag-bullfighting","9":"tag-deportes","10":"tag-es","11":"tag-espana","12":"tag-spain","13":"tag-sports","14":"tag-toreo","15":"tag-toros"},"share_on_mastodon":{"url":"","error":""},"_links":{"self":[{"href":"https:\/\/www.europesays.com\/es\/wp-json\/wp\/v2\/posts\/154742","targetHints":{"allow":["GET"]}}],"collection":[{"href":"https:\/\/www.europesays.com\/es\/wp-json\/wp\/v2\/posts"}],"about":[{"href":"https:\/\/www.europesays.com\/es\/wp-json\/wp\/v2\/types\/post"}],"author":[{"embeddable":true,"href":"https:\/\/www.europesays.com\/es\/wp-json\/wp\/v2\/users\/2"}],"replies":[{"embeddable":true,"href":"https:\/\/www.europesays.com\/es\/wp-json\/wp\/v2\/comments?post=154742"}],"version-history":[{"count":0,"href":"https:\/\/www.europesays.com\/es\/wp-json\/wp\/v2\/posts\/154742\/revisions"}],"wp:featuredmedia":[{"embeddable":true,"href":"https:\/\/www.europesays.com\/es\/wp-json\/wp\/v2\/media\/154743"}],"wp:attachment":[{"href":"https:\/\/www.europesays.com\/es\/wp-json\/wp\/v2\/media?parent=154742"}],"wp:term":[{"taxonomy":"category","embeddable":true,"href":"https:\/\/www.europesays.com\/es\/wp-json\/wp\/v2\/categories?post=154742"},{"taxonomy":"post_tag","embeddable":true,"href":"https:\/\/www.europesays.com\/es\/wp-json\/wp\/v2\/tags?post=154742"}],"curies":[{"name":"wp","href":"https:\/\/api.w.org\/{rel}","templated":true}]}}