{"id":154744,"date":"2025-10-03T11:04:27","date_gmt":"2025-10-03T11:04:27","guid":{"rendered":"https:\/\/www.europesays.com\/es\/154744\/"},"modified":"2025-10-03T11:04:27","modified_gmt":"2025-10-03T11:04:27","slug":"con-su-nuevo-casco-vingegaard-queda-localizado-en-el-peloton","status":"publish","type":"post","link":"https:\/\/www.europesays.com\/es\/154744\/","title":{"rendered":"Con su nuevo casco Vingegaard queda localizado en el pelot\u00f3n\u00a0"},"content":{"rendered":"<p>\t\t\t\t\t\t\t\t\t\t\t\t\t\t<a href=\"https:\/\/www.dtswiss.com\/es\" rel=\"nofollow noopener\" target=\"_blank\"><img loading=\"lazy\" decoding=\"async\" class=\"aligncenter wp-image-65007 size-full\" src=\"data:image\/svg+xml,%3Csvg%20xmlns=\" http:=\"\" alt=\"\" width=\"1024\" height=\"140\" data-lazy- data-lazy- data-lazy-src=\"https:\/\/www.europesays.com\/es\/wp-content\/uploads\/2025\/08\/joanseguidor-1024x140px-es-erc1100.png\"\/><\/a><br \/>\nLas eses de Kiko Galv\u00e1n en ese v\u00eddeo no se pueden entender<\/p>\n<p data-start=\"175\" data-end=\"414\">En el ciclismo profesional estamos acostumbrados a ver gestas en carrera, alg\u00fan que otro exceso en redes y, de vez en cuando, situaciones que hacen torcer el gesto. Lo de Kiko Galv\u00e1n en la Arrabassada entra de lleno en este \u00faltimo grupo.<\/p>\n<p data-start=\"416\" data-end=\"807\">El ciclista del Kern Pharma ha sido grabado haciendo el cabra en una de las carreteras que baja del Tibidabo a la ciudad de Barcleona.<\/p>\n<p data-start=\"416\" data-end=\"807\">Nada menos que <strong>saltando el separador de carriles y meti\u00e9ndose en el sentido contrario<\/strong>, en un tramo famoso por la cantidad de accidentes que acumula.<\/p>\n<p><a class=\"wppaslink\" href=\"https:\/\/joanseguidor.com\/pas\/ccmm-valenciana\/44016\/0\" target=\"_blank\" rel=\"nofollow noopener\"><img decoding=\"async\" src=\"data:image\/svg+xml,%3Csvg%20xmlns=\" http:=\"\" alt=\"CCMM Valenciana\" border=\"0\" data-lazy-src=\"https:\/\/www.europesays.com\/es\/wp-content\/uploads\/2025\/10\/1759489466_829_tl-joanseguidorcom-1024x140-1.png\"\/><\/a><\/p>\n<p data-start=\"416\" data-end=\"807\">Una escena digna de un reel de Instagram, pero que dice muy poco de alguien que lleva el maillot de un equipo profesional.<\/p>\n<p data-start=\"809\" data-end=\"1289\">La reacci\u00f3n de Kern Pharma no se hizo esperar, estuvieron r\u00e1pidos, en un a\u00f1o en el que <a href=\"https:\/\/joanseguidor.com\/equipos-invitados-a-la-vuelta-la-ano-a-kern-pharma-podria-ser-irreparable\/\" target=\"_blank\" rel=\"noopener nofollow\">la no presencia en la Vuelta a Espa\u00f1a<\/a> ha pesado en el \u00e1nimo del equipo y el patrocinador.<\/p>\n<p data-start=\"809\" data-end=\"1289\">Primero, un comentario en redes pidiendo disculpas.<\/p>\n<p data-start=\"809\" data-end=\"1289\">Despu\u00e9s, un comunicado m\u00e1s elaborado, con la f\u00f3rmula habitual: \u201cindignaci\u00f3n\u201d, \u201cno refleja los valores del equipo\u201d, \u201casumimos nuestra responsabilidad\u201d y el comod\u00edn: \u201cmedidas disciplinarias\u201d.<\/p>\n<p data-start=\"809\" data-end=\"1289\">Palabras que suenan a protocolo, m\u00e1s que a verdadera sorpresa.<\/p>\n<p data-start=\"809\" data-end=\"1289\">Porque, seamos serios, estas cosas no se improvisan, se entrenan.<\/p>\n<p data-start=\"809\" data-end=\"1289\">Y Galv\u00e1n sab\u00eda perfectamente qu\u00e9 estaba haciendo.<\/p>\n<p data-start=\"1291\" data-end=\"1695\">Con 27 a\u00f1os, contrato hasta 2026, Kiko Galv\u00e1n ha corrido una Vuelta y ha firmado puestos de honor.<\/p>\n<p data-start=\"1291\" data-end=\"1695\">Al margen de lo deportivo, con este v\u00eddeo, su credibilidad ha ca\u00eddo a m\u00ednimos, no hablamos de un chaval de juveniles probando l\u00edmites: <strong>hablamos de un profesional que deber\u00eda ser ejemplo -eso dice el manual-, dentro y fuera de la competici\u00f3n<\/strong>.<\/p>\n<p data-start=\"1291\" data-end=\"1695\"><a href=\"https:\/\/www.turismodecastellon.com\/es\/que-hacer\/rutaCicloturismo\" rel=\"nofollow noopener\" target=\"_blank\"><img loading=\"lazy\" decoding=\"async\" class=\"aligncenter wp-image-66569 size-medium\" src=\"data:image\/svg+xml,%3Csvg%20xmlns=\" http:=\"\" alt=\"\" width=\"300\" height=\"293\" data-lazy- data-lazy- data-lazy-src=\"https:\/\/www.europesays.com\/es\/wp-content\/uploads\/2025\/09\/bn-castellon-cycling-1024x1000-3-300x293.gif\"\/><\/a><\/p>\n<p data-start=\"1697\" data-end=\"2023\">El problema es mayor de lo que parece.<\/p>\n<p data-start=\"1697\" data-end=\"2023\">El ciclismo vive permanentemente bajo la lupa de la seguridad vial.<\/p>\n<p data-start=\"1697\" data-end=\"2023\"><strong>Se denuncia \u2014con raz\u00f3n\u2014 el acoso y la falta de respeto de los coches hacia los ciclistas<\/strong>.<\/p>\n<p data-start=\"1697\" data-end=\"2023\">Y luego aparece uno del pelot\u00f3n profesional salt\u00e1ndose las normas con una alegr\u00eda que asusta. \u00bfQu\u00e9 mensaje queda para el resto?<\/p>\n<p data-start=\"2025\" data-end=\"2198\">Kiko Galv\u00e1n se ha buscado un marr\u00f3n monumental.<\/p>\n<p data-start=\"2025\" data-end=\"2198\">Y lo peor: no por hacerlo en carrera, sino por una irresponsabilidad gratuita que, m\u00e1s que rebeld\u00eda, transmite torpeza.<\/p>\n<p data-start=\"2025\" data-end=\"2198\"><img loading=\"lazy\" decoding=\"async\" class=\"aligncenter\" src=\"data:image\/svg+xml,%3Csvg%20xmlns=\" http:=\"\" alt=\"\" width=\"1024\" height=\"400\" data-lazy-src=\"https:\/\/www.europesays.com\/es\/wp-content\/uploads\/2025\/07\/1753913949_219_1024x400-cicloturisme-joanseguidor.jpg\"\/><\/p>\n","protected":false},"excerpt":{"rendered":"Las eses de Kiko Galv\u00e1n en ese v\u00eddeo no se pueden entender En el ciclismo profesional estamos acostumbrados&hellip;\n","protected":false},"author":2,"featured_media":154745,"comment_status":"","ping_status":"","sticky":false,"template":"","format":"standard","meta":{"footnotes":""},"categories":[273],"tags":[313,312,168,25,24,2548,2945,46486,23,167],"class_list":{"0":"post-154744","1":"post","2":"type-post","3":"status-publish","4":"format-standard","5":"has-post-thumbnail","7":"category-ciclismo","8":"tag-ciclismo","9":"tag-cycling","10":"tag-deportes","11":"tag-es","12":"tag-espana","13":"tag-featured","14":"tag-jonas-vingegaard","15":"tag-parisniza","16":"tag-spain","17":"tag-sports"},"share_on_mastodon":{"url":"","error":""},"_links":{"self":[{"href":"https:\/\/www.europesays.com\/es\/wp-json\/wp\/v2\/posts\/154744","targetHints":{"allow":["GET"]}}],"collection":[{"href":"https:\/\/www.europesays.com\/es\/wp-json\/wp\/v2\/posts"}],"about":[{"href":"https:\/\/www.europesays.com\/es\/wp-json\/wp\/v2\/types\/post"}],"author":[{"embeddable":true,"href":"https:\/\/www.europesays.com\/es\/wp-json\/wp\/v2\/users\/2"}],"replies":[{"embeddable":true,"href":"https:\/\/www.europesays.com\/es\/wp-json\/wp\/v2\/comments?post=154744"}],"version-history":[{"count":0,"href":"https:\/\/www.europesays.com\/es\/wp-json\/wp\/v2\/posts\/154744\/revisions"}],"wp:featuredmedia":[{"embeddable":true,"href":"https:\/\/www.europesays.com\/es\/wp-json\/wp\/v2\/media\/154745"}],"wp:attachment":[{"href":"https:\/\/www.europesays.com\/es\/wp-json\/wp\/v2\/media?parent=154744"}],"wp:term":[{"taxonomy":"category","embeddable":true,"href":"https:\/\/www.europesays.com\/es\/wp-json\/wp\/v2\/categories?post=154744"},{"taxonomy":"post_tag","embeddable":true,"href":"https:\/\/www.europesays.com\/es\/wp-json\/wp\/v2\/tags?post=154744"}],"curies":[{"name":"wp","href":"https:\/\/api.w.org\/{rel}","templated":true}]}}