{"id":154760,"date":"2025-10-03T11:13:18","date_gmt":"2025-10-03T11:13:18","guid":{"rendered":"https:\/\/www.europesays.com\/es\/154760\/"},"modified":"2025-10-03T11:13:18","modified_gmt":"2025-10-03T11:13:18","slug":"nicole-kidman-deslumbra-en-un-atrapante-drama-historico-que-tiene-netflix","status":"publish","type":"post","link":"https:\/\/www.europesays.com\/es\/154760\/","title":{"rendered":"Nicole Kidman deslumbra en un atrapante drama hist\u00f3rico que tiene Netflix"},"content":{"rendered":"<p class=\"left paragraph font__body-regular\"><b>Nicole Kidman <\/b>es la reina Gudr\u00fan<b> <\/b>en un <a href=\"https:\/\/www.ciudad.com.ar\/cine-y-series\/2025\/09\/14\/como-sera-la-serie-de-netflix-que-pretende-destronar-a-los-bridgerton-y-the-crown\/\" target=\"_self\" rel=\"nofollow noopener\" title=\"https:\/\/www.ciudad.com.ar\/cine-y-series\/2025\/09\/14\/como-sera-la-serie-de-netflix-que-pretende-destronar-a-los-bridgerton-y-the-crown\/\">drama hist\u00f3rico<\/a> de 2022 dirigido por <b>Robert Eggers <\/b>que se mete de lleno en la mitolog\u00eda vikinga y est\u00e1 disponible en <a href=\"https:\/\/www.ciudad.com.ar\/cine-y-series\/2025\/09\/19\/llega-a-netflix-el-thriller-de-ciencia-ficcion-de-los-creadores-de-la-casa-de-papel-y-con-una-figura-argentina\/\" target=\"_self\" rel=\"nofollow noopener\" title=\"https:\/\/www.ciudad.com.ar\/cine-y-series\/2025\/09\/19\/llega-a-netflix-el-thriller-de-ciencia-ficcion-de-los-creadores-de-la-casa-de-papel-y-con-una-figura-argentina\/\"><b>Netflix<\/b><\/a>.<\/p>\n<p class=\"left paragraph font__body-regular\">Se trata de <b>El hombre del norte (<\/b><b>The Northman<\/b><b>)<\/b>, pel\u00edcula que sigue la historia sigue al pr\u00edncipe <b>Amleth (Alexander Skarsg\u00e5rd)<\/b>, quien presenci\u00f3 el asesinato de su padre \u2014el rey <b>Aurvandil War Raven (Ethan Hawke)<\/b>\u2014 a manos de su malvado t\u00edo <b>Fj\u00f6lnir (Claes Bang)<\/b>, quien tambi\u00e9n secuestra a su madre, la reina Gudr\u00fan. <\/p>\n<p class=\"interstitial interstitial--link\">\/\/ <a class=\"text_align_left italic bold\" href=\"https:\/\/www.ciudad.com.ar\/cine-y-series\/2025\/09\/14\/como-sera-la-serie-de-netflix-que-pretende-destronar-a-los-bridgerton-y-the-crown\/\" rel=\"nofollow noopener\" target=\"_blank\">C\u00f3mo ser\u00e1 la serie de Netflix que pretende destronar a \u2018Los Bridgerton\u2019 y \u2018The Crown\u2019<\/a><\/p>\n<p class=\"paragraph font__body-regular\">Tras escapar de ni\u00f1o, Amleth crece y se convierte en guerrero con un \u00fanico prop\u00f3sito: vengar la muerte de su padre, rescatar a su madre y ajusticiar a Fj\u00f6lnir.<\/p>\n<p class=\"left paragraph font__body-regular\">La pel\u00edcula alterna <b>momentos casi rituales, escenas de gran violencia f\u00edsica y pasajes introspectivos<\/b>. <\/p>\n<p class=\"paragraph font__body-regular\">La atm\u00f3sfera vikinga se construye con sangrientas batallas, rituales paganos y un paisaje austero que parece vivo: naturaleza salvaje, climas extremos y paisajes islandeses que refuerzan el clima \u00e9pico. <\/p>\n<p class=\"paragraph font__body-regular\">Aunque la venganza es el motor narrativo, la historia tambi\u00e9n explora temas como el destino, la traici\u00f3n, el peso de las tradiciones y el dolor.<\/p>\n<p><img decoding=\"async\" loading=\"lazy\" fetchpriority=\"low\" data-testid=\"loading-testid\" class=\"image content-image image_placeholder\" alt=\"Dramas hist\u00f3ricos, relatos de venganza y personajes atormentados en El hombre del norte.\" width=\"767\" height=\"422\" src=\"https:\/\/www.europesays.com\/es\/wp-content\/uploads\/2025\/10\/dramas-historicos-relatos-de-venganza-y-personajes-atormentados-en-el-hombre-del-norte-7IYAXE74HVE53.jpeg\"\/><\/p>\n<p>Dramas hist\u00f3ricos, relatos de venganza y personajes atormentados en El hombre del norte.<\/p>\n<p class=\"paragraph font__body-regular\">Eggers mantiene su estilo caracter\u00edstico: lento en los comienzos, contemplativo, cargado de simbolismo, y luego avanza hacia la intensidad brutal sin perder la elegancia visual ni la carga emocional.<\/p>\n<p class=\"paragraph font__body-regular\">No es una pel\u00edcula dirigida al espectador que busca solo acci\u00f3n: exige atenci\u00f3n, plantea violencia expl\u00edcita (con escenas fuertes), tiempos narrativos que respiran y un car\u00e1cter po\u00e9tico que no todos los dramas \u00e9picos logran.<\/p>\n<p>\u00bfQui\u00e9nes act\u00faan?<\/p>\n<p class=\"left paragraph font__body-regular\">Kidman interpreta a la reina Gudr\u00fan, madre de Amleth, <b>un personaje complejo <\/b>que pasa de la aparente resignaci\u00f3n al momento de confrontar la traici\u00f3n familiar. <\/p>\n<p class=\"paragraph font__body-regular\">Su papel puede parecer secundario al inicio, pero su presencia emocional crece hacia el final con un mon\u00f3logo memorable que revela ambig\u00fcedad y heridas profundas.<\/p>\n<p class=\"left paragraph font__body-regular\">El elenco principal lo completan Skarsg\u00e5rd como Amleth adulto, Bang como el malvado t\u00edo Fj\u00f6lnir, Hawke como el rey asesinado (padre de Amleth), <a href=\"https:\/\/www.ciudad.com.ar\/cine-y-series\/2024\/05\/08\/anya-taylor-joy-me-encantaria-hacer-una-pelicula-argentina\/\" target=\"_self\" rel=\"nofollow noopener\" title=\"https:\/\/www.ciudad.com.ar\/cine-y-series\/2024\/05\/08\/anya-taylor-joy-me-encantaria-hacer-una-pelicula-argentina\/\"><b>Anya Taylor-Joy<\/b><\/a><b> <\/b>como Olga de la Selva de Abedules \u2014aliada inesperada y contrapunto humano en la odisea del protagonista\u2014,<b>Willem Dafoe <\/b>como Heimir el buf\u00f3n, adem\u00e1s de <b>Bj\u00f6rk <\/b>interpretando a una vidente y <b>Gustav Lindh<\/b>, entre otros.<\/p>\n<p><img decoding=\"async\" loading=\"lazy\" fetchpriority=\"low\" data-testid=\"loading-testid\" class=\"image content-image image_placeholder\" alt=\"El director Eggers se propuso elevar el g\u00e9nero \u00e9pico al mezclar brutalidad con simbolismo.\" width=\"767\" height=\"406\" src=\"https:\/\/www.europesays.com\/es\/wp-content\/uploads\/2025\/10\/el-director-eggers-se-propuso-elevar-el-genero-epico-al-mezclar-brutalidad-con-simbolismo-GXNVVSRXWF.jpeg\"\/><\/p>\n<p>El director Eggers se propuso elevar el g\u00e9nero \u00e9pico al mezclar brutalidad con simbolismo.<\/p>\n<p>Violencia, belleza visual y mito<\/p>\n<p class=\"left paragraph font__body-regular\">El director Eggers se propuso elevar el g\u00e9nero \u00e9pico al mezclar brutalidad con simbolismo. <b>The Northman<\/b><b> es violenta y tambi\u00e9n es visualmente impresionante<\/b>: la fotograf\u00eda, los paisajes, los rituales vikingos conforman un film con carga pesada.<\/p>\n<p class=\"paragraph font__body-regular\">Uno de los momentos m\u00e1s comentados es precisamente el mon\u00f3logo de la reina Gudr\u00fan, interpretado por Kidman, una escena en la que se rompe la base emocional contenida hasta ese punto para revelar una verdad dolorosa.<\/p>\n<p class=\"interstitial interstitial--link\">\/\/ <a class=\"text_align_left italic bold\" href=\"https:\/\/www.ciudad.com.ar\/cine-y-series\/2025\/09\/13\/una-apocaliptica-serie-de-6-capitulos-causa-impacto-en-netflix\/\" rel=\"nofollow noopener\" target=\"_blank\">Una apocal\u00edptica serie de 6 cap\u00edtulos causa impacto en Netflix<\/a><\/p>\n<p>\u00bfPor qu\u00e9 verla?<\/p>\n<p class=\"left paragraph font__body-regular\">Porque El hombre del norte conjuga lo mejor de varios mundos: la \u00e9pica brutal de la mitolog\u00eda vikinga; la poes\u00eda visceral del cineasta; un reparto encabezado por actores de primer nivel; y una historia de venganza que va m\u00e1s all\u00e1 del simple ajuste de cuentas.<\/p>\n<p class=\"left paragraph font__body-regular\">Si te gustan los dramas hist\u00f3ricos, los relatos de venganza, los personajes atormentados y las pel\u00edculas que no bajan la guardia con la sangre ni con el mito, <b>The Northman es imperdible<\/b>.<\/p>\n","protected":false},"excerpt":{"rendered":"Nicole Kidman es la reina Gudr\u00fan en un drama hist\u00f3rico de 2022 dirigido por Robert Eggers que se&hellip;\n","protected":false},"author":2,"featured_media":154761,"comment_status":"","ping_status":"","sticky":false,"template":"","format":"standard","meta":{"footnotes":""},"categories":[169],"tags":[177,146,147,25,24,176,175,152,8306,753,23],"class_list":{"0":"post-154760","1":"post","2":"type-post","3":"status-publish","4":"format-standard","5":"has-post-thumbnail","7":"category-cine","8":"tag-cine","9":"tag-entertainment","10":"tag-entretenimiento","11":"tag-es","12":"tag-espana","13":"tag-film","14":"tag-movies","15":"tag-netflix","16":"tag-nicole-kidman","17":"tag-peliculas","18":"tag-spain"},"share_on_mastodon":{"url":"","error":""},"_links":{"self":[{"href":"https:\/\/www.europesays.com\/es\/wp-json\/wp\/v2\/posts\/154760","targetHints":{"allow":["GET"]}}],"collection":[{"href":"https:\/\/www.europesays.com\/es\/wp-json\/wp\/v2\/posts"}],"about":[{"href":"https:\/\/www.europesays.com\/es\/wp-json\/wp\/v2\/types\/post"}],"author":[{"embeddable":true,"href":"https:\/\/www.europesays.com\/es\/wp-json\/wp\/v2\/users\/2"}],"replies":[{"embeddable":true,"href":"https:\/\/www.europesays.com\/es\/wp-json\/wp\/v2\/comments?post=154760"}],"version-history":[{"count":0,"href":"https:\/\/www.europesays.com\/es\/wp-json\/wp\/v2\/posts\/154760\/revisions"}],"wp:featuredmedia":[{"embeddable":true,"href":"https:\/\/www.europesays.com\/es\/wp-json\/wp\/v2\/media\/154761"}],"wp:attachment":[{"href":"https:\/\/www.europesays.com\/es\/wp-json\/wp\/v2\/media?parent=154760"}],"wp:term":[{"taxonomy":"category","embeddable":true,"href":"https:\/\/www.europesays.com\/es\/wp-json\/wp\/v2\/categories?post=154760"},{"taxonomy":"post_tag","embeddable":true,"href":"https:\/\/www.europesays.com\/es\/wp-json\/wp\/v2\/tags?post=154760"}],"curies":[{"name":"wp","href":"https:\/\/api.w.org\/{rel}","templated":true}]}}