{"id":154764,"date":"2025-10-03T11:15:08","date_gmt":"2025-10-03T11:15:08","guid":{"rendered":"https:\/\/www.europesays.com\/es\/154764\/"},"modified":"2025-10-03T11:15:08","modified_gmt":"2025-10-03T11:15:08","slug":"factor-humano-en-la-sst-eje-de-una-jornada-en-sevilla-con-ponente-de-fraternidad-muprespa","status":"publish","type":"post","link":"https:\/\/www.europesays.com\/es\/154764\/","title":{"rendered":"Factor humano en la SST, eje de una jornada en Sevilla con ponente de Fraternidad-Muprespa"},"content":{"rendered":"<p>El Centro de <a href=\"https:\/\/www.fraternidad.com\/es-ES\/prevencion-de-riesgos-laborales\" class=\"use-ajax dictionary-word\" data-dialog-type=\"modal\" rel=\"nofollow noopener\" target=\"_blank\">Prevenci\u00f3n de Riesgos Laborales<\/a> de Sevilla organiz\u00f3 esta jornada destinada a abordar los riesgos emergentes asociados al uso de las tecnolog\u00edas de la comunicaci\u00f3n y su impacto en la seguridad y la <a href=\"https:\/\/www.fraternidad.com\/es-ES\/salud-laboral\" class=\"use-ajax dictionary-word\" data-dialog-type=\"modal\" rel=\"nofollow noopener\" target=\"_blank\">salud laboral<\/a>.<\/p>\n<p><strong>Iv\u00e1n Fern\u00e1ndez<\/strong>, doctor en PRL y Consultor de Prevenci\u00f3n de <a href=\"https:\/\/www.fraternidad.com\/es-ES\/fraternidad-muprespa\" class=\"use-ajax dictionary-word\" data-dialog-type=\"modal\" rel=\"nofollow noopener\" target=\"_blank\">Fraternidad-Muprespa<\/a> fue el ponente \u00fanico en dicho encuentro, que cont\u00f3 con la presencia de 140 personas ante las que present\u00f3 su ponencia \u201c<strong>Gesti\u00f3n de comportamientos en PRL\u201d<\/strong>. <\/p>\n<p>Durante la intervenci\u00f3n Fern\u00e1ndez profundiz\u00f3 en fen\u00f3menos actuales como el <strong>vamping <\/strong><strong>(recurrir a dispositivos electr\u00f3nicos justo antes de dormir)<\/strong>, el <strong>phubbing <\/strong><strong>(<\/strong>ignorar a quienes se tiene alrededor por prestar m\u00e1s atenci\u00f3n al dispositivo electr\u00f3nico<strong>)<\/strong>, la <strong>nomofobia<\/strong> (ansiedad o irritaci\u00f3n por no disponer del m\u00f3vil o no poder usarlo) o el <strong>FOMO\/JOMO <\/strong><strong>(ansiedad por no poder estar conectado o tener la sensaci\u00f3n de estar perdi\u00e9ndose cosas)<\/strong> as\u00ed como en los comportamientos compensatorios vinculados al uso excesivo de pantallas: alimentaci\u00f3n por ansiedad, compras impulsivas o el \u201cscroll infinito\u201d. Tambi\u00e9n destac\u00f3 la relaci\u00f3n de estos h\u00e1bitos con la salud mental, el absentismo encubierto, las adicciones y los accidentes laborales.<\/p>\n<p>El ponente plante\u00f3 los <strong>desaf\u00edos emergentes para la seguridad y salud en el trabajo<\/strong>, subrayando la importancia de poner el foco en las personas y vincul\u00f3 sus aportaciones a nuevas l\u00edneas de investigaci\u00f3n en riesgos psicosociales, incluyendo el estudio del \u201cT<strong>ecnoestr\u00e9s en t\u00e9cnicos de prevenci\u00f3n de riesgos laborales\u201d<\/strong>.<\/p>\n<p>La jornada puso de relieve la necesidad de una mirada integral hacia la prevenci\u00f3n, que contemple tanto los riesgos tradicionales como los derivados de la digitalizaci\u00f3n y la gesti\u00f3n de la salud mental en el \u00e1mbito laboral.<\/p>\n","protected":false},"excerpt":{"rendered":"El Centro de Prevenci\u00f3n de Riesgos Laborales de Sevilla organiz\u00f3 esta jornada destinada a abordar los riesgos emergentes&hellip;\n","protected":false},"author":2,"featured_media":154765,"comment_status":"","ping_status":"","sticky":false,"template":"","format":"standard","meta":{"footnotes":""},"categories":[92],"tags":[31860,15691,25,24,31862,31861,165,31863,31855,31859,31854,31858,31856,31864,31857,166,23],"class_list":{"0":"post-154764","1":"post","2":"type-post","3":"status-publish","4":"format-standard","5":"has-post-thumbnail","7":"category-salud","8":"tag-accidente-trabajo","9":"tag-accidentes-laborales","10":"tag-es","11":"tag-espana","12":"tag-fraternidad","13":"tag-fraternidad-muprespa","14":"tag-health","15":"tag-muprespa","16":"tag-mutua","17":"tag-mutua-accidentes-laborales","18":"tag-mutua-de-accidentes","19":"tag-mutua-de-accidentes-de-trabajo","20":"tag-mutuas","21":"tag-mutuas-colaboradoras-de-la-seguridad-social","22":"tag-mutuas-de-accidentes","23":"tag-salud","24":"tag-spain"},"share_on_mastodon":{"url":"","error":""},"_links":{"self":[{"href":"https:\/\/www.europesays.com\/es\/wp-json\/wp\/v2\/posts\/154764","targetHints":{"allow":["GET"]}}],"collection":[{"href":"https:\/\/www.europesays.com\/es\/wp-json\/wp\/v2\/posts"}],"about":[{"href":"https:\/\/www.europesays.com\/es\/wp-json\/wp\/v2\/types\/post"}],"author":[{"embeddable":true,"href":"https:\/\/www.europesays.com\/es\/wp-json\/wp\/v2\/users\/2"}],"replies":[{"embeddable":true,"href":"https:\/\/www.europesays.com\/es\/wp-json\/wp\/v2\/comments?post=154764"}],"version-history":[{"count":0,"href":"https:\/\/www.europesays.com\/es\/wp-json\/wp\/v2\/posts\/154764\/revisions"}],"wp:featuredmedia":[{"embeddable":true,"href":"https:\/\/www.europesays.com\/es\/wp-json\/wp\/v2\/media\/154765"}],"wp:attachment":[{"href":"https:\/\/www.europesays.com\/es\/wp-json\/wp\/v2\/media?parent=154764"}],"wp:term":[{"taxonomy":"category","embeddable":true,"href":"https:\/\/www.europesays.com\/es\/wp-json\/wp\/v2\/categories?post=154764"},{"taxonomy":"post_tag","embeddable":true,"href":"https:\/\/www.europesays.com\/es\/wp-json\/wp\/v2\/tags?post=154764"}],"curies":[{"name":"wp","href":"https:\/\/api.w.org\/{rel}","templated":true}]}}