{"id":154766,"date":"2025-10-03T11:16:09","date_gmt":"2025-10-03T11:16:09","guid":{"rendered":"https:\/\/www.europesays.com\/es\/154766\/"},"modified":"2025-10-03T11:16:09","modified_gmt":"2025-10-03T11:16:09","slug":"la-discreta-relacion-que-dura-ya-10-anos-y-manana-culmina-en-boda","status":"publish","type":"post","link":"https:\/\/www.europesays.com\/es\/154766\/","title":{"rendered":"la discreta relaci\u00f3n que dura ya 10 a\u00f1os y ma\u00f1ana culmina en boda"},"content":{"rendered":"<p data-journey-content=\"true\" data-node-id=\"2\" class=\"css-6wxqfj emevuu60\">La Casa de Alba se va de boda. Cayetano Mart\u00ednez de Irujo se casa en segundas nupcias con B\u00e1rbara Mirjan, con la que mantiene una relaci\u00f3n desde hace m\u00e1s de diez a\u00f1os. Recordemos que el hermano de Eugenia Mart\u00ednez de Irujo <strong data-node-id=\"2.1\">se dio por primera vez el &#8216;s\u00ed, quiero&#8217; junto a Genoveva Casanova con la que tiene dos hijos<\/strong>, los mellizos Luis y Amina de 24. El matrimonio dur\u00f3 tan solo dos a\u00f1os pero sabemos que en la actualidad tienen una excelente relaci\u00f3n y siempre han priorizado el bienestar de sus hijos.<\/p>\n<p data-journey-content=\"true\" data-node-id=\"3\" class=\"css-6wxqfj emevuu60\">El Duque de Arjona mantiene una discreta relaci\u00f3n con B\u00e1rbara Mirjan, 33 a\u00f1os menor, la que <strong data-node-id=\"3.1\">siempre ha demostrado ser el gran apoyo de Cayetano pero ha optado por llevar una vida alejada de los focos<\/strong>, algo en parte propiciado por el revuelo generado por la diferencia de edad cuando se conoci\u00f3 su relaci\u00f3n ya que ella tan solo ten\u00eda 19 a\u00f1os y \u00e9l 52. <\/p>\n<p data-journey-content=\"true\" data-node-id=\"4\" class=\"css-6wxqfj emevuu60\"><strong data-node-id=\"4.0\">De or\u00edgenes sirios, forma parte de la familia due\u00f1a de Alsultan Sweets en Espa\u00f1a, \u00abel aut\u00e9ntico dulce de Damasco\u00bb<\/strong>. Su padre es de ascendencia siria, aunque nacido en L\u00edbano, forma parte de la empresa familiar que se ha consolidado como una de las m\u00e1s importantes en el sector de nuestro pa\u00eds, y su madre es de ascendencia vasca. La futura mujer de Cayetano tiene amplios estudios internacionales, se licenci\u00f3 en Filolog\u00eda Francesa y Gesti\u00f3n de Empresas y desde 2024 es coordinadora de eventos para el medio digital OK Diario, aunque hace unos meses dej\u00f3 su trabajo para dedicarse a la organizaci\u00f3n de su boda. <\/p>\n<p><img draggable=\"true\" alt=\"jose miguel hernandez barral presents his book 'luis martinez de irujo. duke of alba'.\" title=\"Jose Miguel Hernandez Barral Presents His Book 'luis Martinez De Irujo. Duke Of Alba'.\" loading=\"lazy\" width=\"3577\" height=\"5544\" decoding=\"async\" data-nimg=\"1\" style=\"color:transparent;width:100%;height:auto;\"   src=\"https:\/\/www.europesays.com\/es\/wp-content\/uploads\/2025\/10\/cayetano-martinez-de-irujo-and-barbara-mirjan-during-the-news-photo-1759486703.pjpeg\" class=\"css-0 e1g79fud0\"\/><a target=\"_blank\" rel=\"noopener nofollow\" data-theme-key=\"base-link\" href=\"https:\/\/pinterest.com\/pin\/create\/button\/?url=https:\/\/www.elle.com\/es\/star-style\/el-estilo-de\/a68806340\/cayetano-martinez-irujo-barbara-mirjan-como-se-conocieron\/&amp;description=- ElleSpain&amp;media=https:\/\/hips.hearstapps.com\/hmg-prod\/images\/cayetano-martinez-de-irujo-and-barbara-mirjan-during-the-news-photo-1759486703.pjpeg?resize=1600:*\" class=\"pinterest css-on9hn5 e1c1bym14\"><img decoding=\"async\" data-dynamic-svg=\"true\" src=\"https:\/\/www.elle.com\/_assets\/design-tokens\/fre\/static\/icons\/social\/pinterest.e8cf655.svg?primary=%2523ffffff\" loading=\"lazy\" data-testid=\"dynamic-svg-base\" height=\"auto\" width=\"auto\" alt=\"pinterest\" class=\"css-4lml0h e1mlxuuw1\"\/><\/a><\/p>\n<p>Europa Press Entertainment\/\/Getty Images<\/p>\n<p>C\u00f3mo se conocieron Cayetano Mart\u00ednez de Irujo y B\u00e1rbara Mirjan<\/p>\n<p data-journey-content=\"true\" data-node-id=\"8\" class=\"css-6wxqfj emevuu60\">Cayetano Mart\u00ednez de Irujo y B\u00e1rbara Mirj\u00e1n <strong data-node-id=\"8.1\">se dar\u00e1n el &#8216;s\u00ed, quiero&#8217; ma\u00f1ana en la Iglesia del Cristo de los Gitanos<\/strong>, donde descansan las cenizas de la madre de \u00e9l, la que fuera Duquesa de Alba Cayetana Fitz-James Stuart. <\/p>\n<p data-journey-content=\"true\" data-node-id=\"9\" class=\"css-6wxqfj emevuu60\">Su primer encuentro tuvo lugar en el a\u00f1o 2015 durante una fiesta en Mabella pero no fue hasta un a\u00f1o m\u00e1s tarde que hicieron su primera aparici\u00f3n como pareja. En el a\u00f1o 2016 posaron juntos durante el  Concurso H\u00edpico Nacional de Saltos de Obst\u00e1culos en el campo de Tiro y Deportes de Salamanca y desde entonces no se han separado. <\/p>\n<p><img draggable=\"true\" alt=\"famous faces do not miss the procession of 'el baratillo' in seville\" title=\"Famous Faces Do Not Miss The Procession Of 'el Baratillo' In Seville\" loading=\"lazy\" width=\"2027\" height=\"3040\" decoding=\"async\" data-nimg=\"1\" style=\"color:transparent;width:100%;height:auto;\"   src=\"https:\/\/www.europesays.com\/es\/wp-content\/uploads\/2025\/10\/cayetano-martinez-de-irujo-and-barbara-mirjan-in-the-news-photo-1759486723.pjpeg\" class=\"css-0 e1g79fud0\"\/><a target=\"_blank\" rel=\"noopener nofollow\" data-theme-key=\"base-link\" href=\"https:\/\/pinterest.com\/pin\/create\/button\/?url=https:\/\/www.elle.com\/es\/star-style\/el-estilo-de\/a68806340\/cayetano-martinez-irujo-barbara-mirjan-como-se-conocieron\/&amp;description=- ElleSpain&amp;media=https:\/\/hips.hearstapps.com\/hmg-prod\/images\/cayetano-martinez-de-irujo-and-barbara-mirjan-in-the-news-photo-1759486723.pjpeg?resize=1600:*\" class=\"pinterest css-on9hn5 e1c1bym14\"><img decoding=\"async\" data-dynamic-svg=\"true\" src=\"https:\/\/www.elle.com\/_assets\/design-tokens\/fre\/static\/icons\/social\/pinterest.e8cf655.svg?primary=%2523ffffff\" loading=\"lazy\" data-testid=\"dynamic-svg-base\" height=\"auto\" width=\"auto\" alt=\"pinterest\" class=\"css-4lml0h e1mlxuuw1\"\/><\/a><\/p>\n<p>Europa Press Entertainment\/\/Getty Images<\/p>\n<p data-journey-content=\"true\" data-node-id=\"11\" class=\"css-6wxqfj emevuu60\">Pese a la diferencia de edad, la pareja ha demostrado que est\u00e1 m\u00e1s que consolidada y su boda de ma\u00f1ana es la prueba de ello. Despu\u00e9s de 10 a\u00f1os de relaci\u00f3n, hemos podido comprobar que B\u00e1rbara <strong data-node-id=\"11.1\">est\u00e1 perfectamente integrada en la Casa de Alba y la hemos visto en varias ocasiones con Eugenia Mart\u00ednez de Irujo o Tana Rivera. <\/strong><\/p>\n<p><img src=\"https:\/\/www.europesays.com\/es\/wp-content\/uploads\/2025\/10\/1759490169_811_ade596ee-932c-4fd8-997c-ab0e77af060a_1668503088.file\" alt=\"Headshot of Sara Alcoceba\" title=\"Headshot of Sara Alcoceba\" width=\"100%\" height=\"100%\" decoding=\"async\" loading=\"lazy\" class=\"css-o0wq4v ev8dhu53\"\/><\/p>\n<p>Sara Alcoceba es experta en estilo, celebrities y moda. No hay estilismo de famosa que le pase desapercibido y es capaz de bucear en todas las webs de las marcas de moda hasta sacar el outfit completo que han llevado a su \u00faltimo evento. De Zara, Mango o H&amp;M hasta la boutique m\u00e1s rec\u00f3ndita: Sara es especialista en contarte de qu\u00e9 visten las famosas y c\u00f3mo llevar su look.\u00a0<\/p>\n<p>Su gran pasi\u00f3n es cubrir la actualidad en alfombras rojas y eventos de moda. De los Oscars a la Gala Met, pasando por el d\u00eda a d\u00eda que comparten influencers y celebrities en sus redes sociales o los photocalls a los que acuden los royals y la alta sociedad. Siempre tiene un ojo puesto en lo que se cuece en Instagram y TikTok.\u00a0<\/p>\n<p>Sara Alcoceba se gradu\u00f3 en Periodismo en la Universidad Carlos III de Madrid y desde entonces se ha especializado en medios de comunicaci\u00f3n digitales, trabajando en revistas de moda y lifestyle. Pas\u00f3 por Cosmopolitan, HOLA y Vanitatis cubriendo actualidad y belleza, y tuvo una temporada muy fitness escribiendo sobre entrenamientos y nutrici\u00f3n en Women\u2019s Health. \u00a0\u00a0<\/p>\n<p>Con una trayectoria de casi una d\u00e9cada en medios digitales, Sara lleva m\u00e1s de 7 a\u00f1os vinculada a ELLE, donde ahora ha tomado las riendas de la secci\u00f3n de Star Style para contarte todo lo que tienes que saber sobre tus famosas favoritas. \u00a0\u00a0<\/p>\n","protected":false},"excerpt":{"rendered":"La Casa de Alba se va de boda. Cayetano Mart\u00ednez de Irujo se casa en segundas nupcias con&hellip;\n","protected":false},"author":2,"featured_media":154767,"comment_status":"","ping_status":"","sticky":false,"template":"","format":"standard","meta":{"footnotes":""},"categories":[91],"tags":[253,146,147,25,24,23],"class_list":{"0":"post-154766","1":"post","2":"type-post","3":"status-publish","4":"format-standard","5":"has-post-thumbnail","7":"category-entretenimiento","8":"tag-discover","9":"tag-entertainment","10":"tag-entretenimiento","11":"tag-es","12":"tag-espana","13":"tag-spain"},"share_on_mastodon":{"url":"","error":""},"_links":{"self":[{"href":"https:\/\/www.europesays.com\/es\/wp-json\/wp\/v2\/posts\/154766","targetHints":{"allow":["GET"]}}],"collection":[{"href":"https:\/\/www.europesays.com\/es\/wp-json\/wp\/v2\/posts"}],"about":[{"href":"https:\/\/www.europesays.com\/es\/wp-json\/wp\/v2\/types\/post"}],"author":[{"embeddable":true,"href":"https:\/\/www.europesays.com\/es\/wp-json\/wp\/v2\/users\/2"}],"replies":[{"embeddable":true,"href":"https:\/\/www.europesays.com\/es\/wp-json\/wp\/v2\/comments?post=154766"}],"version-history":[{"count":0,"href":"https:\/\/www.europesays.com\/es\/wp-json\/wp\/v2\/posts\/154766\/revisions"}],"wp:featuredmedia":[{"embeddable":true,"href":"https:\/\/www.europesays.com\/es\/wp-json\/wp\/v2\/media\/154767"}],"wp:attachment":[{"href":"https:\/\/www.europesays.com\/es\/wp-json\/wp\/v2\/media?parent=154766"}],"wp:term":[{"taxonomy":"category","embeddable":true,"href":"https:\/\/www.europesays.com\/es\/wp-json\/wp\/v2\/categories?post=154766"},{"taxonomy":"post_tag","embeddable":true,"href":"https:\/\/www.europesays.com\/es\/wp-json\/wp\/v2\/tags?post=154766"}],"curies":[{"name":"wp","href":"https:\/\/api.w.org\/{rel}","templated":true}]}}