{"id":154776,"date":"2025-10-03T11:22:14","date_gmt":"2025-10-03T11:22:14","guid":{"rendered":"https:\/\/www.europesays.com\/es\/154776\/"},"modified":"2025-10-03T11:22:14","modified_gmt":"2025-10-03T11:22:14","slug":"el-abanca-ademar-pretende-hacer-bueno-el-punto-ante-el-bidasoa-en-artaleku","status":"publish","type":"post","link":"https:\/\/www.europesays.com\/es\/154776\/","title":{"rendered":"El Abanca Ademar pretende hacer bueno el punto ante el Bidasoa en Artaleku"},"content":{"rendered":"<p>                                    <img decoding=\"async\" loading=\"lazy\" src=\"https:\/\/www.europesays.com\/es\/wp-content\/uploads\/2025\/08\/65f85562cf2a7.jpeg\" alt=\"\u00c1ngel Fraguas\" width=\"40\" height=\"40\" data-full-src=\"https:\/\/www.europesays.com\/es\/wp-content\/uploads\/2025\/08\/65f85562cf2a7.jpeg\"\/><\/p>\n<p class=\"paragraph\">El Abanca Ademar Le\u00f3n mide este s\u00e1bado, a partir de las 18.30 horas en el Palacio de Deportes Urbano Gonz\u00e1lez, su solvencia como local ante un debutante en terreno leon\u00e9s como es Caser\u00edo Ciudad Real, heredero del que fuera rival durante muchos a\u00f1os, en aquellas \u00e9pocas en la lucha por t\u00edtulos.<\/p>\n<p class=\"paragraph\">El conjunto de Daniel Gordo, invicto como visitante -victoria en Cangas y empate en Ir\u00fan frente a Bidasoa- necesita reafirmar su trayectoria en terreno propio despu\u00e9s del tropiezo ante un rival directo por las plazas europeas como Fraikin Granollers.<\/p>\n<p class=\"paragraph\">Ademar seguir\u00e1 contando con las bajas conocidas de los lesionados de larga duraci\u00f3n, \u00c1lex Lodos y el sueco Oscar Lindqvist, adem\u00e1s de que varios jugadores arrastran algunas molestias de las que han mejorado gracias a disponer de m\u00e1s tiempo para la preparaci\u00f3n de este encuentro.<\/p>\n<p class=\"paragraph\">En las filas manchegas llegar\u00e1, como una de sus principales amenazas ofensivas, el lateral derecho vallisoletano David Fern\u00e1ndez, que viviera dos etapas diferentes en el Ademar y que, tras las experiencias fallidas en otros clubes europeos como Wisla Plock o el Porto portugu\u00e9s, ha vuelto a la Liga Asobal en las filas de un reci\u00e9n ascendido con ganas de asentarse en la m\u00e1xima categor\u00eda.<\/p>\n<p class=\"paragraph\">El partido ser\u00e1 dirigido por los colegiados Alberto Murillo Castro y Pablo Garc\u00eda S\u00e1nchez.<\/p>\n","protected":false},"excerpt":{"rendered":"El Abanca Ademar Le\u00f3n mide este s\u00e1bado, a partir de las 18.30 horas en el Palacio de Deportes&hellip;\n","protected":false},"author":2,"featured_media":154777,"comment_status":"","ping_status":"","sticky":false,"template":"","format":"standard","meta":{"footnotes":""},"categories":[278],"tags":[5871,376,46504,168,25,24,375,7600,1675,23,167],"class_list":{"0":"post-154776","1":"post","2":"type-post","3":"status-publish","4":"format-standard","5":"has-post-thumbnail","7":"category-balonmano","8":"tag-ademar","9":"tag-balonmano","10":"tag-david-fernandez-alonso","11":"tag-deportes","12":"tag-es","13":"tag-espana","14":"tag-handball","15":"tag-irun","16":"tag-liga-asobal","17":"tag-spain","18":"tag-sports"},"share_on_mastodon":{"url":"","error":""},"_links":{"self":[{"href":"https:\/\/www.europesays.com\/es\/wp-json\/wp\/v2\/posts\/154776","targetHints":{"allow":["GET"]}}],"collection":[{"href":"https:\/\/www.europesays.com\/es\/wp-json\/wp\/v2\/posts"}],"about":[{"href":"https:\/\/www.europesays.com\/es\/wp-json\/wp\/v2\/types\/post"}],"author":[{"embeddable":true,"href":"https:\/\/www.europesays.com\/es\/wp-json\/wp\/v2\/users\/2"}],"replies":[{"embeddable":true,"href":"https:\/\/www.europesays.com\/es\/wp-json\/wp\/v2\/comments?post=154776"}],"version-history":[{"count":0,"href":"https:\/\/www.europesays.com\/es\/wp-json\/wp\/v2\/posts\/154776\/revisions"}],"wp:featuredmedia":[{"embeddable":true,"href":"https:\/\/www.europesays.com\/es\/wp-json\/wp\/v2\/media\/154777"}],"wp:attachment":[{"href":"https:\/\/www.europesays.com\/es\/wp-json\/wp\/v2\/media?parent=154776"}],"wp:term":[{"taxonomy":"category","embeddable":true,"href":"https:\/\/www.europesays.com\/es\/wp-json\/wp\/v2\/categories?post=154776"},{"taxonomy":"post_tag","embeddable":true,"href":"https:\/\/www.europesays.com\/es\/wp-json\/wp\/v2\/tags?post=154776"}],"curies":[{"name":"wp","href":"https:\/\/api.w.org\/{rel}","templated":true}]}}