{"id":154778,"date":"2025-10-03T11:23:07","date_gmt":"2025-10-03T11:23:07","guid":{"rendered":"https:\/\/www.europesays.com\/es\/154778\/"},"modified":"2025-10-03T11:23:07","modified_gmt":"2025-10-03T11:23:07","slug":"el-novillero-alberto-donaire-recibe-el-alta-hospitalaria","status":"publish","type":"post","link":"https:\/\/www.europesays.com\/es\/154778\/","title":{"rendered":"El novillero Alberto Donaire recibe el alta hospitalaria"},"content":{"rendered":"<p>El novillero <strong>Alberto Donaire<\/strong>, que ha sido sometido a una reversi\u00f3n de colostom\u00eda, ha recibido el alta m\u00e9dica del Hospital Cl\u00ednico Universitario de Valencia. La intervenci\u00f3n ha sido todo un \u00e9xito y su evoluci\u00f3n es satisfactoria. El novillero, que continuar\u00e1 con la recuperaci\u00f3n en su domicilio, volver\u00e1 a una revisi\u00f3n con los cirujanos que le intervinieron, los doctores <strong>Luis Sabater<\/strong> y <strong>David Moro.<\/strong><\/p>\n<p>Cabe recordar que <strong>Alberto Donaire<\/strong> sufri\u00f3 el 6 de octubre de 2024 en la plaza de toros de Valencia uno de los percances m\u00e1s graves de la pasada temporada cuando un novillo le propin\u00f3 una cornada \u00abpor empalamiento y desgarro con rotura de esf\u00ednteres de ano\u00bb. Fue ah\u00ed cuando comenz\u00f3 un largo calvario para el espada riojano afincado en Valencia, a quien esa misma noche se le practic\u00f3 una colostom\u00eda para diferir la evacuaci\u00f3n y evitar el paso de las heces hacia el ano tras la reparaci\u00f3n del gran desgarro de esf\u00ednteres que produjo la grave cornada por empalamiento.<\/p>\n<p><strong>Alberto Donaire<\/strong> prefiri\u00f3 afrontar esta temporada con la colostom\u00eda, que por fin ha sido revertida tras finalizar con sus compromisos profesionales.<\/p>\n","protected":false},"excerpt":{"rendered":"El novillero Alberto Donaire, que ha sido sometido a una reversi\u00f3n de colostom\u00eda, ha recibido el alta m\u00e9dica&hellip;\n","protected":false},"author":2,"featured_media":154779,"comment_status":"","ping_status":"","sticky":false,"template":"","format":"standard","meta":{"footnotes":""},"categories":[277],"tags":[35042,373,168,25,24,23,167,374,444],"class_list":{"0":"post-154778","1":"post","2":"type-post","3":"status-publish","4":"format-standard","5":"has-post-thumbnail","7":"category-toreo","8":"tag-alberto-donaire","9":"tag-bullfighting","10":"tag-deportes","11":"tag-es","12":"tag-espana","13":"tag-spain","14":"tag-sports","15":"tag-toreo","16":"tag-toros"},"share_on_mastodon":{"url":"","error":""},"_links":{"self":[{"href":"https:\/\/www.europesays.com\/es\/wp-json\/wp\/v2\/posts\/154778","targetHints":{"allow":["GET"]}}],"collection":[{"href":"https:\/\/www.europesays.com\/es\/wp-json\/wp\/v2\/posts"}],"about":[{"href":"https:\/\/www.europesays.com\/es\/wp-json\/wp\/v2\/types\/post"}],"author":[{"embeddable":true,"href":"https:\/\/www.europesays.com\/es\/wp-json\/wp\/v2\/users\/2"}],"replies":[{"embeddable":true,"href":"https:\/\/www.europesays.com\/es\/wp-json\/wp\/v2\/comments?post=154778"}],"version-history":[{"count":0,"href":"https:\/\/www.europesays.com\/es\/wp-json\/wp\/v2\/posts\/154778\/revisions"}],"wp:featuredmedia":[{"embeddable":true,"href":"https:\/\/www.europesays.com\/es\/wp-json\/wp\/v2\/media\/154779"}],"wp:attachment":[{"href":"https:\/\/www.europesays.com\/es\/wp-json\/wp\/v2\/media?parent=154778"}],"wp:term":[{"taxonomy":"category","embeddable":true,"href":"https:\/\/www.europesays.com\/es\/wp-json\/wp\/v2\/categories?post=154778"},{"taxonomy":"post_tag","embeddable":true,"href":"https:\/\/www.europesays.com\/es\/wp-json\/wp\/v2\/tags?post=154778"}],"curies":[{"name":"wp","href":"https:\/\/api.w.org\/{rel}","templated":true}]}}